{"id":102659,"date":"2024-09-02T18:15:52","date_gmt":"2024-09-03T00:15:52","guid":{"rendered":"https:\/\/ovelanalista.com\/?p=102659"},"modified":"2024-09-02T12:56:06","modified_gmt":"2024-09-02T18:56:06","slug":"todo-fue-un-invento-dice-rocha-moya-sobre-hechos-del-pasado-jueves","status":"publish","type":"post","link":"https:\/\/ovelanalista.com\/?p=102659","title":{"rendered":"\u201cTodo fue un invento\u201d, dice Rocha Moya sobre hechos del pasado jueves"},"content":{"rendered":"<p>Estefan\u00eda L\u00f3pez<\/p>\n<p class=\"subtitle\">El gobernador de Sinaloa manifest\u00f3 que, a base de mentiras y noticias falsas, fue como se provoc\u00f3 una sicosis el pasado jueves por un supuesto culiacancito que no sucedi\u00f3.<\/p>\n<p>Culiac\u00e1n, Sin. -Durante su semanera de este lunes, el gobernador\u00a0<b>Rub\u00e9n Rocha Moya<\/b>, manifest\u00f3 que los sucesos de psicosis del pasado jueves fueron provocados a base de noticias falsas y mentiras que circularon en\u00a0<b>redes sociales y en medios de comunicaci\u00f3n.<\/b><\/p>\n<p>El pasado 29 de agosto, un\u00a0<b>grupo de civiles<\/b>\u00a0armados realiz\u00f3 una agresi\u00f3n contra elementos del\u00a0<b>Ej\u00e9rcito<\/b>\u00a0en el poblado de Pe\u00f1asco, lo que desencaden\u00f3 un enfrentamiento y posteriormente un bloqueo con veh\u00edculos incendiados en la caseta de la salida norte, en la comunidad de\u00a0<b>El Lim\u00f3n de los Ramos<\/b>.<\/p>\n<p>Al hablar sobre la conversaci\u00f3n generada sobre un supuesto\u00a0<b>culiacanazo<\/b>\u00a0el pasado jueves, el gobernador asever\u00f3 que los sucesos no se trataron de una captura, como se dijo en medios, y tampoco de un atentado contra la integridad de la ciudadan\u00eda.<\/p>\n<p>Dijo que los sucesos se originaron por el encuentro de una patrulla de militares y una camioneta con\u00a0<b>sujetos armados,<\/b>\u00a0quienes despu\u00e9s de huir, reaccionaron en las inmediaciones de la comunidad del\u00a0<b>Lim\u00f3n de los Ramos,\u00a0<\/b>quemando los dos camiones.<\/p>\n<div id=\"standard_9\" class=\"st-placement standard_9 inArticle\"><\/div>\n<p>\u201c<i>Esos camiones y el humo, se dio para que algunos medios a nivel nacional dijeran que ya hab\u00eda otro\u00a0<b>Culiac\u00e1nazo<\/b>\u00a0e inventaron que se hab\u00eda prendido, para que\u00a0<b>Sinaloa<\/b>\u00a0se pusiera nuevamente en el espect\u00e1culo nacional. No hubo m\u00e1s que unos accidentados, no hubo heridos, no hubo ninguna baja\u201d<\/i>, dijo.<\/p>\n<p>Rocha Moya, asegur\u00f3 que\u00a0<b>no hubo mayores afectaciones, ni fallecidos, ni heridos, ni capturas<\/b>.<\/p>\n<p>Adem\u00e1s, hizo un llamado a la poblaci\u00f3n para no creer en todo lo que se publica en\u00a0<b>redes sociales.<\/b><\/p>\n<p>&nbsp;<\/p>\n<p>Con informaci\u00f3n de El Sol de Sinaloa<\/p>\n","protected":false},"excerpt":{"rendered":"<p>Estefan\u00eda L\u00f3pez El gobernador de Sinaloa manifest\u00f3 que, a base de mentiras y noticias falsas, fue como se provoc\u00f3 una sicosis el pasado jueves por un supuesto culiacancito que no sucedi\u00f3. Culiac\u00e1n, Sin. -Durante su semanera de este lunes, el gobernador\u00a0Rub\u00e9n Rocha Moya, manifest\u00f3 que los sucesos de psicosis del pasado jueves fueron provocados a base de noticias falsas y mentiras que circularon en\u00a0redes sociales y en medios de comunicaci\u00f3n. El pasado 29 de agosto, un\u00a0grupo de civiles\u00a0armados realiz\u00f3 una agresi\u00f3n contra elementos del\u00a0Ej\u00e9rcito\u00a0en el poblado de Pe\u00f1asco, lo que desencaden\u00f3 un enfrentamiento y posteriormente un bloqueo con veh\u00edculos incendiados [&hellip;]<\/p>\n","protected":false},"author":3,"featured_media":102661,"comment_status":"open","ping_status":"open","sticky":false,"template":"","format":"standard","meta":{"_jetpack_newsletter_access":"","_jetpack_dont_email_post_to_subs":false,"_jetpack_newsletter_tier_id":0,"_jetpack_memberships_contains_paywalled_content":false,"_jetpack_feature_clip_id":0,"_jetpack_memberships_contains_paid_content":false,"footnotes":"","jetpack_publicize_message":"","jetpack_publicize_feature_enabled":true,"jetpack_social_post_already_shared":true,"jetpack_social_options":{"image_generator_settings":{"template":"highway","default_image_id":0,"font":"","enabled":false},"version":2},"jetpack_post_was_ever_published":false},"categories":[90,72],"tags":[],"class_list":["post-102659","post","type-post","status-publish","format-standard","has-post-thumbnail","hentry","category-estatal","category-portada","post--single"],"jetpack_publicize_connections":[],"jetpack_featured_media_url":"https:\/\/ovelanalista.com\/wp-content\/uploads\/2024\/09\/rocha-moya.jpeg","jetpack_sharing_enabled":true,"_links":{"self":[{"href":"https:\/\/ovelanalista.com\/index.php?rest_route=\/wp\/v2\/posts\/102659","targetHints":{"allow":["GET"]}}],"collection":[{"href":"https:\/\/ovelanalista.com\/index.php?rest_route=\/wp\/v2\/posts"}],"about":[{"href":"https:\/\/ovelanalista.com\/index.php?rest_route=\/wp\/v2\/types\/post"}],"author":[{"embeddable":true,"href":"https:\/\/ovelanalista.com\/index.php?rest_route=\/wp\/v2\/users\/3"}],"replies":[{"embeddable":true,"href":"https:\/\/ovelanalista.com\/index.php?rest_route=%2Fwp%2Fv2%2Fcomments&post=102659"}],"version-history":[{"count":1,"href":"https:\/\/ovelanalista.com\/index.php?rest_route=\/wp\/v2\/posts\/102659\/revisions"}],"predecessor-version":[{"id":102662,"href":"https:\/\/ovelanalista.com\/index.php?rest_route=\/wp\/v2\/posts\/102659\/revisions\/102662"}],"wp:featuredmedia":[{"embeddable":true,"href":"https:\/\/ovelanalista.com\/index.php?rest_route=\/wp\/v2\/media\/102661"}],"wp:attachment":[{"href":"https:\/\/ovelanalista.com\/index.php?rest_route=%2Fwp%2Fv2%2Fmedia&parent=102659"}],"wp:term":[{"taxonomy":"category","embeddable":true,"href":"https:\/\/ovelanalista.com\/index.php?rest_route=%2Fwp%2Fv2%2Fcategories&post=102659"},{"taxonomy":"post_tag","embeddable":true,"href":"https:\/\/ovelanalista.com\/index.php?rest_route=%2Fwp%2Fv2%2Ftags&post=102659"}],"curies":[{"name":"wp","href":"https:\/\/api.w.org\/{rel}","templated":true}]}}