{"id":102683,"date":"2024-09-03T09:58:01","date_gmt":"2024-09-03T15:58:01","guid":{"rendered":"https:\/\/ovelanalista.com\/?p=102683"},"modified":"2024-09-03T09:58:01","modified_gmt":"2024-09-03T15:58:01","slug":"la-comunidad-del-bien-hacer-solicita-al-h-consejo-universitario-no-caer-en-provocaciones-del-congreso-y-gobierno-del-estado","status":"publish","type":"post","link":"https:\/\/ovelanalista.com\/?p=102683","title":{"rendered":"La Comunidad Del Bien Hacer solicita al H. Consejo Universitario no caer en provocaciones del Congreso y Gobierno del Estado\u00a0"},"content":{"rendered":"<div><\/div>\n<div><\/div>\n<div>En virtud de refrendar la lucha en defensa de la Universidad Aut\u00f3noma de Sinaloa (UAS), integrantes de la Comunidad Participante Del Bien Hacer (DBH), solicitaron mediante un documento dirigido al Consejo Universitario, \u00f3rgano m\u00e1ximo de gobierno de esta casa de estudios, no caer en provocaciones de parte de los diputados del Congreso local y Gobierno del Estado.<\/div>\n<div><\/div>\n<div>\u201cLo \u00fanico que pretenden es desestabilizar y difamar el quehacer universitario el cual ha dado contribuciones de alto valor en las \u00faltimas d\u00e9cadas a la sociedad sinaloense, por lo que insistimos que se consideren las determinaciones que sean avaladas por nuestro m\u00e1ximo \u00f3rgano de gobierno\u201d, indic\u00f3.<\/div>\n<div><\/div>\n<div>Lo anterior lo dio a conocer el investigador y docente de la Facultad de Biolog\u00eda, doctor Vicente Olim\u00f3n Andal\u00f3n, quien detall\u00f3 que citado pronunciamiento fue entregado a la Secretar\u00eda General de la Universidad Aut\u00f3noma de Sinaloa (UAS), donde manifiestan su preocupaci\u00f3n en vista de los ataques recibidos por parte del Gobierno de Rub\u00e9n Rocha Moya y recientemente por el Congreso del Estado.<\/div>\n<div><\/div>\n<div>\u201cCon denostaciones que siguen da\u00f1ando la imagen de la Universidad y de los universitarios, as\u00ed tambi\u00e9n ciertos grupos que no representan a los universitarios, ni lo que somos ni lo que hacemos al interior de la Universidad\u201d, detall\u00f3.<\/div>\n<div><\/div>\n<div>Sin embargo, la instituci\u00f3n ha tenido a bien, no perder su rumbo hacia la mejora continua en beneficio del pueblo sinaloense, es con ello que nace el proyecto \u201cPacto Social\u201d, donde positivamente participan trabajadores, alumnos y padres de familia, destac\u00f3 la docente de la Facultad de Enfermer\u00eda Culiac\u00e1n, doctora Cecilia Arellano Morales.<\/div>\n<div><\/div>\n<div><img loading=\"lazy\" decoding=\"async\" class=\" wp-image-102691 alignright\" src=\"https:\/\/ovelanalista.com\/wp-content\/uploads\/2024\/09\/WhatsApp-Image-2024-09-02-at-19.36.14-225x300.jpeg\" alt=\"\" width=\"394\" height=\"525\" srcset=\"https:\/\/ovelanalista.com\/wp-content\/uploads\/2024\/09\/WhatsApp-Image-2024-09-02-at-19.36.14-225x300.jpeg 225w, https:\/\/ovelanalista.com\/wp-content\/uploads\/2024\/09\/WhatsApp-Image-2024-09-02-at-19.36.14-768x1024.jpeg 768w, https:\/\/ovelanalista.com\/wp-content\/uploads\/2024\/09\/WhatsApp-Image-2024-09-02-at-19.36.14-400x533.jpeg 400w, https:\/\/ovelanalista.com\/wp-content\/uploads\/2024\/09\/WhatsApp-Image-2024-09-02-at-19.36.14-750x1000.jpeg 750w, https:\/\/ovelanalista.com\/wp-content\/uploads\/2024\/09\/WhatsApp-Image-2024-09-02-at-19.36.14.jpeg 960w\" sizes=\"auto, (max-width: 394px) 100vw, 394px\" \/><\/div>\n<div>\u201cNuestra finalidad con este proyecto es fomentar la participaci\u00f3n conjunta, sociedad y comunidad universitaria, elevar la calidad integral de la educaci\u00f3n como hasta hoy somos la tercer mejor universidad, estamos en una posici\u00f3n bastante considerable\u201d, resalt\u00f3.<\/div>\n<div><\/div>\n<div>Destac\u00f3 que dentro de estas acciones se encuentran los programas como \u201cReto Mejora\u201d y \u201cJuventud Plena\u201d, en donde en este \u00faltimo el estudiante y parte del comit\u00e9 organizador Karim Quintero Apodaca, precis\u00f3 que en \u00e9l buscan brindar herramientas necesarias para coadyuvar en una formaci\u00f3n integral de los estudiantes.<\/div>\n<div><\/div>\n<div>\u201cEste programa de Juventud Plena est\u00e1 fundamentado en cinco ejes principalmente que son: nutrici\u00f3n, psicolog\u00eda, cultura, deporte y la educaci\u00f3n financiera (\u2026) nosotros como alumnos como parte de la comunidad universitaria participamos brindando estas pl\u00e1ticas que son de joven a joven\u201d, puntualiz\u00f3.<\/div>\n","protected":false},"excerpt":{"rendered":"<p>En virtud de refrendar la lucha en defensa de la Universidad Aut\u00f3noma de Sinaloa (UAS), integrantes de la Comunidad Participante Del Bien Hacer (DBH), solicitaron mediante un documento dirigido al Consejo Universitario, \u00f3rgano m\u00e1ximo de gobierno de esta casa de estudios, no caer en provocaciones de parte de los diputados del Congreso local y Gobierno del Estado. \u201cLo \u00fanico que pretenden es desestabilizar y difamar el quehacer universitario el cual ha dado contribuciones de alto valor en las \u00faltimas d\u00e9cadas a la sociedad sinaloense, por lo que insistimos que se consideren las determinaciones que sean avaladas por nuestro m\u00e1ximo \u00f3rgano [&hellip;]<\/p>\n","protected":false},"author":3,"featured_media":102688,"comment_status":"open","ping_status":"open","sticky":false,"template":"","format":"gallery","meta":{"_jetpack_newsletter_access":"","_jetpack_dont_email_post_to_subs":false,"_jetpack_newsletter_tier_id":0,"_jetpack_memberships_contains_paywalled_content":false,"_jetpack_feature_clip_id":0,"_jetpack_memberships_contains_paid_content":false,"footnotes":"","jetpack_publicize_message":"","jetpack_publicize_feature_enabled":true,"jetpack_social_post_already_shared":true,"jetpack_social_options":{"image_generator_settings":{"template":"highway","default_image_id":0,"font":"","enabled":false},"version":2},"jetpack_post_was_ever_published":false},"categories":[90,72],"tags":[],"class_list":["post-102683","post","type-post","status-publish","format-gallery","has-post-thumbnail","hentry","category-estatal","category-portada","post_format-post-format-gallery","post--single"],"jetpack_publicize_connections":[],"jetpack_featured_media_url":"https:\/\/ovelanalista.com\/wp-content\/uploads\/2024\/09\/PHOTO-2024-09-02-15-00-24.jpg","jetpack_sharing_enabled":true,"_links":{"self":[{"href":"https:\/\/ovelanalista.com\/index.php?rest_route=\/wp\/v2\/posts\/102683","targetHints":{"allow":["GET"]}}],"collection":[{"href":"https:\/\/ovelanalista.com\/index.php?rest_route=\/wp\/v2\/posts"}],"about":[{"href":"https:\/\/ovelanalista.com\/index.php?rest_route=\/wp\/v2\/types\/post"}],"author":[{"embeddable":true,"href":"https:\/\/ovelanalista.com\/index.php?rest_route=\/wp\/v2\/users\/3"}],"replies":[{"embeddable":true,"href":"https:\/\/ovelanalista.com\/index.php?rest_route=%2Fwp%2Fv2%2Fcomments&post=102683"}],"version-history":[{"count":1,"href":"https:\/\/ovelanalista.com\/index.php?rest_route=\/wp\/v2\/posts\/102683\/revisions"}],"predecessor-version":[{"id":102692,"href":"https:\/\/ovelanalista.com\/index.php?rest_route=\/wp\/v2\/posts\/102683\/revisions\/102692"}],"wp:featuredmedia":[{"embeddable":true,"href":"https:\/\/ovelanalista.com\/index.php?rest_route=\/wp\/v2\/media\/102688"}],"wp:attachment":[{"href":"https:\/\/ovelanalista.com\/index.php?rest_route=%2Fwp%2Fv2%2Fmedia&parent=102683"}],"wp:term":[{"taxonomy":"category","embeddable":true,"href":"https:\/\/ovelanalista.com\/index.php?rest_route=%2Fwp%2Fv2%2Fcategories&post=102683"},{"taxonomy":"post_tag","embeddable":true,"href":"https:\/\/ovelanalista.com\/index.php?rest_route=%2Fwp%2Fv2%2Ftags&post=102683"}],"curies":[{"name":"wp","href":"https:\/\/api.w.org\/{rel}","templated":true}]}}