{"id":102699,"date":"2024-09-03T11:00:07","date_gmt":"2024-09-03T17:00:07","guid":{"rendered":"https:\/\/ovelanalista.com\/?p=102699"},"modified":"2024-09-03T10:08:14","modified_gmt":"2024-09-03T16:08:14","slug":"el-recuerdito","status":"publish","type":"post","link":"https:\/\/ovelanalista.com\/?p=102699","title":{"rendered":"El recuerdito"},"content":{"rendered":"<p><strong>La pol\u00edtica en rosa<\/strong><\/p>\n<p><strong>Elsbeth Lenz<\/strong><\/p>\n<p>&nbsp;<\/p>\n<p>Hoy a las 10 de la ma\u00f1ana en el Congreso de la Uni\u00f3n, ya est\u00e1n citados los diputados, las diputadas y les diputades a la bonita Sesi\u00f3n Ordinaria y en el orden del d\u00eda, est\u00e1 ya con letras grandotas, el proyecto de decreto por el que se reforman, adicionan y derogan diversas disposiciones de la Constituci\u00f3n Pol\u00edtica de los Estados Unidos Mexicanos, en materia de reforma del Poder Judicial, es decir que don Amlito, se quiere llevar su recuerdito sexenal, antes de cerrar el tel\u00f3n presidencial.<\/p>\n<p>Ahora bien, la reforma que impulsa el presidente Andr\u00e9s Manuel L\u00f3pez Obrador y que busca trasformarlo, plantea entre otras cosas, que los ministros de la Suprema Corte, as\u00ed como magistrados y jueces, sean elegidos mediante voto popular, esto inspirado en la Constituci\u00f3n liberal de 1857, con la intenci\u00f3n de aumentar la representatividad y legitimidad de estos cargos, habr\u00e1 que ver si esta propuesta, con las condiciones del M\u00e9xico de hoy, contin\u00faa siendo viable.<\/p>\n<p>La reforma tambi\u00e9n pretende, una reducci\u00f3n del n\u00famero de ministros de la Suprema Corte, aqu\u00ed hablamos que de once cristianos, quedar\u00edan solo nueve, adem\u00e1s modifica su periodo en el cargo de 15 a 12 a\u00f1os. Tambi\u00e9n se ha propuesto, la figura de \u201cjueces sin rostro\u201d para proteger la identidad de aquellos que emiten sentencias contra el crimen organizado, ni me quiero imaginar lo que esto generar\u00eda, en el mal sentido y los mexicanos para esos menesteres, somos muy creativos.<\/p>\n<p>Ahora bien, entre que el gobierno federal define la reforma, como una medida para purificar y democratizar el sistema judicial, la oposici\u00f3n y los presuntos expertos, advierten sobre el riesgo de politizaci\u00f3n de la justicia y posibles impactos negativos en la estabilidad institucional y econ\u00f3mica del pa\u00eds\u2026 \u00a1Yisus! Ignoro cuando los mexicanos habremos tenido, una econom\u00eda estable\u2026 Yo no la conoc\u00ed y ya tengo mis a\u00f1os \u00a1Que no!<\/p>\n<p>Y entre que son peras y manzanas, el dolar que se hab\u00eda mantenido bastante constante a la baja; ara\u00f1a ya los 20 pesos y los riesgos de la fuga de capitales extranjeros, suenan y ponen a todo mundo paranoico, adem\u00e1s est\u00e1n los paros marchas y dem\u00e1s parafernalia, que se han gestado, al rededor de la Suprema Corte de Justicia de la Naci\u00f3n.<\/p>\n<p>Y por si todo esto no fuera suficiente, antes de que termine el mes y nuestro querido presidente L\u00f3pez Obrador cierre el tel\u00f3n, nuestros cordiales vecinos del norte, ya est\u00e1n listos para las audiencias de los se\u00f1ores Ismael Zambada, que tendr\u00e1 lugar el 9 de septiembre en Nueva York y Joaqu\u00edn Guzm\u00e1n L\u00f3pez, el d\u00eda 30, ante un Juez federal de Chicago.<\/p>\n<p>Esos bonitos l\u00edderes criminales, que no sabemos si se fueron a entregar all\u00e1 o se autosecuestraron, est\u00e1n listos para soltar la sopa, como los verdaderos grandes y adem\u00e1s, est\u00e1 la confirmaci\u00f3n de que el ilustre Ovidio Guzm\u00e1n Lopez, alias el Rat\u00f3n, l\u00edder de los Chapitos, abandon\u00f3 la prisi\u00f3n esa de maxim\u00edsima seguridad donde estaba y se hizo testigo protegido del gobierno de Estados Unidos \u00a1Una cosa sublime!<\/p>\n<p>A ver si en esas audiencias, no embarran a medio M\u00e9xico, porque de que habr\u00e1 informaci\u00f3n de las redes de tr\u00e1fico, protecci\u00f3n, lavado de dinero y complicidad, seguro habr\u00e1.<\/p>\n<p>As\u00ed que el que se embarr\u00f3 las manitas que \u00a1Dios lo agarre confeso! En fin que con todo esto, a ver en cuanto le sale a do\u00f1a Claudia Sheinbaum, el recuerdito del presidente.<\/p>\n<p>As\u00ed las cosas nos leemos ma\u00f1ana.<\/p>\n<p><strong>Comente politicaenrosa@outlook.com ent\u00e9rate www.lapoliticaenrosa.com y s\u00edgueme en mis redes sociales @elsbeth_lenz<\/strong><\/p>\n","protected":false},"excerpt":{"rendered":"<p>La pol\u00edtica en rosa Elsbeth Lenz &nbsp; Hoy a las 10 de la ma\u00f1ana en el Congreso de la Uni\u00f3n, ya est\u00e1n citados los diputados, las diputadas y les diputades a la bonita Sesi\u00f3n Ordinaria y en el orden del d\u00eda, est\u00e1 ya con letras grandotas, el proyecto de decreto por el que se reforman, adicionan y derogan diversas disposiciones de la Constituci\u00f3n Pol\u00edtica de los Estados Unidos Mexicanos, en materia de reforma del Poder Judicial, es decir que don Amlito, se quiere llevar su recuerdito sexenal, antes de cerrar el tel\u00f3n presidencial. Ahora bien, la reforma que impulsa el [&hellip;]<\/p>\n","protected":false},"author":3,"featured_media":82569,"comment_status":"open","ping_status":"open","sticky":false,"template":"","format":"standard","meta":{"_jetpack_newsletter_access":"","_jetpack_dont_email_post_to_subs":false,"_jetpack_newsletter_tier_id":0,"_jetpack_memberships_contains_paywalled_content":false,"_jetpack_feature_clip_id":0,"_jetpack_memberships_contains_paid_content":false,"footnotes":"","jetpack_publicize_message":"","jetpack_publicize_feature_enabled":true,"jetpack_social_post_already_shared":true,"jetpack_social_options":{"image_generator_settings":{"template":"highway","default_image_id":0,"font":"","enabled":false},"version":2},"jetpack_post_was_ever_published":false},"categories":[79],"tags":[],"class_list":["post-102699","post","type-post","status-publish","format-standard","has-post-thumbnail","hentry","category-columnistas-nacionales","post--single"],"jetpack_publicize_connections":[],"jetpack_featured_media_url":"https:\/\/ovelanalista.com\/wp-content\/uploads\/2023\/10\/Elsbeth-05062020.webp","jetpack_sharing_enabled":true,"_links":{"self":[{"href":"https:\/\/ovelanalista.com\/index.php?rest_route=\/wp\/v2\/posts\/102699","targetHints":{"allow":["GET"]}}],"collection":[{"href":"https:\/\/ovelanalista.com\/index.php?rest_route=\/wp\/v2\/posts"}],"about":[{"href":"https:\/\/ovelanalista.com\/index.php?rest_route=\/wp\/v2\/types\/post"}],"author":[{"embeddable":true,"href":"https:\/\/ovelanalista.com\/index.php?rest_route=\/wp\/v2\/users\/3"}],"replies":[{"embeddable":true,"href":"https:\/\/ovelanalista.com\/index.php?rest_route=%2Fwp%2Fv2%2Fcomments&post=102699"}],"version-history":[{"count":1,"href":"https:\/\/ovelanalista.com\/index.php?rest_route=\/wp\/v2\/posts\/102699\/revisions"}],"predecessor-version":[{"id":102702,"href":"https:\/\/ovelanalista.com\/index.php?rest_route=\/wp\/v2\/posts\/102699\/revisions\/102702"}],"wp:featuredmedia":[{"embeddable":true,"href":"https:\/\/ovelanalista.com\/index.php?rest_route=\/wp\/v2\/media\/82569"}],"wp:attachment":[{"href":"https:\/\/ovelanalista.com\/index.php?rest_route=%2Fwp%2Fv2%2Fmedia&parent=102699"}],"wp:term":[{"taxonomy":"category","embeddable":true,"href":"https:\/\/ovelanalista.com\/index.php?rest_route=%2Fwp%2Fv2%2Fcategories&post=102699"},{"taxonomy":"post_tag","embeddable":true,"href":"https:\/\/ovelanalista.com\/index.php?rest_route=%2Fwp%2Fv2%2Ftags&post=102699"}],"curies":[{"name":"wp","href":"https:\/\/api.w.org\/{rel}","templated":true}]}}