{"id":102703,"date":"2024-09-03T11:25:36","date_gmt":"2024-09-03T17:25:36","guid":{"rendered":"https:\/\/ovelanalista.com\/?p=102703"},"modified":"2024-09-03T10:16:51","modified_gmt":"2024-09-03T16:16:51","slug":"ruben-rocha-moya-asegura-que-sinaloa-esta-tranquilo-me-hinco-para-pedirles-de-favor-que-no-difundan-rumores","status":"publish","type":"post","link":"https:\/\/ovelanalista.com\/?p=102703","title":{"rendered":"Rub\u00e9n Rocha Moya asegura que Sinaloa est\u00e1 tranquilo: \u201cMe hinco para pedirles de favor que no difundan rumores\u201d"},"content":{"rendered":"<p><strong>Rubi Martinez<\/strong><\/p>\n<p class=\"article-subheadline left\">El mandatario estatal se\u00f1al\u00f3 que difundir noticias no verificadas sobre hechos violentos o detenciones ocasiona un grave da\u00f1o al pueblo, tal y como \u201cocurri\u00f3 el pasado jueves\u201d.<\/p>\n<p><b>El gobernador de Sinaloa,\u00a0<\/b>Rub\u00e9n Rocha Moya, asegur\u00f3 que pese a la captura de Ismael \u2018El Mayo\u2019 Zambada y Joaqu\u00edn Guzm\u00e1n L\u00f3pez el pasado 25 de julio, la entidad vive un periodo de\u00a0<b>tranquilidad<\/b>, por lo que pidi\u00f3 a los medios de comunicaci\u00f3n no \u201c<b>magnificar<\/b>\u201d los sucesos de\u00a0<b>violencia\u00a0<\/b>que se puedan presentar.<\/p>\n<p>Durante la tarde del 2 de septiembre, el mandatario estatal dio a conocer que Sinaloa registr\u00f3 un total de\u00a0<b>45 homicidios<\/b>\u00a0durante el mes de<b>\u00a0agosto 2024<\/b>; cinco menos en comparaci\u00f3n al mismo periodo del a\u00f1o pasado. Ello, afirm\u00f3, muestra que la estrategia de seguridad ha ayudado a\u00a0<b>disminuir la violencia<\/b>.<\/p>\n<p>Se\u00f1al\u00f3 que las y los habitantes sinaloenses viven un periodo de tranquilidad, pero que est\u00e1 se ve afectada cuando se difunden rumores o informaci\u00f3n no verificada sobre hechos de seguridad. Como ejemplo, refiri\u00f3 lo ocurrido el pasado\u00a0<b>29 de agosto<\/b>, d\u00eda en el que se crey\u00f3 que se registrar\u00eda un\u00a0<b>tercer \u201cCuliacanazo\u201d<\/b>.<\/p>\n<p class=\"paragraph\" data-mrf-recirculation=\"Links inline\">\u201cEl jueves por ejemplo,\u00a0<b>inventaron que se hab\u00eda detenido a un dirigente criminal\u00a0<\/b>(en referencia a\u00a0<b>Iv\u00e1n Archivaldo\u00a0<\/b>Guzm\u00e1n Salazar).\u00a0<b>Se estaban\u00a0<\/b>relamiendo para que Sinaloa se pusiera en el cuadro del espect\u00e1culo (&#8230;.). No hubo detenidos, no hubo bajas\u201d, declar\u00f3.<\/p>\n<p class=\"visual__image\"><img loading=\"lazy\" decoding=\"async\" class=\"\" src=\"https:\/\/www.infobae.com\/new-resizer\/jS13gXFKfXk0159XLRa1XXsx7vw=\/420x280\/filters:format(webp):quality(85)\/cloudfront-us-east-1.images.arcpublishing.com\/infobae\/MCSG2JQRDAUUDWO55BWOSQXXTM.jpg%20420w\" sizes=\"auto, (min-width: 1560px) 856px, (min-width: 1000px) calc(74.63vw - 293px), (min-width: 780px) calc(100vw - 376px), (min-width: 580px) calc(100vw - 32px), 100vw\" srcset=\"https:\/\/www.infobae.com\/new-resizer\/jS13gXFKfXk0159XLRa1XXsx7vw=\/420x280\/filters:format(webp):quality(85)\/cloudfront-us-east-1.images.arcpublishing.com\/infobae\/MCSG2JQRDAUUDWO55BWOSQXXTM.jpg 420w,https:\/\/www.infobae.com\/new-resizer\/oOyssCLQRuttfTA9MOMaD0cBUHU=\/768x512\/filters:format(webp):quality(85)\/cloudfront-us-east-1.images.arcpublishing.com\/infobae\/MCSG2JQRDAUUDWO55BWOSQXXTM.jpg 768w,https:\/\/www.infobae.com\/new-resizer\/G6b5x4ztE32ypiLtJBm8YI349TE=\/992x661\/filters:format(webp):quality(85)\/cloudfront-us-east-1.images.arcpublishing.com\/infobae\/MCSG2JQRDAUUDWO55BWOSQXXTM.jpg 992w,https:\/\/www.infobae.com\/new-resizer\/acIrp7WQhR3ALg71QCUgsh0wnEs=\/1200x800\/filters:format(webp):quality(85)\/cloudfront-us-east-1.images.arcpublishing.com\/infobae\/MCSG2JQRDAUUDWO55BWOSQXXTM.jpg 1200w,https:\/\/www.infobae.com\/new-resizer\/BmfV5ynJ_9k1TqNR_YVwR5q2oWc=\/1440x960\/filters:format(webp):quality(85)\/cloudfront-us-east-1.images.arcpublishing.com\/infobae\/MCSG2JQRDAUUDWO55BWOSQXXTM.jpg 1440w\" alt=\"Culiac\u00e1n, 29 de agosto de 2024. (REUTERS\/Jesus Bustamante)\" width=\"5500\" height=\"3667\" data-src=\"https:\/\/www.infobae.com\/new-resizer\/jS13gXFKfXk0159XLRa1XXsx7vw=\/420x280\/filters:format(webp):quality(85)\/cloudfront-us-east-1.images.arcpublishing.com\/infobae\/MCSG2JQRDAUUDWO55BWOSQXXTM.jpg 420w\" \/>Culiac\u00e1n, 29 de agosto de 2024. (REUTERS\/Jesus Bustamante)<\/p>\n<p>&nbsp;<\/p>\n<p>Expres\u00f3 que los bloqueos y quema de veh\u00edculos reportados en la sindicatura de Jes\u00fas Mar\u00eda \u2015al norte de Culiac\u00e1n\u2015 y la localidad de El Lim\u00f3n de los Ramos, cerca de la carretera M\u00e9xico 15, fue resultado de una persecuci\u00f3n en Paredones, luego de que el Ej\u00e9rcito Mexicano se encontr\u00f3 a civiles armados durante un recorrido de seguridad; un hecho que, apunt\u00f3,\u00a0<b>ocurre regularmente<\/b>.<\/p>\n<p>&nbsp;<\/p>\n<p class=\"paragraph\" data-mrf-recirculation=\"Links inline\">\u201cLo que hubo ah\u00ed llam\u00f3 la atenci\u00f3n a los amigos de lo que iban persiguiendo y que estaban cerca del Lim\u00f3n y quemaron camiones\u201d, explic\u00f3.<\/p>\n<div class=\"headline-wrapper\">\n<h2 class=\"header headline-class-h2\">\u201cNo pongamos en riesgo a la poblaci\u00f3n\u201d<\/h2>\n<\/div>\n<p class=\"paragraph\" data-mrf-recirculation=\"Links inline\">En esa l\u00ednea, Rocha Moya pidi\u00f3 a los medios de comunicaci\u00f3n y poblaci\u00f3n en general no difundir informaci\u00f3n que no sea confirmada por las propias autoridades.<\/p>\n<p class=\"paragraph\" data-mrf-recirculation=\"Links inline\">\u201cEs fundamental que nos traten con la consideraci\u00f3n de la verdad, no otra consideraci\u00f3n. Por favor, cuando ponen ustedes la seguridad f\u00edsica, la vida de los sinaloenses, por favor\u00a0<b>no difundan mentiras ni rumores<\/b>, es muy importante que se compruebe\u201d, solicit\u00f3.<\/p>\n<p class=\"paragraph\" data-mrf-recirculation=\"Links inline\">Relat\u00f3 que tras los hechos ocurridos el jueves, algunos padres de familia dudaron en enviar a sus hijos e hijas a la escuela, pues ten\u00edan el temor de que ocurriera algo m\u00e1s grave.<\/p>\n<p class=\"paragraph\" data-mrf-recirculation=\"Links inline\">\u201cNo saben el da\u00f1o que le ocasionan al pueblo. Me hinco para pedirles, de favor, no difundan rumores\u201d, agreg\u00f3.<\/p>\n<div class=\"visual__image\"><img loading=\"lazy\" decoding=\"async\" class=\"\" src=\"https:\/\/www.infobae.com\/new-resizer\/vWVql82aGlT6e3kMn9vpb2P18Vc=\/420x236\/filters:format(webp):quality(85)\/cloudfront-us-east-1.images.arcpublishing.com\/infobae\/WK6NOBNKNFAMFH2HUK4XJ2JIHQ.jpg%20420w\" sizes=\"auto, (min-width: 1560px) 856px, (min-width: 1000px) calc(74.63vw - 293px), (min-width: 780px) calc(100vw - 376px), (min-width: 580px) calc(100vw - 32px), 100vw\" srcset=\"https:\/\/www.infobae.com\/new-resizer\/vWVql82aGlT6e3kMn9vpb2P18Vc=\/420x236\/filters:format(webp):quality(85)\/cloudfront-us-east-1.images.arcpublishing.com\/infobae\/WK6NOBNKNFAMFH2HUK4XJ2JIHQ.jpg 420w,https:\/\/www.infobae.com\/new-resizer\/-_Qlms3LNoagSstXsG26dfr20Jo=\/768x432\/filters:format(webp):quality(85)\/cloudfront-us-east-1.images.arcpublishing.com\/infobae\/WK6NOBNKNFAMFH2HUK4XJ2JIHQ.jpg 768w,https:\/\/www.infobae.com\/new-resizer\/zQ9-BgZos0kFE7zEEsL7a2K-2aQ=\/992x558\/filters:format(webp):quality(85)\/cloudfront-us-east-1.images.arcpublishing.com\/infobae\/WK6NOBNKNFAMFH2HUK4XJ2JIHQ.jpg 992w,https:\/\/www.infobae.com\/new-resizer\/X6dAZ8Fk3PTcrA_6rEegmy7gr-c=\/1200x675\/filters:format(webp):quality(85)\/cloudfront-us-east-1.images.arcpublishing.com\/infobae\/WK6NOBNKNFAMFH2HUK4XJ2JIHQ.jpg 1200w,https:\/\/www.infobae.com\/new-resizer\/_SGqSLKhoL3ghz1hGWQTzE51ins=\/1440x810\/filters:format(webp):quality(85)\/cloudfront-us-east-1.images.arcpublishing.com\/infobae\/WK6NOBNKNFAMFH2HUK4XJ2JIHQ.jpg 1440w\" alt=\"Rub\u00e9n Rocha Moya asegur\u00f3 estar dispuesto a colaborar. FOTO: JOS\u00c9 BETANZOS\/CUARTOSCURO.COM\" width=\"1920\" height=\"1080\" data-src=\"https:\/\/www.infobae.com\/new-resizer\/vWVql82aGlT6e3kMn9vpb2P18Vc=\/420x236\/filters:format(webp):quality(85)\/cloudfront-us-east-1.images.arcpublishing.com\/infobae\/WK6NOBNKNFAMFH2HUK4XJ2JIHQ.jpg 420w\" data-wp-editing=\"1\" \/><\/div>\n<p class=\"paragraph\" data-mrf-recirculation=\"Links inline\">En cuanto a la\u00a0<b>alerta de viaje\u00a0<\/b>emitida por el gobierno de\u00a0<b>Estados Unidos<\/b>, declar\u00f3 que no hay raz\u00f3n alguna, pues Sinaloa ha mejorado en materia de seguridad durante el presente a\u00f1o.<\/p>\n<p class=\"paragraph\" data-mrf-recirculation=\"Links inline\">Cabe recordar que, tras la detenci\u00f3n de ambos l\u00edderes del\u00a0<b>C\u00e1rtel de Sinaloa<\/b>\u00a0en El Paso, Texas, la poblaci\u00f3n ha estado a la expectativa de que se pueda registrar alg\u00fan enfrentamiento entre las facciones de la organizaci\u00f3n criminal. Sin embargo, de acuerdo con las autoridades, hasta el momento no se ha reportado ning\u00fan hecho violento relacionado a la organizaci\u00f3n criminal.<\/p>\n<div class=\"visual__image\"><img loading=\"lazy\" decoding=\"async\" class=\"\" src=\"https:\/\/www.infobae.com\/new-resizer\/3oDrBOtjcy6zyWfhhhY99ZCKv9c=\/420x236\/filters:format(webp):quality(85)\/cloudfront-us-east-1.images.arcpublishing.com\/infobae\/FQ6TKTKDPJGKBIDMRVKRPPOD5Y.jpg%20420w\" sizes=\"auto, (min-width: 1560px) 856px, (min-width: 1000px) calc(74.63vw - 293px), (min-width: 780px) calc(100vw - 376px), (min-width: 580px) calc(100vw - 32px), 100vw\" srcset=\"https:\/\/www.infobae.com\/new-resizer\/3oDrBOtjcy6zyWfhhhY99ZCKv9c=\/420x236\/filters:format(webp):quality(85)\/cloudfront-us-east-1.images.arcpublishing.com\/infobae\/FQ6TKTKDPJGKBIDMRVKRPPOD5Y.jpg 420w,https:\/\/www.infobae.com\/new-resizer\/zSRdxcz8JO1OQ0Blq2AOBNr6pXo=\/768x432\/filters:format(webp):quality(85)\/cloudfront-us-east-1.images.arcpublishing.com\/infobae\/FQ6TKTKDPJGKBIDMRVKRPPOD5Y.jpg 768w,https:\/\/www.infobae.com\/new-resizer\/wUhuIF5Omw9fEmMNJL7e60znkLI=\/992x558\/filters:format(webp):quality(85)\/cloudfront-us-east-1.images.arcpublishing.com\/infobae\/FQ6TKTKDPJGKBIDMRVKRPPOD5Y.jpg 992w,https:\/\/www.infobae.com\/new-resizer\/yNRn2S1hTYtaSsvwzmdJsnGeE_s=\/1200x675\/filters:format(webp):quality(85)\/cloudfront-us-east-1.images.arcpublishing.com\/infobae\/FQ6TKTKDPJGKBIDMRVKRPPOD5Y.jpg 1200w,https:\/\/www.infobae.com\/new-resizer\/jwOjHpjrUUSymgpQUmJl2rpxvN0=\/1440x810\/filters:format(webp):quality(85)\/cloudfront-us-east-1.images.arcpublishing.com\/infobae\/FQ6TKTKDPJGKBIDMRVKRPPOD5Y.jpg 1440w\" alt=\"El C\u00e1rtel de Sinaloa se contin\u00faa fracturando, seg\u00fan expertos. (Jovani P\u00e9rez | Infobae M\u00e9xico)\" width=\"1920\" height=\"1080\" data-src=\"https:\/\/www.infobae.com\/new-resizer\/3oDrBOtjcy6zyWfhhhY99ZCKv9c=\/420x236\/filters:format(webp):quality(85)\/cloudfront-us-east-1.images.arcpublishing.com\/infobae\/FQ6TKTKDPJGKBIDMRVKRPPOD5Y.jpg 420w\" \/>El C\u00e1rtel de Sinaloa se contin\u00faa fracturando, seg\u00fan expertos. (Jovani P\u00e9rez | Infobae M\u00e9xico)<\/div>\n<p>&nbsp;<\/p>\n<p>&nbsp;<\/p>\n<p>Con informaci\u00f3n de Infobae<\/p>\n","protected":false},"excerpt":{"rendered":"<p>Rubi Martinez El mandatario estatal se\u00f1al\u00f3 que difundir noticias no verificadas sobre hechos violentos o detenciones ocasiona un grave da\u00f1o al pueblo, tal y como \u201cocurri\u00f3 el pasado jueves\u201d. El gobernador de Sinaloa,\u00a0Rub\u00e9n Rocha Moya, asegur\u00f3 que pese a la captura de Ismael \u2018El Mayo\u2019 Zambada y Joaqu\u00edn Guzm\u00e1n L\u00f3pez el pasado 25 de julio, la entidad vive un periodo de\u00a0tranquilidad, por lo que pidi\u00f3 a los medios de comunicaci\u00f3n no \u201cmagnificar\u201d los sucesos de\u00a0violencia\u00a0que se puedan presentar. Durante la tarde del 2 de septiembre, el mandatario estatal dio a conocer que Sinaloa registr\u00f3 un total de\u00a045 homicidios\u00a0durante el mes [&hellip;]<\/p>\n","protected":false},"author":3,"featured_media":102706,"comment_status":"open","ping_status":"open","sticky":false,"template":"","format":"standard","meta":{"_jetpack_newsletter_access":"","_jetpack_dont_email_post_to_subs":false,"_jetpack_newsletter_tier_id":0,"_jetpack_memberships_contains_paywalled_content":false,"_jetpack_feature_clip_id":0,"_jetpack_memberships_contains_paid_content":false,"footnotes":"","jetpack_publicize_message":"","jetpack_publicize_feature_enabled":true,"jetpack_social_post_already_shared":true,"jetpack_social_options":{"image_generator_settings":{"template":"highway","default_image_id":0,"font":"","enabled":false},"version":2},"jetpack_post_was_ever_published":false},"categories":[90,75,72],"tags":[],"class_list":["post-102703","post","type-post","status-publish","format-standard","has-post-thumbnail","hentry","category-estatal","category-nacional","category-portada","post--single"],"jetpack_publicize_connections":[],"jetpack_featured_media_url":"https:\/\/ovelanalista.com\/wp-content\/uploads\/2024\/09\/Captura-de-Pantalla-2024-09-03-a-las-9.15.33.png","jetpack_sharing_enabled":true,"_links":{"self":[{"href":"https:\/\/ovelanalista.com\/index.php?rest_route=\/wp\/v2\/posts\/102703","targetHints":{"allow":["GET"]}}],"collection":[{"href":"https:\/\/ovelanalista.com\/index.php?rest_route=\/wp\/v2\/posts"}],"about":[{"href":"https:\/\/ovelanalista.com\/index.php?rest_route=\/wp\/v2\/types\/post"}],"author":[{"embeddable":true,"href":"https:\/\/ovelanalista.com\/index.php?rest_route=\/wp\/v2\/users\/3"}],"replies":[{"embeddable":true,"href":"https:\/\/ovelanalista.com\/index.php?rest_route=%2Fwp%2Fv2%2Fcomments&post=102703"}],"version-history":[{"count":1,"href":"https:\/\/ovelanalista.com\/index.php?rest_route=\/wp\/v2\/posts\/102703\/revisions"}],"predecessor-version":[{"id":102707,"href":"https:\/\/ovelanalista.com\/index.php?rest_route=\/wp\/v2\/posts\/102703\/revisions\/102707"}],"wp:featuredmedia":[{"embeddable":true,"href":"https:\/\/ovelanalista.com\/index.php?rest_route=\/wp\/v2\/media\/102706"}],"wp:attachment":[{"href":"https:\/\/ovelanalista.com\/index.php?rest_route=%2Fwp%2Fv2%2Fmedia&parent=102703"}],"wp:term":[{"taxonomy":"category","embeddable":true,"href":"https:\/\/ovelanalista.com\/index.php?rest_route=%2Fwp%2Fv2%2Fcategories&post=102703"},{"taxonomy":"post_tag","embeddable":true,"href":"https:\/\/ovelanalista.com\/index.php?rest_route=%2Fwp%2Fv2%2Ftags&post=102703"}],"curies":[{"name":"wp","href":"https:\/\/api.w.org\/{rel}","templated":true}]}}