{"id":103092,"date":"2024-09-06T20:30:23","date_gmt":"2024-09-07T02:30:23","guid":{"rendered":"https:\/\/ovelanalista.com\/?p=103092"},"modified":"2024-09-06T19:12:29","modified_gmt":"2024-09-07T01:12:29","slug":"ejidatarios-reabren-arco-norte-tras-cinco-dias-de-bloqueo","status":"publish","type":"post","link":"https:\/\/ovelanalista.com\/?p=103092","title":{"rendered":"Ejidatarios reabren Arco Norte tras cinco d\u00edas de bloqueo"},"content":{"rendered":"<p>Ejidatarios de tres entidades decidieron retirar este viernes por la ma\u00f1ana el bloqueo que manten\u00edan en la autopista Arco Norte.<\/p>\n<p><strong>Ejidatarios<\/strong>\u00a0de Hidalgo, Tlaxcala y Estado de M\u00e9xico decidieron\u00a0<strong>retirar<\/strong>\u00a0el\u00a0<strong>bloqueo<\/strong>\u00a0que manten\u00edan en la\u00a0<strong>autopista Arco Norte<\/strong>, tras cinco d\u00edas de protesta.<\/p>\n<p>https:\/\/x.com\/lopezdoriga\/status\/1832131150355058722?ref_src=twsrc%5Etfw%7Ctwcamp%5Etweetembed%7Ctwterm%5E1832131150355058722%7Ctwgr%5Ee8c29f831ec2379a9cd18fc070a73c021e8377b8%7Ctwcon%5Es1_c10&#038;ref_url=https%3A%2F%2Flopezdoriga.com%2Fnacional%2Fejidatarios-reabren-arco-norte-cinco-dias-bloqueo%2F<\/p>\n<p>Los inconformes decidieron retirar el bloqueo sobre el kil\u00f3metro 146 en punto de las 10:00 h, luego de que autoridades sostuvieran un di\u00e1logo con ellos.<\/p>\n<p>Los ejidatarios reclamaban el pago de sus tierras que desde hace 12 a\u00f1os fueron utilizadas para el paso de dicha autopista.<\/p>\n<p>https:\/\/x.com\/arconorte\/status\/1832081892918862185?ref_src=twsrc%5Etfw%7Ctwcamp%5Etweetembed%7Ctwterm%5E1832081892918862185%7Ctwgr%5Ee8c29f831ec2379a9cd18fc070a73c021e8377b8%7Ctwcon%5Es1_c10&#038;ref_url=https%3A%2F%2Flopezdoriga.com%2Fnacional%2Fejidatarios-reabren-arco-norte-cinco-dias-bloqueo%2F<\/p>\n<p>Finalmente, decidieron que entablar\u00e1n un di\u00e1logo en la Secretar\u00eda de Gobernaci\u00f3n (Segob).<\/p>\n<p><a href=\"https:\/\/lopezdoriga.com\/nacional\/acomoden-bien-ahi-amlo-ejidatarios-bloquean-arco-norte\/\" target=\"_blank\" rel=\"noopener\">En la previa<\/a>, el presidente\u00a0<strong>Andr\u00e9s Manuel\u00a0L\u00f3pez Obrador<\/strong>\u00a0dej\u00f3 en claro a\u00a0<strong>ejidatarios<\/strong>\u00a0que realizaban esta protesta en el Arco Norte\u00a0que su Gobierno\u00a0no ceder\u00eda\u00a0a\u00a0chantajes, y que se les pagar\u00eda lo justo.<\/p>\n<p>\u201cQue se acomoden bien ah\u00ed, lo que diga mi dedito, no vamos a aceptar chantajes de nadie\u201d, asever\u00f3 el tabasque\u00f1o en el Sal\u00f3n Tesorer\u00eda.<\/p>\n<p>\u201cSi tienen raz\u00f3n y es justo, los atendemos. Nosotros somos pueblo, somos como ellos\u201d, enfatiz\u00f3.<\/p>\n<div id=\"ros-inread-multiple-w07p7d\" class=\"ad-container dfp-ad-unit ad-inread ad-slot\" data-ad-type=\"inreadbox\" data-slot=\"inread-multiple\" data-ad-loaded=\"1\" data-ad-setup=\"{&quot;postID&quot;:1649407,&quot;canRefresh&quot;:false,&quot;infinitescroll&quot;:false}\" data-google-query-id=\"CKT7_5PTr4gDFfrH4wcdM5gb4A\"><\/div>\n<div data-ad-type=\"inreadbox\" data-slot=\"inread-multiple\" data-ad-loaded=\"1\" data-ad-setup=\"{&quot;postID&quot;:1649407,&quot;canRefresh&quot;:false,&quot;infinitescroll&quot;:false}\" data-google-query-id=\"CKT7_5PTr4gDFfrH4wcdM5gb4A\">Con informaci\u00f3n de Exc\u00e9lsior<\/div>\n","protected":false},"excerpt":{"rendered":"<p>Ejidatarios de tres entidades decidieron retirar este viernes por la ma\u00f1ana el bloqueo que manten\u00edan en la autopista Arco Norte. Ejidatarios\u00a0de Hidalgo, Tlaxcala y Estado de M\u00e9xico decidieron\u00a0retirar\u00a0el\u00a0bloqueo\u00a0que manten\u00edan en la\u00a0autopista Arco Norte, tras cinco d\u00edas de protesta. https:\/\/x.com\/lopezdoriga\/status\/1832131150355058722?ref_src=twsrc%5Etfw%7Ctwcamp%5Etweetembed%7Ctwterm%5E1832131150355058722%7Ctwgr%5Ee8c29f831ec2379a9cd18fc070a73c021e8377b8%7Ctwcon%5Es1_c10&#038;ref_url=https%3A%2F%2Flopezdoriga.com%2Fnacional%2Fejidatarios-reabren-arco-norte-cinco-dias-bloqueo%2F Los inconformes decidieron retirar el bloqueo sobre el kil\u00f3metro 146 en punto de las 10:00 h, luego de que autoridades sostuvieran un di\u00e1logo con ellos. Los ejidatarios reclamaban el pago de sus tierras que desde hace 12 a\u00f1os fueron utilizadas para el paso de dicha autopista. https:\/\/x.com\/arconorte\/status\/1832081892918862185?ref_src=twsrc%5Etfw%7Ctwcamp%5Etweetembed%7Ctwterm%5E1832081892918862185%7Ctwgr%5Ee8c29f831ec2379a9cd18fc070a73c021e8377b8%7Ctwcon%5Es1_c10&#038;ref_url=https%3A%2F%2Flopezdoriga.com%2Fnacional%2Fejidatarios-reabren-arco-norte-cinco-dias-bloqueo%2F Finalmente, decidieron que entablar\u00e1n un di\u00e1logo en la Secretar\u00eda de Gobernaci\u00f3n (Segob). En la [&hellip;]<\/p>\n","protected":false},"author":3,"featured_media":103095,"comment_status":"open","ping_status":"open","sticky":false,"template":"","format":"standard","meta":{"_jetpack_newsletter_access":"","_jetpack_dont_email_post_to_subs":false,"_jetpack_newsletter_tier_id":0,"_jetpack_memberships_contains_paywalled_content":false,"_jetpack_feature_clip_id":0,"_jetpack_memberships_contains_paid_content":false,"footnotes":"","jetpack_publicize_message":"","jetpack_publicize_feature_enabled":true,"jetpack_social_post_already_shared":true,"jetpack_social_options":{"image_generator_settings":{"template":"highway","default_image_id":0,"font":"","enabled":false},"version":2},"jetpack_post_was_ever_published":false},"categories":[75,72],"tags":[],"class_list":["post-103092","post","type-post","status-publish","format-standard","has-post-thumbnail","hentry","category-nacional","category-portada","post--single"],"jetpack_publicize_connections":[],"jetpack_featured_media_url":"https:\/\/ovelanalista.com\/wp-content\/uploads\/2024\/09\/reabren-arco-norte-bloqueo-ejidatarios.webp","jetpack_sharing_enabled":true,"_links":{"self":[{"href":"https:\/\/ovelanalista.com\/index.php?rest_route=\/wp\/v2\/posts\/103092","targetHints":{"allow":["GET"]}}],"collection":[{"href":"https:\/\/ovelanalista.com\/index.php?rest_route=\/wp\/v2\/posts"}],"about":[{"href":"https:\/\/ovelanalista.com\/index.php?rest_route=\/wp\/v2\/types\/post"}],"author":[{"embeddable":true,"href":"https:\/\/ovelanalista.com\/index.php?rest_route=\/wp\/v2\/users\/3"}],"replies":[{"embeddable":true,"href":"https:\/\/ovelanalista.com\/index.php?rest_route=%2Fwp%2Fv2%2Fcomments&post=103092"}],"version-history":[{"count":1,"href":"https:\/\/ovelanalista.com\/index.php?rest_route=\/wp\/v2\/posts\/103092\/revisions"}],"predecessor-version":[{"id":103096,"href":"https:\/\/ovelanalista.com\/index.php?rest_route=\/wp\/v2\/posts\/103092\/revisions\/103096"}],"wp:featuredmedia":[{"embeddable":true,"href":"https:\/\/ovelanalista.com\/index.php?rest_route=\/wp\/v2\/media\/103095"}],"wp:attachment":[{"href":"https:\/\/ovelanalista.com\/index.php?rest_route=%2Fwp%2Fv2%2Fmedia&parent=103092"}],"wp:term":[{"taxonomy":"category","embeddable":true,"href":"https:\/\/ovelanalista.com\/index.php?rest_route=%2Fwp%2Fv2%2Fcategories&post=103092"},{"taxonomy":"post_tag","embeddable":true,"href":"https:\/\/ovelanalista.com\/index.php?rest_route=%2Fwp%2Fv2%2Ftags&post=103092"}],"curies":[{"name":"wp","href":"https:\/\/api.w.org\/{rel}","templated":true}]}}