{"id":103097,"date":"2024-09-06T20:45:33","date_gmt":"2024-09-07T02:45:33","guid":{"rendered":"https:\/\/ovelanalista.com\/?p=103097"},"modified":"2024-09-06T19:14:35","modified_gmt":"2024-09-07T01:14:35","slug":"biden-recibira-al-primer-ministro-britanico-starmer-el-13-de-septiembre-en-la-casa-blanca","status":"publish","type":"post","link":"https:\/\/ovelanalista.com\/?p=103097","title":{"rendered":"Biden recibir\u00e1 al primer ministro brit\u00e1nico Starmer el 13 de septiembre en la Casa Blanca"},"content":{"rendered":"<p>Joe Biden recibir\u00e1 al primer ministro brit\u00e1nico, Keir Starmer, para hablar del apoyo a Ucrania o del acuerdo para un alto el fuego en Gaza.<\/p>\n<p>El presidente de Estados Unidos,\u00a0<strong>Joe Biden<\/strong>, recibir\u00e1 el pr\u00f3ximo viernes al\u00a0<a href=\"https:\/\/x.com\/Keir_Starmer\" target=\"_blank\" rel=\"noopener noreferrer\">primer ministro<\/a>\u00a0brit\u00e1nico,\u00a0<strong>Keir Starmer<\/strong>, para hablar del apoyo a\u00a0<a href=\"https:\/\/lopezdoriga.com\/internacional\/ucrania-apela-a-la-onu-tras-la-difusion-de-un-video-con-la-decapitacion-de-un-soldado\/\" target=\"_blank\" rel=\"noopener\"><strong>Ucrania<\/strong><\/a>\u00a0o del acuerdo para un alto el fuego en\u00a0<strong>Gaza,<\/strong>\u00a0indic\u00f3 la\u00a0<strong>Casa<\/strong>\u00a0<strong>Blanca<\/strong>.<\/p>\n<p>La\u00a0<strong>Presidencia<\/strong>\u00a0estadounidense se\u00f1al\u00f3 en un comunicado que se trata de la segunda vez que se encuentran en la\u00a0<strong>Casa Blanca<\/strong>\u00a0desde que el l\u00edder brit\u00e1nico asumi\u00f3 el cargo el pasado 5 de julio. La primera tuvo lugar en el marco de la celebraci\u00f3n de la cumbre de la\u00a0<strong>OTAN<\/strong>, apenas una semana despu\u00e9s de llegar al poder.<\/p>\n<figure id=\"attachment_1637647\" class=\"wp-caption aligncenter\" aria-labelledby=\"figcaption_attachment_1637647\"><img loading=\"lazy\" decoding=\"async\" class=\"size-large wp-image-1637647 img-responsive perfmatters-lazy entered pmloaded\" title=\"\" src=\"https:\/\/i0.wp.com\/lopezdoriga.com\/wp-content\/uploads\/2024\/07\/joe-biden-16.jpg?resize=1024%2C664&amp;ssl=1\" sizes=\"auto, (max-width: 1024px) 100vw, 1024px\" srcset=\"https:\/\/i0.wp.com\/lopezdoriga.com\/wp-content\/uploads\/2024\/07\/joe-biden-16-scaled.jpg?resize=1024%2C664&amp;ssl=1 1024w, https:\/\/i0.wp.com\/lopezdoriga.com\/wp-content\/uploads\/2024\/07\/joe-biden-16-scaled.jpg?resize=300%2C195&amp;ssl=1 300w, https:\/\/i0.wp.com\/lopezdoriga.com\/wp-content\/uploads\/2024\/07\/joe-biden-16-scaled.jpg?resize=768%2C498&amp;ssl=1 768w, https:\/\/i0.wp.com\/lopezdoriga.com\/wp-content\/uploads\/2024\/07\/joe-biden-16-scaled.jpg?resize=1536%2C996&amp;ssl=1 1536w, https:\/\/i0.wp.com\/lopezdoriga.com\/wp-content\/uploads\/2024\/07\/joe-biden-16-scaled.jpg?resize=2048%2C1328&amp;ssl=1 2048w\" alt=\"Biden recibir\u00e1 al primer ministro brit\u00e1nico Starmer el 13 de septiembre en la Casa Blanca - joe-biden-16-1024x664\" width=\"1024\" height=\"664\" data-recalc-dims=\"1\" data-src=\"https:\/\/i0.wp.com\/lopezdoriga.com\/wp-content\/uploads\/2024\/07\/joe-biden-16.jpg?resize=1024%2C664&amp;ssl=1\" data-srcset=\"https:\/\/i0.wp.com\/lopezdoriga.com\/wp-content\/uploads\/2024\/07\/joe-biden-16-scaled.jpg?resize=1024%2C664&amp;ssl=1 1024w, https:\/\/i0.wp.com\/lopezdoriga.com\/wp-content\/uploads\/2024\/07\/joe-biden-16-scaled.jpg?resize=300%2C195&amp;ssl=1 300w, https:\/\/i0.wp.com\/lopezdoriga.com\/wp-content\/uploads\/2024\/07\/joe-biden-16-scaled.jpg?resize=768%2C498&amp;ssl=1 768w, https:\/\/i0.wp.com\/lopezdoriga.com\/wp-content\/uploads\/2024\/07\/joe-biden-16-scaled.jpg?resize=1536%2C996&amp;ssl=1 1536w, https:\/\/i0.wp.com\/lopezdoriga.com\/wp-content\/uploads\/2024\/07\/joe-biden-16-scaled.jpg?resize=2048%2C1328&amp;ssl=1 2048w\" data-sizes=\"(max-width: 1024px) 100vw, 1024px\" data-ll-status=\"loaded\" \/><\/figure>\n<p>Biden\u00a0y\u00a0Starmer,\u00a0seg\u00fan la nota, mantendr\u00e1n una discusi\u00f3n profunda sobre una variedad de temas globales de inter\u00e9s mutuo, como el apoyo a\u00a0Ucrania\u00a0en su defensa de la agresi\u00f3n rusa y el cierre de un acuerdo de alto el fuego y liberaci\u00f3n de los rehenes en\u00a0Gaza.<\/p>\n<p>Tambi\u00e9n hablar\u00e1n de c\u00f3mo proteger el comercio internacional en el\u00a0Mar Rojo\u00a0de las amenazas de los hut\u00edes apoyados por Ir\u00e1n y de los esfuerzos en favor de un Indopac\u00edfico \u201clibre y abierto\u201d.<\/p>\n<p>Los dos mandatarios abordar\u00e1n igualmente oportunidades para fortalecer la cooperaci\u00f3n bilateral en cambio clim\u00e1tico y cadenas de suministro y Biden, seg\u00fan la\u00a0Casa Blanca, subrayar\u00e1 la importancia de reforzar la \u201cespecial relaci\u00f3n\u201d entre sus dos pa\u00edses.<\/p>\n<p>Con informaci\u00f3n de EFE<\/p>\n","protected":false},"excerpt":{"rendered":"<p>Joe Biden recibir\u00e1 al primer ministro brit\u00e1nico, Keir Starmer, para hablar del apoyo a Ucrania o del acuerdo para un alto el fuego en Gaza. El presidente de Estados Unidos,\u00a0Joe Biden, recibir\u00e1 el pr\u00f3ximo viernes al\u00a0primer ministro\u00a0brit\u00e1nico,\u00a0Keir Starmer, para hablar del apoyo a\u00a0Ucrania\u00a0o del acuerdo para un alto el fuego en\u00a0Gaza,\u00a0indic\u00f3 la\u00a0Casa\u00a0Blanca. La\u00a0Presidencia\u00a0estadounidense se\u00f1al\u00f3 en un comunicado que se trata de la segunda vez que se encuentran en la\u00a0Casa Blanca\u00a0desde que el l\u00edder brit\u00e1nico asumi\u00f3 el cargo el pasado 5 de julio. La primera tuvo lugar en el marco de la celebraci\u00f3n de la cumbre de la\u00a0OTAN, apenas una semana [&hellip;]<\/p>\n","protected":false},"author":3,"featured_media":103098,"comment_status":"open","ping_status":"open","sticky":false,"template":"","format":"standard","meta":{"_jetpack_newsletter_access":"","_jetpack_dont_email_post_to_subs":false,"_jetpack_newsletter_tier_id":0,"_jetpack_memberships_contains_paywalled_content":false,"_jetpack_feature_clip_id":0,"_jetpack_memberships_contains_paid_content":false,"footnotes":"","jetpack_publicize_message":"","jetpack_publicize_feature_enabled":true,"jetpack_social_post_already_shared":true,"jetpack_social_options":{"image_generator_settings":{"template":"highway","default_image_id":0,"font":"","enabled":false},"version":2},"jetpack_post_was_ever_published":false},"categories":[89,72],"tags":[],"class_list":["post-103097","post","type-post","status-publish","format-standard","has-post-thumbnail","hentry","category-internacional","category-portada","post--single"],"jetpack_publicize_connections":[],"jetpack_featured_media_url":"https:\/\/ovelanalista.com\/wp-content\/uploads\/2024\/09\/biden-recibira-al-primer-ministro-britanico-starmer-el-13-de-septiembre-en-la-casa-blanca-scaled-1.webp","jetpack_sharing_enabled":true,"_links":{"self":[{"href":"https:\/\/ovelanalista.com\/index.php?rest_route=\/wp\/v2\/posts\/103097","targetHints":{"allow":["GET"]}}],"collection":[{"href":"https:\/\/ovelanalista.com\/index.php?rest_route=\/wp\/v2\/posts"}],"about":[{"href":"https:\/\/ovelanalista.com\/index.php?rest_route=\/wp\/v2\/types\/post"}],"author":[{"embeddable":true,"href":"https:\/\/ovelanalista.com\/index.php?rest_route=\/wp\/v2\/users\/3"}],"replies":[{"embeddable":true,"href":"https:\/\/ovelanalista.com\/index.php?rest_route=%2Fwp%2Fv2%2Fcomments&post=103097"}],"version-history":[{"count":1,"href":"https:\/\/ovelanalista.com\/index.php?rest_route=\/wp\/v2\/posts\/103097\/revisions"}],"predecessor-version":[{"id":103099,"href":"https:\/\/ovelanalista.com\/index.php?rest_route=\/wp\/v2\/posts\/103097\/revisions\/103099"}],"wp:featuredmedia":[{"embeddable":true,"href":"https:\/\/ovelanalista.com\/index.php?rest_route=\/wp\/v2\/media\/103098"}],"wp:attachment":[{"href":"https:\/\/ovelanalista.com\/index.php?rest_route=%2Fwp%2Fv2%2Fmedia&parent=103097"}],"wp:term":[{"taxonomy":"category","embeddable":true,"href":"https:\/\/ovelanalista.com\/index.php?rest_route=%2Fwp%2Fv2%2Fcategories&post=103097"},{"taxonomy":"post_tag","embeddable":true,"href":"https:\/\/ovelanalista.com\/index.php?rest_route=%2Fwp%2Fv2%2Ftags&post=103097"}],"curies":[{"name":"wp","href":"https:\/\/api.w.org\/{rel}","templated":true}]}}