{"id":103110,"date":"2024-09-07T11:21:59","date_gmt":"2024-09-07T17:21:59","guid":{"rendered":"https:\/\/ovelanalista.com\/?p=103110"},"modified":"2024-09-07T11:21:59","modified_gmt":"2024-09-07T17:21:59","slug":"expresiones-del-gobernador-siembran-por-lo-menos-dudas-sobre-lo-que-esta-pasado-con-el","status":"publish","type":"post","link":"https:\/\/ovelanalista.com\/?p=103110","title":{"rendered":"Expresiones del Gobernador siembran, por lo menos dudas sobre lo que est\u00e1 pasado con \u00e9l"},"content":{"rendered":"<p><em><strong>*Expresiones del Gobernador siembran, por lo menos dudas sobre lo que est\u00e1 pasado con \u00e9l<\/strong><\/em><br \/>\n<em><strong>*Ayer dijo que para \u00e9l \u201cser\u00eda el mayor \u00e9xito de su vida terminar como Gobernador\u201d y pidi\u00f3 que pidan porque llegue con vida al 2027\u201d.<\/strong><\/em><br \/>\n<em><strong>*O est\u00e1n preparando una \u201csalida por enfermedad\u201d del Gobernador o enfrenta alg\u00fan tipo de enfermedad que no se sabe o est\u00e1 amenazado. Siembran dudas sus expresiones<\/strong><\/em><br \/>\n<em><strong>*Nadie duda las grandes presiones que se le dejaron venir al Gobernador tras los hechos del pasado 25 de julio en Culiac\u00e1n<\/strong><\/em><br \/>\n<em><strong>*Las instalaciones de la Polic\u00eda Ministerial aparecen con un \u201ccerco\u201d militar de seguridad ante el temor de recibir un ataque<\/strong><\/em><br \/>\n<em><strong>*El \u00e9xodo de habitantes de la zona serrana de El Rosario es tan real que se habla de m\u00e1s de 400 personas que han abandonado esa regi\u00f3n<\/strong><\/em><br \/>\n<em><strong>*La alcaldesa de El Rosario Claudia Valdez prefiere huir de los medios que dar a conocer su opini\u00f3n sobre lo que sucede en la zona serrana<\/strong><\/em><br \/>\n<em><strong>*Advierte diputado Gene Boj\u00f3rquez que diputados del Congreso intentan vulnerar la autonom\u00eda de la UAS con una encuesta que pretenden realizar el 11 y 12 de septiembre<\/strong><\/em><br \/>\n<em><strong>*Los senadores de Morena y sus aliados buscan rodeados de polic\u00edas y en una sede alterna aprobar la reforma judicial. 43 legisladores de oposici\u00f3n podr\u00edan frenarlos<\/strong><\/em><\/p>\n<p><em><strong>\u00bfQu\u00e9 quiso decir el Gobernador?.<\/strong>\u00a0<\/em>Rub\u00e9n Rocha Moya es un hombre de 75 a\u00f1os de edad. Se le ve sano. Tiene seg\u00fan se sabe, enfermedades propias de su edad, como es la hipertensi\u00f3n y al parecer diabetes. Ambas controladas. Pero ayer cuando expres\u00f3 que: \u201cEl mayor \u00e9xito de la vida va ser terminar con vida de Gobernador, ese va ser mi \u00e9xito\u201d. Por lo menos llama la atenci\u00f3n de que algo no le est\u00e1 funcionando bien. O se siente mal de salud o padece alguna enfermedad que p\u00fablicamente no se sabe. Y siembra m\u00e1s dudas cuando pidi\u00f3 ayer que \u201csi creen en Dios o en alguna religi\u00f3n, pidan que llegue con vida al 2027\u201d, a\u00f1o en que concluye su sexenio.<\/p>\n<p>\u00bfA que se refiere el Gobernador?. Y dadas las condiciones actuales que se viven en Sinaloa tras el caso de Ismael Zambada y Joaqu\u00edn Guzm\u00e1n L\u00f3pez. Que se complic\u00f3 a\u00fan m\u00e1s con el asesinato de Melesio Cuen Ojeda su adversario pol\u00edtico n\u00famero uno, el Gobernador podr\u00eda estar telegrafiando que est\u00e1 amenazado. Claro que debe ser muy complicado para \u00e9l lo sucedido el 25 de julio fecha en la que Zambada y Guzm\u00e1n L\u00f3pez aparecieron en Estados Unidos donde fueron detenidos. Y ese mismo d\u00eda fue asesinado Cuen Ojeda. M\u00e1s con la carta de Zambada en la que dio a conocer que acudi\u00f3 a una reuni\u00f3n con el Gobernador y Cuen Ojeda y que ah\u00ed fue donde lo \u201csecuestraron\u201d sometieron y obligaron a trasladarse a Estados Unidos. M\u00e1s se complicaron las cosas para el Gobernador cuando la Fiscal\u00eda General de Sinaloa present\u00f3 un video en donde supuestamente Cuen Ojeda sufri\u00f3 un intento de despojo de veh\u00edculo en una gasolinera y este video fue evidenciado por la Fiscal\u00eda General de la Rep\u00fablica que concluy\u00f3 en una de sus partes de la investigaci\u00f3n que Cuen Ojeda fue asesinado en el mismo sitio en donde sucedi\u00f3 lo de Zambada y Guzm\u00e1n L\u00f3pez.<\/p>\n<p>&nbsp;<\/p>\n<p>Y m\u00e1s presi\u00f3n debi\u00f3 de sentir Rocha Moya cuando se vio obligado a retirar a su Fiscal Sara Bruna Qui\u00f1onez. Las presiones que debe haber sentido y a\u00fan persisten nadie se las puede imaginar. Y es que a Rocha Moya le fall\u00f3 en su momento \u201cel manejo de crisis\u201d. Y posteriormente le fall\u00f3 tambi\u00e9n la operaci\u00f3n de esta crisis que le sigue causando un deterioro en imagen tanto de \u00e9l como de su gobierno. Rocha Moya tiene todav\u00eda por recorrer la mitad de su sexenio. Pero el golpe recibido por los sucesos del 25 de julio y el hecho de que la seguridad en Sinaloa pende de un hilo, es m\u00e1s que suficiente para estar bajo una presi\u00f3n descomunal.<\/p>\n<p><em><strong>Crece incertidumbre.<\/strong><\/em>\u00a0Que las fuerzas federales que est\u00e1n concentradas en Culiac\u00e1n, hayan tendido un \u201ccerco\u201d alrededor de las instalaciones de la Polic\u00eda de Investigaciones de Sinaloa, no es poca cosa. Y que se realizara a ra\u00edz de un posible intento de liberaci\u00f3n de dos sujetos detenidos tras un enfrentamiento a balazos entre militares y civiles, solo aumenta la tensi\u00f3n que se vive en la capital del estado.<\/p>\n<p>Hasta ayer ninguna autoridad hab\u00eda dado a conocer la identidad de los dos civiles detenidos. Pero esos hechos se suman a los sucesos violentos que se han multiplicado en las \u00faltimas semanas despu\u00e9s del caso Ismael Zambada.<\/p>\n<p><em><strong>\u00c9xodo por la violencia.<\/strong><\/em>\u00a0Hay quienes hablan de m\u00e1s de 400 personas que han abandonado la sierra rosarense ante la violencia desatada en esa regi\u00f3n. Mientras el temor invade a los pobladores serranos, la alcaldesa de El Rosario Claudia Valdez decidi\u00f3 poner en pr\u00e1ctica la pol\u00edtica del avestruz. Acudi\u00f3 ayer a la reuni\u00f3n de la \u201cmesa de la Paz\u201d llevada a cabo en\u00a0<a class=\"google-anno\" href=\"https:\/\/sinaloaenlinea.com\/en-el-blanco-por-fernando-zepeda-h-226\/#\">\u00a0<span class=\"google-anno-t\">Mazatl\u00e1n<\/span><\/a>. Y al salir, ni detuvo su paso para atender los cuestionamientos de los medios de comunicaci\u00f3n y sus breves respuestas evidenciaron que la seguridad en el municipio se le sali\u00f3 de las manos.<\/p>\n<p>Apenas logr\u00f3 articular que fue la Secretar\u00eda de Seguridad Publica en el estado quien dio la informaci\u00f3n y est\u00e1 a cargo del tema. El \u00e9xodo de personas que huyen de la violencia en la sierra de El Rosario, no para a pesar de la presencia de militares, Guardia Nacional y polic\u00eda estatal.<\/p>\n<p><em><strong>Intenta Congreso forzar a la UAS.<\/strong><\/em>\u00a0El diputado del Partido Sinaloense Gene Boj\u00f3rquez adelant\u00f3 que el Congreso del Estado, particularmente los diputados morenistas, quieren forzar una encuesta al interior de la UAS en busca de que se decida reformar la Ley Org\u00e1nica de la universidad. Boj\u00f3rquez incluso mostr\u00f3 un documento que habla de que los d\u00edas 11 y 12 de septiembre es cuando el Congreso pretende llevar a cabo la famosa encuesta.<\/p>\n<p>Desde el Congreso hubo quienes desmintieron al diputado Boj\u00f3rquez. Sin embargo, el encargado del despacho de la rector\u00eda de la UAS Robespierre Liz\u00e1rraga dio a conocer un nuevo comunicado en el que se pide al Presidente L\u00f3pez Obrador su intervenci\u00f3n para evitar una nueva arremetida contra la universidad por parte del Congreso del Estado que busca vulnerar la autonom\u00eda. Sinaloa no esta para mayores esc\u00e1ndalos. Pareciera que para quienes en el Congreso del Estado las cosas est\u00e1n bien y agravar el enfrentamiento con la UAS sin duda pudiera desatar otras consecuencias. Ya los diputados de la actual legislatura est\u00e1n viviendo sus \u00faltimos d\u00edas como legisladores. Ya se acab\u00f3 su periodo. \u00bfQu\u00e9 buscan?.<\/p>\n<p><em><strong>Panorama complicado.<\/strong>\u00a0<\/em>Rodeados de polic\u00edas, los senadores se preparan para abordar el tema de la reforma judicial en una sede alterna en Xicot\u00e9ncatl. Parece que las cosas se les est\u00e1n complicando a los senadores morenistas y sus aliados del PT y Partido Verde. No es un paseo de campo como lo fue en la C\u00e1mara de Diputados donde con la supermayor\u00eda avalada por las autoridades electorales sacaron sin despeinarse la reforma judicial.<\/p>\n<p>En la C\u00e1mara de Senadores est\u00e1 la lucha por alcanzar la mayor\u00eda contra los 43 legisladores de oposici\u00f3n que han adelantado su voto en contra. Un solo voto es la diferencia. Y algo se complic\u00f3 al grado de que L\u00f3pez Obrador comenz\u00f3 a llamar a los senadores para que \u201cvoten sin presi\u00f3n\u201d y por \u201cconciencia\u201d. Atr\u00e1s parece que qued\u00f3 la sonrisa de Gerardo Fern\u00e1ndez Noro\u00f1a que hab\u00eda afirmado que ya estaba lista la mayor\u00eda para sacar en Senadores la reforma. Pero algo seguramente har\u00e1n los del partido oficial y el gobierno de la 4T para que su reforma que orden\u00f3 el Presidente salga adelante. As\u00ed sea violando la Constituci\u00f3n. Al fin que: No vayan a salir de que la Ley es la Ley.<\/p>\n","protected":false},"excerpt":{"rendered":"<p>*Expresiones del Gobernador siembran, por lo menos dudas sobre lo que est\u00e1 pasado con \u00e9l *Ayer dijo que para \u00e9l \u201cser\u00eda el mayor \u00e9xito de su vida terminar como Gobernador\u201d y pidi\u00f3 que pidan porque llegue con vida al 2027\u201d. *O est\u00e1n preparando una \u201csalida por enfermedad\u201d del Gobernador o enfrenta alg\u00fan tipo de enfermedad que no se sabe o est\u00e1 amenazado. Siembran dudas sus expresiones *Nadie duda las grandes presiones que se le dejaron venir al Gobernador tras los hechos del pasado 25 de julio en Culiac\u00e1n *Las instalaciones de la Polic\u00eda Ministerial aparecen con un \u201ccerco\u201d militar de [&hellip;]<\/p>\n","protected":false},"author":3,"featured_media":92500,"comment_status":"open","ping_status":"open","sticky":false,"template":"","format":"standard","meta":{"_jetpack_newsletter_access":"","_jetpack_dont_email_post_to_subs":false,"_jetpack_newsletter_tier_id":0,"_jetpack_memberships_contains_paywalled_content":false,"_jetpack_feature_clip_id":0,"_jetpack_memberships_contains_paid_content":false,"footnotes":"","jetpack_publicize_message":"","jetpack_publicize_feature_enabled":true,"jetpack_social_post_already_shared":true,"jetpack_social_options":{"image_generator_settings":{"template":"highway","default_image_id":0,"font":"","enabled":false},"version":2},"jetpack_post_was_ever_published":false},"categories":[79],"tags":[],"class_list":["post-103110","post","type-post","status-publish","format-standard","has-post-thumbnail","hentry","category-columnistas-nacionales","post--single"],"jetpack_publicize_connections":[],"jetpack_featured_media_url":"https:\/\/ovelanalista.com\/wp-content\/uploads\/2024\/03\/Fernando-Zepeda-Hurtado-300x150-1.png","jetpack_sharing_enabled":true,"_links":{"self":[{"href":"https:\/\/ovelanalista.com\/index.php?rest_route=\/wp\/v2\/posts\/103110","targetHints":{"allow":["GET"]}}],"collection":[{"href":"https:\/\/ovelanalista.com\/index.php?rest_route=\/wp\/v2\/posts"}],"about":[{"href":"https:\/\/ovelanalista.com\/index.php?rest_route=\/wp\/v2\/types\/post"}],"author":[{"embeddable":true,"href":"https:\/\/ovelanalista.com\/index.php?rest_route=\/wp\/v2\/users\/3"}],"replies":[{"embeddable":true,"href":"https:\/\/ovelanalista.com\/index.php?rest_route=%2Fwp%2Fv2%2Fcomments&post=103110"}],"version-history":[{"count":1,"href":"https:\/\/ovelanalista.com\/index.php?rest_route=\/wp\/v2\/posts\/103110\/revisions"}],"predecessor-version":[{"id":103111,"href":"https:\/\/ovelanalista.com\/index.php?rest_route=\/wp\/v2\/posts\/103110\/revisions\/103111"}],"wp:featuredmedia":[{"embeddable":true,"href":"https:\/\/ovelanalista.com\/index.php?rest_route=\/wp\/v2\/media\/92500"}],"wp:attachment":[{"href":"https:\/\/ovelanalista.com\/index.php?rest_route=%2Fwp%2Fv2%2Fmedia&parent=103110"}],"wp:term":[{"taxonomy":"category","embeddable":true,"href":"https:\/\/ovelanalista.com\/index.php?rest_route=%2Fwp%2Fv2%2Fcategories&post=103110"},{"taxonomy":"post_tag","embeddable":true,"href":"https:\/\/ovelanalista.com\/index.php?rest_route=%2Fwp%2Fv2%2Ftags&post=103110"}],"curies":[{"name":"wp","href":"https:\/\/api.w.org\/{rel}","templated":true}]}}