{"id":103748,"date":"2024-09-14T10:45:25","date_gmt":"2024-09-14T16:45:25","guid":{"rendered":"https:\/\/ovelanalista.com\/?p=103748"},"modified":"2024-09-14T10:34:06","modified_gmt":"2024-09-14T16:34:06","slug":"amlo-respalda-a-sinaloa-tras-cancelar-festejos-del-grito-de-independencia-se-suspendio-por-prudencia","status":"publish","type":"post","link":"https:\/\/ovelanalista.com\/?p=103748","title":{"rendered":"AMLO \u2018respalda\u2019 a Sinaloa tras cancelar festejos del Grito de Independencia: \u2018Se suspendi\u00f3 por prudencia\u2019"},"content":{"rendered":"<p class=\"c-heading b-subheadline\">Estos son los temas m\u00e1s importantes de la conferencia matutina del presidente L\u00f3pez Obrador este viernes.<\/p>\n<p class=\"default__StyledText-sc-kkhi2r-0 cZzhZb body-paragraph\">El\u00a0<b>presidente Andr\u00e9s Manuel L\u00f3pez Obrador\u00a0<\/b>encabeza su\u00a0<a href=\"https:\/\/www.elfinanciero.com.mx\/nacional\/2024\/09\/12\/amlo-mananera-temas-hoy-12-de-septiembre-2024-en-vivo\/\" target=\"_blank\" rel=\"noopener\">conferencia \u2018ma\u00f1anera\u2019 de este viernes<\/a>\u00a013 de septiembre de 2024 desde Palacio Nacional, en compa\u00f1\u00eda de Ariadna Montiel, secretaria del Bienestar.<\/p>\n<h2 class=\"heading__StyledHeading-sc-1yxtfv0-0 dQdSuo\">\u2018No impacta en nada\u2019: AMLO tras cierre de Coca Cola en Morelos<\/h2>\n<p class=\"default__StyledText-sc-kkhi2r-0 cZzhZb body-paragraph\">L\u00f3pez Obrador tambi\u00e9n fue cuestionado sobre el\u00a0<a href=\"https:\/\/www.elfinanciero.com.mx\/empresas\/2024\/09\/12\/coca-cola-femsa-suspende-operaciones-en-regiones-de-morelos-por-inseguridad\/\" target=\"_blank\" rel=\"noopener\">cierre de Coca-Cola Femsa en Morelos<\/a>\u00a0debido a la inseguridad.<\/p>\n<div id=\"arcad-feature-9550\" class=\"default__StyledAdUnit-sc-ijbiyl-0 gfhWHb arcad-feature margin-md-bottom \">\n<div id=\"\" class=\"arcad-container\">\n<div id=\"lazy_3\">\n<div id=\"inread_oop\" class=\"arcad ad-1x1\"><\/div>\n<\/div>\n<\/div>\n<\/div>\n<p class=\"default__StyledText-sc-kkhi2r-0 cZzhZb body-paragraph\">\u201c<b>No impacta en nada<\/b>\u201d, asegur\u00f3 AMLO y critic\u00f3 que se hizo un esc\u00e1ndalo en redes sociales por esta situaci\u00f3n y agreg\u00f3 que la empresa no pidi\u00f3 apoyo, sino que solo tomaron la decisi\u00f3n.<\/p>\n<p>La empresa inform\u00f3 que esta medida se tom\u00f3 para garantizar la seguridad de sus colaboradores y ser\u00e1 levantada una vez que las condiciones de seguridad se estabilicen.<\/p>\n<p class=\"default__StyledText-sc-kkhi2r-0 cZzhZb body-paragraph\">El<b>\u00a0aumento de hechos delictivos en Puente de Ixtla\u00a0<\/b>ha generado preocupaci\u00f3n entre los empresarios debido a la creciente inseguridad en la zona.<\/p>\n<h2 class=\"heading__StyledHeading-sc-1yxtfv0-0 dQdSuo\">\u2018El Mayo\u2019 Zambada se declara no culpable, \u00bfqu\u00e9 dijo AMLO?<\/h2>\n<p class=\"default__StyledText-sc-kkhi2r-0 cZzhZb body-paragraph\"><a href=\"https:\/\/www.elfinanciero.com.mx\/nacional\/2024\/09\/13\/juicio-de-el-mayo-zambada-se-declara-no-culpable-en-nueva-york\/\" target=\"_blank\" rel=\"noopener\">Ismael \u2018El Mayo\u2019 Zambada se declar\u00f3 \u2018no culpable\u2019 de los cargos que se le imputan<\/a>\u00a0en un juzgado de Nueva York.<\/p>\n<p class=\"default__StyledText-sc-kkhi2r-0 cZzhZb body-paragraph\">Al ser cuestionado sobre este tema,\u00a0<b>AMLO asegur\u00f3 que ser\u00e1 necesario esperar\u00a0<\/b>debido a que apenas est\u00e1 iniciando el proceso.<\/p>\n<p class=\"default__StyledText-sc-kkhi2r-0 cZzhZb body-paragraph\">\u201cHay que esperar a tener toda la informaci\u00f3n\u201d, agreg\u00f3 el presidente. En tanto, el cofundador del C\u00e1rtel de Sinaloa enfrenta cargos por conspiraci\u00f3n para asesinato, narcotr\u00e1fico, pertenencia a banda armada y posesi\u00f3n de armas.<\/p>\n<div id=\"arcad-feature-9260\" class=\"default__StyledAdUnit-sc-ijbiyl-0 gfhWHb arcad-feature margin-md-bottom \">\n<div id=\"\" class=\"arcad-container\">\n<div id=\"lazy_5\">\n<div id=\"box_banner4\" class=\"arcad ad-300x250\"><\/div>\n<\/div>\n<\/div>\n<\/div>\n<p class=\"default__StyledText-sc-kkhi2r-0 cZzhZb body-paragraph\">Se trata de la primera comparecencia de\u00a0<a href=\"https:\/\/www.elfinanciero.com.mx\/nacional\/2024\/09\/12\/el-mayo-zambada-comparecera-este-viernes-en-corte-de-nueva-york-que-le-espera\/\" target=\"_blank\" rel=\"noopener\">Zambada en Nueva York<\/a>, a donde fue\u00a0<b>trasladado desde Texas.<\/b><\/p>\n<p>https:\/\/x.com\/ElFinanciero_Mx\/status\/1834616420887396362?ref_src=twsrc%5Etfw%7Ctwcamp%5Etweetembed%7Ctwterm%5E1834616420887396362%7Ctwgr%5E8cebf878ad08a02f62cc92dda14d83999d420a81%7Ctwcon%5Es1_c10&#038;ref_url=https%3A%2F%2Fwww.elfinanciero.com.mx%2Fnacional%2F2024%2F09%2F13%2Famlo-mananera-temas-hoy-13-septiembre-2024-en-vivo%2F<\/p>\n<h2 class=\"heading__StyledHeading-sc-1yxtfv0-0 dQdSuo\">\u00bfC\u00f3mo va la situaci\u00f3n en Sinaloa? Esto dijo AMLO tras suspensi\u00f3n del \u2018Grito\u2019 de Independencia<\/h2>\n<p class=\"default__StyledText-sc-kkhi2r-0 cZzhZb body-paragraph\">Al ser cuestionado sobre la\u00a0<a href=\"https:\/\/www.elfinanciero.com.mx\/estados\/2024\/09\/13\/violencia-en-sinaloa-alcanza-a-durango-cierran-autopista-mazatlan-dgo-por-hombres-armados\/\" target=\"_blank\" rel=\"noopener\">semana de violencia en Culiac\u00e1n<\/a>, AMLO reconoci\u00f3 estos hechos y asegur\u00f3 que se debe a enfrentamiento entre dos grupos del crimen organizado.<\/p>\n<p class=\"default__StyledText-sc-kkhi2r-0 cZzhZb body-paragraph fi-aic_280\">L\u00f3pez Obrador agreg\u00f3 que\u00a0<b>se est\u00e1 atendiendo la situaci\u00f3n\u00a0<\/b>con la presencia de los elementos de fuerzas armadas para evitar estos conflictos.<\/p>\n<p class=\"default__StyledText-sc-kkhi2r-0 cZzhZb body-paragraph\">Ante la cancelaci\u00f3n de los festejos por el<a href=\"https:\/\/www.elfinanciero.com.mx\/entretenimiento\/2024\/09\/12\/violencia-en-sinaloa-cancelan-concierto-gratis-de-pepe-y-angela-aguilar-para-grito-del-15-de-septiembre\/\" target=\"_blank\" rel=\"noopener\">\u00a0\u2018Grito\u2019 de Independencia en Sinaloa<\/a>, el presidente respald\u00f3 la decisi\u00f3n y dijo que fue una decisi\u00f3n prudente.<\/p>\n<p class=\"default__StyledText-sc-kkhi2r-0 cZzhZb body-paragraph\">\u201cSe est\u00e1 atendiendo el asunto en Sinaloa,\u00a0<b>la confrontaci\u00f3n que existe no tan abierta, tan frontal,<\/b>\u00a0pero s\u00ed hay pocos enfrentamientos. Por eso hay una movilizaci\u00f3n de las fuerzas armadas para proteger a la gente y tambi\u00e9n para evitar la confrontaci\u00f3n\u201d, agreg\u00f3 AMLO y recalc\u00f3 que se mantendr\u00e1 la presencia de elementos de la Secretar\u00eda de la Defensa Nacional (Sedena), Secretar\u00eda de Marina (Semar) y la Guardia Nacional (GN).<\/p>\n<p>https:\/\/x.com\/ElFinanciero_Mx\/status\/1834614460532576534?ref_src=twsrc%5Etfw%7Ctwcamp%5Etweetembed%7Ctwterm%5E1834614460532576534%7Ctwgr%5E8cebf878ad08a02f62cc92dda14d83999d420a81%7Ctwcon%5Es1_c10&#038;ref_url=https%3A%2F%2Fwww.elfinanciero.com.mx%2Fnacional%2F2024%2F09%2F13%2Famlo-mananera-temas-hoy-13-septiembre-2024-en-vivo%2F<\/p>\n<h2 class=\"heading__StyledHeading-sc-1yxtfv0-0 dQdSuo\">\u00bfC\u00f3mo va la reactivaci\u00f3n econ\u00f3mica en Acapulco?<\/h2>\n<p class=\"default__StyledText-sc-kkhi2r-0 cZzhZb body-paragraph\">A casi un a\u00f1o del\u00a0<a href=\"https:\/\/www.elfinanciero.com.mx\/economia\/2024\/06\/17\/reconstruccion-electrica-por-huracan-otis-fue-equivalente-al-5-de-las-utilidades-de-cfe-durante-2023\/\" target=\"_blank\" rel=\"noopener\">paso del hurac\u00e1n\u00a0<i>Otis<\/i>\u00a0en Acapulco<\/a>, la secretaria del Bienestar, Ariadna Montiel, inform\u00f3 c\u00f3mo van los trabajos de reactivaci\u00f3n econ\u00f3mica y los apoyos a los habitantes.<\/p>\n<p class=\"default__StyledText-sc-kkhi2r-0 cZzhZb body-paragraph fi-aic_280\">Hasta el momento hay\u00a0<b>221 hoteles reabiertos con 10 mil 870 habitaciones disponibles.\u00a0<\/b>El 97 por ciento de los comercios est\u00e1n reactivados, as\u00ed como 292 tiendas de cadenas abiertas y 62 bancos en funcionamiento.<\/p>\n<p class=\"default__StyledText-sc-kkhi2r-0 cZzhZb body-paragraph\">Se entregaron 250 mil paquetes de enseres electrodom\u00e9sticos que incluyen refrigerador, estufa, colch\u00f3n, vajilla, ventilador y licuadora.<\/p>\n<p class=\"default__StyledText-sc-kkhi2r-0 cZzhZb body-paragraph\">Como parte de las<b>\u00a0labores de reconstrucci\u00f3n<\/b>\u00a0se han hecho 64 acciones de agua potable y saneamiento, con 776 millones de pesos de inversi\u00f3n social.<\/p>\n<p>https:\/\/x.com\/ElFinanciero_Mx\/status\/1834595819174941084?ref_src=twsrc%5Etfw%7Ctwcamp%5Etweetembed%7Ctwterm%5E1834595819174941084%7Ctwgr%5E8cebf878ad08a02f62cc92dda14d83999d420a81%7Ctwcon%5Es1_c10&#038;ref_url=https%3A%2F%2Fwww.elfinanciero.com.mx%2Fnacional%2F2024%2F09%2F13%2Famlo-mananera-temas-hoy-13-septiembre-2024-en-vivo%2F<\/p>\n<h2 class=\"heading__StyledHeading-sc-1yxtfv0-0 dQdSuo\">Grito de Independencia en el Z\u00f3calo de CDMX: \u00bfA qu\u00e9 hora tocar\u00e1 la banda MS el 15 de septiembre?<\/h2>\n<p class=\"default__StyledText-sc-kkhi2r-0 cZzhZb body-paragraph\">L\u00f3pez Obrador adelant\u00f3 detalles de c\u00f3mo ser\u00e1n los festejos del\u00a0<a href=\"https:\/\/www.elfinanciero.com.mx\/entretenimiento\/2024\/09\/08\/ultimo-grito-de-amlo-que-artistas-daran-concierto-gratis-en-el-zocalo-15-de-septiembre\/\" target=\"_blank\" rel=\"noopener\">\u2018Grito\u2019 de Independencia en el Z\u00f3calo\u00a0<\/a>de la Ciudad de M\u00e9xico el pr\u00f3ximo domingo 15 de septiembre.<\/p>\n<p class=\"default__StyledText-sc-kkhi2r-0 cZzhZb body-paragraph fi-aic_280\">De acuerdo con el presidente, primero tocar\u00e1 una\u00a0<b>banda de m\u00fasica mixe de Oaxaca\u00a0<\/b>y despu\u00e9s habr\u00e1 m\u00fasica de mariachi.<\/p>\n<p class=\"default__StyledText-sc-kkhi2r-0 cZzhZb body-paragraph\">Luego de estas presentaciones estar\u00e1 la<a href=\"https:\/\/www.elfinanciero.com.mx\/entretenimiento\/2024\/09\/09\/historia-de-la-banda-ms-que-toca-en-el-ultimo-grito-de-independecia-de-amlo-15-de-septiembre\/\" target=\"_blank\" rel=\"noopener\">\u00a0banda MS<\/a>\u00a0y posteriormente dar\u00e1 paso a la ceremonia del \u2018Grito\u2019 de Independencia.<\/p>\n<p class=\"default__StyledText-sc-kkhi2r-0 cZzhZb body-paragraph fi-aic_280\">Tras esta ceremonia,\u00a0<b>la banda MS tocar\u00e1 otra hora m\u00e1s en el Z\u00f3calo capitalino<\/b>, por lo que AMLO invit\u00f3 a todos los ciudadanos a asistir a la que ser\u00e1 su \u00faltimo evento del 15 de septiembre.<\/p>\n<p>&nbsp;<\/p>\n<p>Con informaci\u00f3n de El Financiero<\/p>\n","protected":false},"excerpt":{"rendered":"<p>Estos son los temas m\u00e1s importantes de la conferencia matutina del presidente L\u00f3pez Obrador este viernes. El\u00a0presidente Andr\u00e9s Manuel L\u00f3pez Obrador\u00a0encabeza su\u00a0conferencia \u2018ma\u00f1anera\u2019 de este viernes\u00a013 de septiembre de 2024 desde Palacio Nacional, en compa\u00f1\u00eda de Ariadna Montiel, secretaria del Bienestar. \u2018No impacta en nada\u2019: AMLO tras cierre de Coca Cola en Morelos L\u00f3pez Obrador tambi\u00e9n fue cuestionado sobre el\u00a0cierre de Coca-Cola Femsa en Morelos\u00a0debido a la inseguridad. \u201cNo impacta en nada\u201d, asegur\u00f3 AMLO y critic\u00f3 que se hizo un esc\u00e1ndalo en redes sociales por esta situaci\u00f3n y agreg\u00f3 que la empresa no pidi\u00f3 apoyo, sino que solo tomaron la [&hellip;]<\/p>\n","protected":false},"author":3,"featured_media":102611,"comment_status":"open","ping_status":"open","sticky":false,"template":"","format":"standard","meta":{"_jetpack_newsletter_access":"","_jetpack_dont_email_post_to_subs":false,"_jetpack_newsletter_tier_id":0,"_jetpack_memberships_contains_paywalled_content":false,"_jetpack_feature_clip_id":0,"_jetpack_memberships_contains_paid_content":false,"footnotes":"","jetpack_publicize_message":"","jetpack_publicize_feature_enabled":true,"jetpack_social_post_already_shared":true,"jetpack_social_options":{"image_generator_settings":{"template":"highway","default_image_id":0,"font":"","enabled":false},"version":2},"jetpack_post_was_ever_published":false},"categories":[90,75,72],"tags":[],"class_list":["post-103748","post","type-post","status-publish","format-standard","has-post-thumbnail","hentry","category-estatal","category-nacional","category-portada","post--single"],"jetpack_publicize_connections":[],"jetpack_featured_media_url":"https:\/\/ovelanalista.com\/wp-content\/uploads\/2024\/09\/amlo-lopez-obrador-jueces-poder-reforma-judicial.webp","jetpack_sharing_enabled":true,"_links":{"self":[{"href":"https:\/\/ovelanalista.com\/index.php?rest_route=\/wp\/v2\/posts\/103748","targetHints":{"allow":["GET"]}}],"collection":[{"href":"https:\/\/ovelanalista.com\/index.php?rest_route=\/wp\/v2\/posts"}],"about":[{"href":"https:\/\/ovelanalista.com\/index.php?rest_route=\/wp\/v2\/types\/post"}],"author":[{"embeddable":true,"href":"https:\/\/ovelanalista.com\/index.php?rest_route=\/wp\/v2\/users\/3"}],"replies":[{"embeddable":true,"href":"https:\/\/ovelanalista.com\/index.php?rest_route=%2Fwp%2Fv2%2Fcomments&post=103748"}],"version-history":[{"count":1,"href":"https:\/\/ovelanalista.com\/index.php?rest_route=\/wp\/v2\/posts\/103748\/revisions"}],"predecessor-version":[{"id":103755,"href":"https:\/\/ovelanalista.com\/index.php?rest_route=\/wp\/v2\/posts\/103748\/revisions\/103755"}],"wp:featuredmedia":[{"embeddable":true,"href":"https:\/\/ovelanalista.com\/index.php?rest_route=\/wp\/v2\/media\/102611"}],"wp:attachment":[{"href":"https:\/\/ovelanalista.com\/index.php?rest_route=%2Fwp%2Fv2%2Fmedia&parent=103748"}],"wp:term":[{"taxonomy":"category","embeddable":true,"href":"https:\/\/ovelanalista.com\/index.php?rest_route=%2Fwp%2Fv2%2Fcategories&post=103748"},{"taxonomy":"post_tag","embeddable":true,"href":"https:\/\/ovelanalista.com\/index.php?rest_route=%2Fwp%2Fv2%2Ftags&post=103748"}],"curies":[{"name":"wp","href":"https:\/\/api.w.org\/{rel}","templated":true}]}}