{"id":103749,"date":"2024-09-14T10:19:21","date_gmt":"2024-09-14T16:19:21","guid":{"rendered":"https:\/\/ovelanalista.com\/?p=103749"},"modified":"2024-09-14T10:19:21","modified_gmt":"2024-09-14T16:19:21","slug":"pri-un-diablo-a-la-altura-de-las-circunstancias","status":"publish","type":"post","link":"https:\/\/ovelanalista.com\/?p=103749","title":{"rendered":"PRI: Un \u2018Diablo\u2019 a la altura de las circunstancias"},"content":{"rendered":"<div><\/div>\n<div><\/div>\n<div><strong>H\u00e9ctor Calder\u00f3n Hallal<\/strong><\/div>\n<div><\/div>\n<div>En el PRI se buscar\u00eda un \u2018Diablo\u2019 que est\u00e9 a la altura de las circunstancias<\/div>\n<div>mismas por las que atraviesa ese que es un gran partido\u2026 y que debe seguir<\/div>\n<div>si\u00e9ndolo; que sirva de contrapeso al poder que ostentan y\/o detentan los<\/div>\n<div>improvisados y los recipiendarios de la \u201cgracia azarosa\u201d de la t\u00f3mbola.<\/div>\n<div>Un \u2018Diablo\u2019 que sea la ant\u00edtesis precisa de lo que dice su naturaleza: di\u00e1fano<\/div>\n<div>con los que lo escuchan y lo siguen.<\/div>\n<div>Que sea lo suficientemente claridoso, generoso y justo, con los m\u00e1s fieles y<\/div>\n<div>constantes compradores de \u201ccachitos\u201d, que le piden un lugar digno y un<\/div>\n<div>n\u00famero inmaculado, cuando los \u201casigna\u201d y reparte entre los aspirantes que<\/div>\n<div>juegan la loter\u00eda interna de ese, como de todos los institutos pol\u00edticos,<\/div>\n<div>durante el reparto de candidaturas y espacios de decisi\u00f3n, a cada proceso<\/div>\n<div>electoral.<\/div>\n<div>Un \u2018Diablo\u2019 que no escatime si se trata de invertir en beneficios materiales y<\/div>\n<div>de infraestructura para su partido y sus agremiados\u2026 que sea capaz de<\/div>\n<div>sentarse en el infierno con Tom\u00e1s Moro y con Maquiavelo\u2026 y hasta de<\/div>\n<div>ganarle una \u2018manita de p\u00f3kar\u2019 a Birj\u00e1n, el mism\u00edsimo \u2018Dios del Juego\u2019, cuando<\/div>\n<div>las nomenklaturas de la plutocracia hayan decidido a qu\u00e9 partido \u201cle toca\u201d<\/div>\n<div>ahora recibir el apoyo del sistema y de la parafernalia del poder medi\u00e1tico.<\/div>\n<div>Un \u2018Diablo\u2019 que sea capaz de citarse al interior del templo m\u00e1s conservador<\/div>\n<div>de M\u00e9xico, con el peor de los malandrines y adversarios que tenga, para<\/div>\n<div>\u2018encuerarlo\u2019 y mostrar su verdadera naturaleza a la poblaci\u00f3n mexicana\u2026 y<\/div>\n<div>que sea capaz de \u2018encuerarse\u2019 \u00e9l tambi\u00e9n, para mostrarle a la gente que su<\/div>\n<div>alma ni es tan \u201cmala\u201d como lo consigna la nefasta propaganda lanzada por<\/div>\n<div>sus detractores, ni su naturaleza es distinta a la de cualquier hombre com\u00fan<\/div>\n<div><\/div>\n<div>que se diga un profesional de la vida p\u00fablica: con virtudes y defectos, con<\/div>\n<div>aciertos y errores\u2026 con sue\u00f1os y ambiciones&#8230;con tristezas y frustraciones.<\/div>\n<div><\/div>\n<div>Aunque un \u2018Diablo\u2019 que sea muy humano, para que sea capaz de sentir el<\/div>\n<div>dolor de la injusticia; el miedo al odio de los enemigos; el cansancio de hacer<\/div>\n<div>y hacer y no ver reflejado su trabajo; el des\u00e1nimo de la poblaci\u00f3n en general;<\/div>\n<div>la traici\u00f3n de aquellos a los que apoy\u00f3\u2026y, aun as\u00ed, con todo lo anterior<\/div>\n<div>encima\u2026que sea capaz de levantarse y seguir luchando, sobreponi\u00e9ndose a<\/div>\n<div>todas estas vulnerabilidades de la condici\u00f3n humana\u2026<\/div>\n<div>Un \u2018Diablo\u2019 capaz de sentir; capaz de sufrir para entender en \u2018carne propia\u2019 el<\/div>\n<div>dolor de sus correligionarios m\u00e1s humildes, para poder reorientar su propia<\/div>\n<div>comunicaci\u00f3n social hacia ellos y el grueso de sus agremiados y<\/div>\n<div>representados\u2026 con tal de defender con todo en el debate p\u00fablico<\/div>\n<div>permanente de la pol\u00edtica nacional, a la instituci\u00f3n que representa y que trae<\/div>\n<div>a cuestas\u2026con su historia\u2026con sus claroscuros\u2026con el c\u00famulo de historias de<\/div>\n<div>vida humanas que representan 95 a\u00f1os de ser testigo fiel del desarrollo de<\/div>\n<div>una Naci\u00f3n articulada y monol\u00edtica, a pesar de haber sido construida a partir<\/div>\n<div>de muchas piezas de morfolog\u00eda y naturaleza dis\u00edmbolas entre si\u2026 de muchas<\/div>\n<div>regiones y de complejos intereses\u2026 con desafiantes amenazas externas.<\/div>\n<div><\/div>\n<div>Un \u2018Diablo\u2019 siempre solvente, moral y pol\u00edticamente\u2026 que podr\u00e1 ser todo lo<\/div>\n<div>que la mala fama que le han construido sus oponentes envidiosos supone<\/div>\n<div>que es\u2026 pero hay algo que jam\u00e1s podr\u00e1 llegar a ser: un \u2018pobre diablo\u2019.<\/div>\n<div><\/div>\n<div>S\u00ed, es comprensible; las circunstancias pol\u00edticas lo ameritan: se busca un<\/div>\n<div>\u2018Diablo\u2019 que sea \u2018m\u00e1s cabr\u00f3n que bonito\u2019\u2026 que ya haya estado en el<\/div>\n<div>infierno\u2026 y que se haya devuelto por una cobija, porque se lo estaba<\/div>\n<div>llevando la \u201cchingada de fr\u00edo\u201d.<\/div>\n<div>En el PRI se buscar\u00eda un \u2018Diablo\u2019 que sea capaz, de seguir guiando a su \u2018grey<\/div>\n<div>pol\u00edtica\u2019, entre el mont\u00f3n de escombros que se esquivan a diario, provocados<\/div>\n<div>por la vor\u00e1gine err\u00e1tica de un experimento narco-socialista\u2026 porque esa<\/div>\n<div>ciudadan\u00eda militante o simpatizante del PRI, ha quedado no solo muda, sino<\/div>\n<div>tambi\u00e9n ciega, por el estruendo de la propaganda del opositor ma\u00f1oso y<\/div>\n<div>abusivo que se ha tornado en autoridad y que pretende, entre otras<\/div>\n<div><\/div>\n<div>aberraciones como cambiar el r\u00e9gimen constitucional y exterminar a<\/div>\n<div>cualquier indicio de oposici\u00f3n pol\u00edtica que tenga en lo sucesivo. Quiere<\/div>\n<div>Morena ejercer el poder sin contrapeso alguno\u2026 sin una sola voz que lo<\/div>\n<div>cuestione, en un remedo de tiran\u00eda absolutista.<\/div>\n<div>Y s\u00ed \u2026<\/div>\n<div>Una peque\u00f1a corriente de expresi\u00f3n del PRI -minoritaria, esencialmente-<\/div>\n<div>compuesta por exdirigentes, es ahora invidente.<\/div>\n<div>Esos cuadros, por ceguera algunos y otros guiados por un desprop\u00f3sito, han<\/div>\n<div>construido un gran \u2018Diablo\u2019 en la figura de su actual -y m\u00e1s visible l\u00edder-<\/div>\n<div>Alejandro \u2018Alito\u2019 Moreno C\u00e1rdenas, quien lo \u00fanico que ha hecho es \u2018dar la<\/div>\n<div>cara\u2019 en las malas y en las peores por el partido.<\/div>\n<div>Un partido que recibi\u00f3, por cierto, desvencijado y sin rumbo; cuyas<\/div>\n<div>articulaciones han requerido el cemento unificador de una voz firme y de una<\/div>\n<div>mentalidad triunfadora, resiliente, capaz de levantarse en la adversidad. Tal y<\/div>\n<div>cual ha sido el discurso y el plan de reconstrucci\u00f3n de Alejandro Moreno<\/div>\n<div>C\u00e1rdenas\u2026 quien ha puesto lo mejor de su juventud vigorosa al servicio de la<\/div>\n<div>estrategia para \u2018meter de nuevo\u2019 al PRI en la lucha democr\u00e1tica.<\/div>\n<div>Hoy que el Consejo General del INE ha aprobado un dictamen plet\u00f3rico de<\/div>\n<div>trasfondos pol\u00edticos, que declara \u201cilegal\u201d la XXIV Asamblea Nacional del PRI<\/div>\n<div>en la que result\u00f3 indudablemente electo Alejandro Moreno, presidente del<\/div>\n<div>Comit\u00e9 Ejecutivo Nacional del PRI para un nuevo per\u00edodo estatutario m\u00e1s\u2026<\/div>\n<div>con el voto del 97% de los consejeros pol\u00edticos.<\/div>\n<div>El \u00f3rgano jurisdiccional argumenta que el lapso en el que se llev\u00f3 a cabo la<\/div>\n<div>Asamblea Nacional, ocurri\u00f3 en el contemplado por el art\u00edculo 34 de la Ley<\/div>\n<div>General de Partidos Pol\u00edticos, esto es\u2026 durante el desarrollo del proceso<\/div>\n<div>electoral, que supuestamente, el de junio de 2024 pasado a\u00fan no conclu\u00eda,<\/div>\n<div>por lo que no hab\u00eda declaratoria legal de validez del Tribunal Electoral del<\/div>\n<div>Poder Judicial de la Federaci\u00f3n (TEPJF), uno de los dos requisitos<\/div>\n<div>indispensables para considerarse finalizado todo proceso de esa naturaleza.<\/div>\n<div>Ahora el INE, asume que, seg\u00fan lo declarado por Moreno C\u00e1rdenas, dirigente<\/div>\n<div>nacional del PRI, acudir\u00e1 al propio tribunal constitucional (TEPJF) para que<\/div>\n<div>resuelva si confirma o no la resoluci\u00f3n del INE.<\/div>\n<div>Si el TEPJF confirma, el PRI deber\u00e1 nombrar una dirigencia provisional y<\/div>\n<div>tendr\u00e1 90 d\u00edas para realizar una Nueva Asamblea para elegir dirigencia.<\/div>\n<div><\/div>\n<div>Si el Tribunal Electoral no confirma el fallo del INE, \u2018Alito\u2019 Moreno C\u00e1rdenas<\/div>\n<div>seguir\u00e1 siendo el l\u00edder formal del partido\u2026<\/div>\n<div>El otro escenario que tambi\u00e9n es probable, es que indefectiblemente, \u2018Alito\u2019<\/div>\n<div>de alg\u00fan modo u otro siga siendo el l\u00edder real o moral\u2026 f\u00e1ctico del partido\u2026.<\/div>\n<div>y sin propon\u00e9rselo.<\/div>\n<div>Pues es previsible que surja la figura de uno de los miembros de la estructura<\/div>\n<div>directiva del CEN del PRI, con ascendencia en el Consejo Pol\u00edtico Nacional<\/div>\n<div>dominado actualmente por la corriente que encabeza el dirigente oriundo de<\/div>\n<div>Campeche, quien logre obtener la mayor\u00eda en una eventual y nueva elecci\u00f3n,<\/div>\n<div>contra el candidato \u201cque sea\u201d \u2026. contra \u201cel que sea\u201d, se reitera. A saber: El<\/div>\n<div>actual senador Pablo Angulo y el Diputado Federal, Coordinador de la<\/div>\n<div>fracci\u00f3n pri\u00edsta en la C\u00e1mara de Diputados, Rub\u00e9n Moreira. No hay otros.<\/div>\n<div>Porque\u2026 \u00bfA poco creen de verdad que un Aurelio Nu\u00f1o puede llegar a tener<\/div>\n<div>la cola de \u2018Diablo\u2019 y el colmillo retorcido de un pingo \u2018suficientemente<\/div>\n<div>jugado\u2019 como Alejando Moreno?<\/div>\n<div>\u00bfEn serio, consideran que sea sano que Jos\u00e9 Encarnaci\u00f3n Alfaro llegue a<\/div>\n<div>improvisar o a experimentar al frente del partido, as\u00ed como est\u00e1n las cosas<\/div>\n<div>ahorita?<\/div>\n<div>\u00bfO una soluci\u00f3n din\u00e1stica\u2026para cumplir el capricho de alg\u00fan \u2018pap\u00e1\u2019 pol\u00edtico<\/div>\n<div>exitoso pri\u00edsta, sea tambi\u00e9n lo correcto?<\/div>\n<div>El \u00fanico \u2018Diablo\u2019 considerado \u2018el bueno\u2019 para ese cargo, adem\u00e1s de Miguel<\/div>\n<div>Riquelme Sol\u00eds, actual Senador de la Rep\u00fablica por su natal Coahuila y<\/div>\n<div>exgobernador de la misma entidad\u2026 p\u00e9sele a quien le pese, es Alejandro<\/div>\n<div>Moreno.<\/div>\n<div>Desde luego, habr\u00eda que incluirse tambi\u00e9n a la distinguida senadora<\/div>\n<div>sinaloense, Paloma S\u00e1nchez, como posible compa\u00f1era de f\u00f3rmula de alg\u00fan<\/div>\n<div>prospecto de g\u00e9nero masculino.<\/div>\n<div>Este tipo de fen\u00f3menos, como el liderazgo de \u2018Alito\u2019 Moreno, sucede cuando<\/div>\n<div>se ejerce un liderazgo aut\u00e9ntico\u2026 es decir, cuando hay un \u2018Diablo\u2019 genuino<\/div>\n<div>ejerciendo la pol\u00edtica al interior de un gran partido.<\/div>\n<div>Un \u2018Diablo\u2019 que sabe compartir incluso el poder (que se puede compartir) de<\/div>\n<div>la toma de decisiones\u2026 porque, aunque el poder no se comparte, s\u00ed se puede<\/div>\n<div><\/div>\n<div>y se debe ser generoso con los amigos y aliados, cediendo algo de la gran<\/div>\n<div>rosca del poder que departen el pr\u00edncipe y su corte.<\/div>\n<div>Ese \u2018Diablo\u2019\u2026 ese \u2018constructo\u2019 social que han edificado en sus mentes y en la<\/div>\n<div>conciencia de buena parte de la opini\u00f3n p\u00fablica, gracias a la propaganda, ha<\/div>\n<div>resultado un eficaz defensor de la oposici\u00f3n en su conjunto, en estos<\/div>\n<div>momentos de enfrentar el resolutivo de un proceso electoral de Estado,<\/div>\n<div>totalmente inequitativo.<\/div>\n<div>Ese \u2018Diablo\u2019 tiene una voz fuerte y clara para enfrentarse con firmeza y de<\/div>\n<div>frente a cualquiera, en la defensa del voto pri\u00edsta y de sus espacios de<\/div>\n<div>representaci\u00f3n constitucionalmente establecidos.<\/div>\n<div>\u2018Alito\u2019 es ese \u2018Diablo\u2019 que se buscar\u00eda\u2026 m\u00e1s bien, que necesita el PRI de<\/div>\n<div>nuestros d\u00edas para terminar su proceso de reconstrucci\u00f3n\u2026 quiz\u00e1 mejor sea<\/div>\n<div>dicho: su proceso de \u201creinvenci\u00f3n\u201d.<\/div>\n<div>\u00bfO acaso se pueda pensar en un personaje de larga trayectoria como Emilio<\/div>\n<div>Gamboa Patr\u00f3n?<\/div>\n<div>Los pri\u00edstas que denostan a Moreno C\u00e1rdenas, no se han dado cuenta\u2026o no<\/div>\n<div>se han querido dar cuenta\u2026el \u00fanico cuadro suficientemente preparado y<\/div>\n<div>avezado para el momento que se vive en ese instituto, es el exgobernador de<\/div>\n<div>Campeche y actual senador de la Rep\u00fablica, salvo que el Tribunal sentencie<\/div>\n<div>en sentido contrario a la reelecci\u00f3n\u2026entonces s\u00ed, la elecci\u00f3n se llevar\u00e1 a cabo<\/div>\n<div>y, por supuesto, las huestes de Alito Moreno luchar\u00e1n por conservar la<\/div>\n<div>dirigencia del partido frente a cualquier candidato que promuevan a sus<\/div>\n<div>opositores.<\/div>\n<div>Que en su conciencia quede su mejor juicio.<\/div>\n<div><\/div>\n<div>Autor: H\u00e9ctor Calder\u00f3n Hallal<\/div>\n<div><\/div>\n<div>@CalderonHallal1;<\/div>\n<div>fixiflaux99@gmail.com;<\/div>\n<div>Las opiniones vertidas en este art\u00edculo, son responsabilidad exclusiva de su<\/div>\n<div>autor, por lo que no son en modo alguno, parte de la opini\u00f3n institucional de<\/div>\n<div>este medio\u201d.<\/div>\n","protected":false},"excerpt":{"rendered":"<p>H\u00e9ctor Calder\u00f3n Hallal En el PRI se buscar\u00eda un \u2018Diablo\u2019 que est\u00e9 a la altura de las circunstancias mismas por las que atraviesa ese que es un gran partido\u2026 y que debe seguir si\u00e9ndolo; que sirva de contrapeso al poder que ostentan y\/o detentan los improvisados y los recipiendarios de la \u201cgracia azarosa\u201d de la t\u00f3mbola. Un \u2018Diablo\u2019 que sea la ant\u00edtesis precisa de lo que dice su naturaleza: di\u00e1fano con los que lo escuchan y lo siguen. Que sea lo suficientemente claridoso, generoso y justo, con los m\u00e1s fieles y constantes compradores de \u201ccachitos\u201d, que le piden un lugar [&hellip;]<\/p>\n","protected":false},"author":3,"featured_media":92679,"comment_status":"open","ping_status":"open","sticky":false,"template":"","format":"standard","meta":{"_jetpack_newsletter_access":"","_jetpack_dont_email_post_to_subs":false,"_jetpack_newsletter_tier_id":0,"_jetpack_memberships_contains_paywalled_content":false,"_jetpack_feature_clip_id":0,"_jetpack_memberships_contains_paid_content":false,"footnotes":"","jetpack_publicize_message":"","jetpack_publicize_feature_enabled":true,"jetpack_social_post_already_shared":true,"jetpack_social_options":{"image_generator_settings":{"template":"highway","default_image_id":0,"font":"","enabled":false},"version":2},"jetpack_post_was_ever_published":false},"categories":[79],"tags":[],"class_list":["post-103749","post","type-post","status-publish","format-standard","has-post-thumbnail","hentry","category-columnistas-nacionales","post--single"],"jetpack_publicize_connections":[],"jetpack_featured_media_url":"https:\/\/ovelanalista.com\/wp-content\/uploads\/2024\/04\/WhatsApp-Image-2024-04-02-at-08.34.24.jpeg","jetpack_sharing_enabled":true,"_links":{"self":[{"href":"https:\/\/ovelanalista.com\/index.php?rest_route=\/wp\/v2\/posts\/103749","targetHints":{"allow":["GET"]}}],"collection":[{"href":"https:\/\/ovelanalista.com\/index.php?rest_route=\/wp\/v2\/posts"}],"about":[{"href":"https:\/\/ovelanalista.com\/index.php?rest_route=\/wp\/v2\/types\/post"}],"author":[{"embeddable":true,"href":"https:\/\/ovelanalista.com\/index.php?rest_route=\/wp\/v2\/users\/3"}],"replies":[{"embeddable":true,"href":"https:\/\/ovelanalista.com\/index.php?rest_route=%2Fwp%2Fv2%2Fcomments&post=103749"}],"version-history":[{"count":1,"href":"https:\/\/ovelanalista.com\/index.php?rest_route=\/wp\/v2\/posts\/103749\/revisions"}],"predecessor-version":[{"id":103750,"href":"https:\/\/ovelanalista.com\/index.php?rest_route=\/wp\/v2\/posts\/103749\/revisions\/103750"}],"wp:featuredmedia":[{"embeddable":true,"href":"https:\/\/ovelanalista.com\/index.php?rest_route=\/wp\/v2\/media\/92679"}],"wp:attachment":[{"href":"https:\/\/ovelanalista.com\/index.php?rest_route=%2Fwp%2Fv2%2Fmedia&parent=103749"}],"wp:term":[{"taxonomy":"category","embeddable":true,"href":"https:\/\/ovelanalista.com\/index.php?rest_route=%2Fwp%2Fv2%2Fcategories&post=103749"},{"taxonomy":"post_tag","embeddable":true,"href":"https:\/\/ovelanalista.com\/index.php?rest_route=%2Fwp%2Fv2%2Ftags&post=103749"}],"curies":[{"name":"wp","href":"https:\/\/api.w.org\/{rel}","templated":true}]}}