{"id":103754,"date":"2024-09-14T11:00:33","date_gmt":"2024-09-14T17:00:33","guid":{"rendered":"https:\/\/ovelanalista.com\/?p=103754"},"modified":"2024-09-14T10:38:19","modified_gmt":"2024-09-14T16:38:19","slug":"kamala-harris-asegura-que-ira-contra-el-cartel-de-sinaloa-si-gana-las-elecciones-de-eeuu-los-perseguire","status":"publish","type":"post","link":"https:\/\/ovelanalista.com\/?p=103754","title":{"rendered":"Kamala Harris asegura que ir\u00e1 contra el C\u00e1rtel de Sinaloa si gana las elecciones de EEUU: \u201cLos perseguir\u00e9\u201d"},"content":{"rendered":"<p>La candidata presidencial del Partido Dem\u00f3crata afirm\u00f3 que pelear\u00e1 en nombre de todas las comunidades estadounidenses.<\/p>\n<p><strong>Por<span class=\"author-name\">Rubi Martinez<\/span><\/strong><\/p>\n<p class=\"paragraph\" data-mrf-recirculation=\"Links inline\"><b>Kamala Harris<\/b>, vicepresidenta de Estados Unidos y candidata presidencial del Partido Dem\u00f3crata,\u00a0<b>lanz\u00f3 una advertencia<\/b>\u00a0a las organizaciones criminales de M\u00e9xico, pero en espec\u00edfico al\u00a0<b>C\u00e1rtel de Sinaloa.<\/b><\/p>\n<div class=\"recommended-card__image-container\">La tarde del 13 de septiembre, desde un mitin realizado en\u00a0<b>Pensilvania<\/b>, la pol\u00edtica estadounidense declar\u00f3 que cuando fue Fiscal General de California entre 2011 y 2017 enfrent\u00f3 a los c\u00e1rteles de drogas mexicanos, en especial al tambi\u00e9n conocido C\u00e1rtel del Pac\u00edfico.<\/div>\n<div><\/div>\n<div>En esa l\u00ednea, asegur\u00f3: \u201cConozco de primera mano a estos c\u00e1rteles (&#8230;) que trafican drogas y amenazas la seguridad de nuestras comunidades. Como presidenta les asegur\u00f3 que\u00a0<b>los perseguir\u00e9 con todo el peso de la ley\u201d<\/b>.<\/div>\n<div><\/div>\n<div>Afirm\u00f3 que, en caso de ganar las elecciones del pr\u00f3ximo 5 de noviembre, pelear\u00e1 en nombre de todas las comunidades y los ciudadanos estadounidenses.<\/div>\n<div><\/div>\n<div>\u201cJuntos construiremos un mejor futuro para nuestra naci\u00f3n\u201d, agreg\u00f3.<\/div>\n<div><\/div>\n<div>\n<p class=\"paragraph\" data-mrf-recirculation=\"Links inline\">\u00c9sta es la segunda ocasi\u00f3n en la que la vicepresidenta de EEUU hace referencia a las organizaciones criminales, pues durante el debate presidencial contra el candidato del Partido Republicano, Donald Trump, record\u00f3 que ha procesado a grupos delictivos por tr\u00e1fico de armas, drogas y migrantes.<\/p>\n<p class=\"paragraph\" data-mrf-recirculation=\"Links inline\">Por otra parte, destaca que las declaraciones de Harris se presentaron horas despu\u00e9s de que Ismael\u00a0<b>\u2018El Mayo\u2019 Zambada<\/b>, cofundador del C\u00e1rtel de Sinaloa, se declar\u00f3 no culpable de 17 cargos en su contra en la Corte Federal del Distrito Este de Nueva York.<\/p>\n<div class=\"visual__image\"><img loading=\"lazy\" decoding=\"async\" class=\"\" src=\"https:\/\/www.infobae.com\/new-resizer\/yoxsuwkxiMIt_2CDATEI4JhVKqk=\/420x236\/filters:format(webp):quality(85)\/cloudfront-us-east-1.images.arcpublishing.com\/infobae\/Y3DCQFDKWRBK3CVRH2XKSMBP3Q.jpg%20420w\" sizes=\"auto, (min-width: 1560px) 856px, (min-width: 1000px) calc(74.63vw - 293px), (min-width: 780px) calc(100vw - 376px), (min-width: 580px) calc(100vw - 32px), 100vw\" srcset=\"https:\/\/www.infobae.com\/new-resizer\/yoxsuwkxiMIt_2CDATEI4JhVKqk=\/420x236\/filters:format(webp):quality(85)\/cloudfront-us-east-1.images.arcpublishing.com\/infobae\/Y3DCQFDKWRBK3CVRH2XKSMBP3Q.jpg 420w,https:\/\/www.infobae.com\/new-resizer\/K2GdMYrRK7pAxR0WnhuWSnVeALs=\/768x432\/filters:format(webp):quality(85)\/cloudfront-us-east-1.images.arcpublishing.com\/infobae\/Y3DCQFDKWRBK3CVRH2XKSMBP3Q.jpg 768w,https:\/\/www.infobae.com\/new-resizer\/0uDfiIEVRTYsog5MNsX28ZVlMd8=\/992x558\/filters:format(webp):quality(85)\/cloudfront-us-east-1.images.arcpublishing.com\/infobae\/Y3DCQFDKWRBK3CVRH2XKSMBP3Q.jpg 992w,https:\/\/www.infobae.com\/new-resizer\/8RVOkG2i2chMjzVCklJLVoQ1Yo0=\/1200x675\/filters:format(webp):quality(85)\/cloudfront-us-east-1.images.arcpublishing.com\/infobae\/Y3DCQFDKWRBK3CVRH2XKSMBP3Q.jpg 1200w,https:\/\/www.infobae.com\/new-resizer\/_j0kDhUhgc33C8wUAo3njtTIVsM=\/1440x810\/filters:format(webp):quality(85)\/cloudfront-us-east-1.images.arcpublishing.com\/infobae\/Y3DCQFDKWRBK3CVRH2XKSMBP3Q.jpg 1440w\" alt=\"El cofundador del C\u00e1rtel de Sinaloa se declar\u00f3 no culpable de 17 cargos en su contra. (Reuters\/Jane Rosenberg)\" width=\"1920\" height=\"1080\" data-src=\"https:\/\/www.infobae.com\/new-resizer\/yoxsuwkxiMIt_2CDATEI4JhVKqk=\/420x236\/filters:format(webp):quality(85)\/cloudfront-us-east-1.images.arcpublishing.com\/infobae\/Y3DCQFDKWRBK3CVRH2XKSMBP3Q.jpg 420w\" \/><\/div>\n<div><\/div>\n<div class=\"headline-wrapper\">\n<h2 class=\"header headline-class-h2\">DEA tambi\u00e9n lanza advertencia contra el C\u00e1rtel de Sinaloa<\/h2>\n<\/div>\n<p class=\"paragraph\" data-mrf-recirculation=\"Links inline\">Poco despu\u00e9s de que Zambada Garc\u00eda fue presentado en su primera audiencia en Brooklyn,\u00a0<b>Departamento de Justicia\u00a0<\/b>celebr\u00f3 su traslado y asegur\u00f3 que, si es declarado culpable,enfrentar\u00e1 una sentencia de\u00a0<b>cadena perpetua obligatoria.<\/b><\/p>\n<p class=\"paragraph\" data-mrf-recirculation=\"Links inline\"><b>Anne Milgram<\/b>, administradora de la Administraci\u00f3n de Control de Drogas (DEA, por sus siglas en ingl\u00e9s), tambi\u00e9n se uni\u00f3 al pronunciamiento y asegur\u00f3 que \u201c<b>derrotar al C\u00e1rtel de Sinaloa<\/b>\u00a0es su principal prioridad operativa\u201d, por lo que advirti\u00f3 que continuar\u00e1 buscando la ca\u00edda de otros l\u00edderes criminales.<\/p>\n<p class=\"paragraph\" data-mrf-recirculation=\"Links inline\">\u201cAhora que Zambada Garc\u00eda ya no est\u00e1 en el poder, hemos atacado el coraz\u00f3n de las operaciones del C\u00e1rtel de Sinaloa. Puede haber eludido la captura durante tres d\u00e9cadas, pero hoy est\u00e1 viendo lo que significa enfrentar la justicia en Estados Unidos\u201d, expres\u00f3.<\/p>\n<p class=\"paragraph\" data-mrf-recirculation=\"Links inline\">Cabe recordar que, de los\u00a0<b>10 hombres m\u00e1s buscados por la DEA,<\/b>\u00a0seis son integrantes del C\u00e1rtel de Sinaloa, espec\u00edficamente de la facci\u00f3n de\u00a0<b>Los Chapitos.<\/b><\/p>\n<div class=\"visual__image\"><img loading=\"lazy\" decoding=\"async\" class=\"\" src=\"https:\/\/www.infobae.com\/new-resizer\/4WxueO9sYCC2ftHXapllsZVHTho=\/420x280\/filters:format(webp):quality(85)\/cloudfront-us-east-1.images.arcpublishing.com\/infobae\/IC7C5NG57FFJHFTLZ7PDLTIHDE.jpg%20420w\" sizes=\"auto, (min-width: 1560px) 856px, (min-width: 1000px) calc(74.63vw - 293px), (min-width: 780px) calc(100vw - 376px), (min-width: 580px) calc(100vw - 32px), 100vw\" srcset=\"https:\/\/www.infobae.com\/new-resizer\/4WxueO9sYCC2ftHXapllsZVHTho=\/420x280\/filters:format(webp):quality(85)\/cloudfront-us-east-1.images.arcpublishing.com\/infobae\/IC7C5NG57FFJHFTLZ7PDLTIHDE.jpg 420w,https:\/\/www.infobae.com\/new-resizer\/1C8YIBeneby18xqz7VafBYiWmdc=\/768x512\/filters:format(webp):quality(85)\/cloudfront-us-east-1.images.arcpublishing.com\/infobae\/IC7C5NG57FFJHFTLZ7PDLTIHDE.jpg 768w,https:\/\/www.infobae.com\/new-resizer\/n9-7gOeixdEydOjGqbE6sgJ90FI=\/992x661\/filters:format(webp):quality(85)\/cloudfront-us-east-1.images.arcpublishing.com\/infobae\/IC7C5NG57FFJHFTLZ7PDLTIHDE.jpg 992w,https:\/\/www.infobae.com\/new-resizer\/2Bbg9Ngb0rDhHjNiwOuoJZYT2D4=\/1200x800\/filters:format(webp):quality(85)\/cloudfront-us-east-1.images.arcpublishing.com\/infobae\/IC7C5NG57FFJHFTLZ7PDLTIHDE.jpg 1200w,https:\/\/www.infobae.com\/new-resizer\/6KKNiJ0eAhdEbGtT-5O5GzbkdtE=\/1440x960\/filters:format(webp):quality(85)\/cloudfront-us-east-1.images.arcpublishing.com\/infobae\/IC7C5NG57FFJHFTLZ7PDLTIHDE.jpg 1440w\" alt=\"Fotograf\u00eda de archivo de Anne Milgram (c), titular de la DEA. EFE\/EPA\/MICHAEL REYNOLDS\n\" width=\"5472\" height=\"3648\" data-src=\"https:\/\/www.infobae.com\/new-resizer\/4WxueO9sYCC2ftHXapllsZVHTho=\/420x280\/filters:format(webp):quality(85)\/cloudfront-us-east-1.images.arcpublishing.com\/infobae\/IC7C5NG57FFJHFTLZ7PDLTIHDE.jpg 420w\" \/><\/div>\n<\/div>\n<div><\/div>\n<div><\/div>\n<div>Con informaci\u00f3n de Infobae<\/div>\n","protected":false},"excerpt":{"rendered":"<p>La candidata presidencial del Partido Dem\u00f3crata afirm\u00f3 que pelear\u00e1 en nombre de todas las comunidades estadounidenses. PorRubi Martinez Kamala Harris, vicepresidenta de Estados Unidos y candidata presidencial del Partido Dem\u00f3crata,\u00a0lanz\u00f3 una advertencia\u00a0a las organizaciones criminales de M\u00e9xico, pero en espec\u00edfico al\u00a0C\u00e1rtel de Sinaloa. La tarde del 13 de septiembre, desde un mitin realizado en\u00a0Pensilvania, la pol\u00edtica estadounidense declar\u00f3 que cuando fue Fiscal General de California entre 2011 y 2017 enfrent\u00f3 a los c\u00e1rteles de drogas mexicanos, en especial al tambi\u00e9n conocido C\u00e1rtel del Pac\u00edfico. En esa l\u00ednea, asegur\u00f3: \u201cConozco de primera mano a estos c\u00e1rteles (&#8230;) que trafican drogas y [&hellip;]<\/p>\n","protected":false},"author":3,"featured_media":103757,"comment_status":"open","ping_status":"open","sticky":false,"template":"","format":"standard","meta":{"_jetpack_newsletter_access":"","_jetpack_dont_email_post_to_subs":false,"_jetpack_newsletter_tier_id":0,"_jetpack_memberships_contains_paywalled_content":false,"_jetpack_feature_clip_id":0,"_jetpack_memberships_contains_paid_content":false,"footnotes":"","jetpack_publicize_message":"","jetpack_publicize_feature_enabled":true,"jetpack_social_post_already_shared":true,"jetpack_social_options":{"image_generator_settings":{"template":"highway","default_image_id":0,"font":"","enabled":false},"version":2},"jetpack_post_was_ever_published":false},"categories":[90,89,72],"tags":[],"class_list":["post-103754","post","type-post","status-publish","format-standard","has-post-thumbnail","hentry","category-estatal","category-internacional","category-portada","post--single"],"jetpack_publicize_connections":[],"jetpack_featured_media_url":"https:\/\/ovelanalista.com\/wp-content\/uploads\/2024\/09\/Captura-de-Pantalla-2024-09-14-a-las-9.37.13.png","jetpack_sharing_enabled":true,"_links":{"self":[{"href":"https:\/\/ovelanalista.com\/index.php?rest_route=\/wp\/v2\/posts\/103754","targetHints":{"allow":["GET"]}}],"collection":[{"href":"https:\/\/ovelanalista.com\/index.php?rest_route=\/wp\/v2\/posts"}],"about":[{"href":"https:\/\/ovelanalista.com\/index.php?rest_route=\/wp\/v2\/types\/post"}],"author":[{"embeddable":true,"href":"https:\/\/ovelanalista.com\/index.php?rest_route=\/wp\/v2\/users\/3"}],"replies":[{"embeddable":true,"href":"https:\/\/ovelanalista.com\/index.php?rest_route=%2Fwp%2Fv2%2Fcomments&post=103754"}],"version-history":[{"count":1,"href":"https:\/\/ovelanalista.com\/index.php?rest_route=\/wp\/v2\/posts\/103754\/revisions"}],"predecessor-version":[{"id":103758,"href":"https:\/\/ovelanalista.com\/index.php?rest_route=\/wp\/v2\/posts\/103754\/revisions\/103758"}],"wp:featuredmedia":[{"embeddable":true,"href":"https:\/\/ovelanalista.com\/index.php?rest_route=\/wp\/v2\/media\/103757"}],"wp:attachment":[{"href":"https:\/\/ovelanalista.com\/index.php?rest_route=%2Fwp%2Fv2%2Fmedia&parent=103754"}],"wp:term":[{"taxonomy":"category","embeddable":true,"href":"https:\/\/ovelanalista.com\/index.php?rest_route=%2Fwp%2Fv2%2Fcategories&post=103754"},{"taxonomy":"post_tag","embeddable":true,"href":"https:\/\/ovelanalista.com\/index.php?rest_route=%2Fwp%2Fv2%2Ftags&post=103754"}],"curies":[{"name":"wp","href":"https:\/\/api.w.org\/{rel}","templated":true}]}}