{"id":103756,"date":"2024-09-14T11:15:42","date_gmt":"2024-09-14T17:15:42","guid":{"rendered":"https:\/\/ovelanalista.com\/?p=103756"},"modified":"2024-09-14T10:41:12","modified_gmt":"2024-09-14T16:41:12","slug":"crisis-de-violencia-en-sinaloa-guerra-entre-chapitos-y-mayos-dejo-19-muertos-en-una-semana","status":"publish","type":"post","link":"https:\/\/ovelanalista.com\/?p=103756","title":{"rendered":"Crisis de violencia en Sinaloa: guerra entre Chapitos y Mayos dej\u00f3 19 muertos en una semana"},"content":{"rendered":"<h6 class=\"article-subheadline left\">Tambi\u00e9n se han reportado \u201clevantones\u201d y robo de veh\u00edculos; los hechos violentos se trasladaron a otros municipios, por lo que las autoridades tuvieron que cancelar los festejos del Grito de Independencia del 15 de septiembre.<\/h6>\n<p><strong>Por<span class=\"author-name\">Andr\u00e9s Mart\u00ednez<\/span><\/strong><\/p>\n<p>Casi dos meses de la captura en Estados Unidos de\u00a0<b>Ismael El Mayo Zambada<\/b>, l\u00edder del C\u00e1rtel de Sinaloa, la violencia finalmente estall\u00f3 en la ciudad de Culiac\u00e1n, considerada como el basti\u00f3n de las dos principales facciones: Los Chapitos \u2015los hijos de Joaqu\u00edn El Chapo Guzm\u00e1n\u2015 y de La Mayiza \u2015sicarios ahora bajo las \u00f3rdenes de\u00a0<b>Ismael Zambada Sicairos<\/b>, alias\u00a0<b>El Mayito Flaco<\/b>\u2015<\/p>\n<p>La aprehensi\u00f3n el pasado 25 de julio de Mayo Zambada en Nuevo M\u00e9xico, Estados Unidos, destap\u00f3 todo tipo de hip\u00f3tesis sobre si el m\u00e1ximo l\u00edder del C\u00e1rtel del Pac\u00edfico se hab\u00eda entregado tras un acuerdo con las autoridades del vecino pa\u00eds. Sin embargo, al paso de los d\u00edas se dio a conocer una carta firmada por el propio narcotraficante en la que asegur\u00f3 que fue enga\u00f1ado, secuestrado y llevado en contra de su voluntad en una avioneta a la Uni\u00f3n Americana.<\/p>\n<p>Seg\u00fan relata el documento, el orquestador de este secuestro fue Joaqu\u00edn Guzm\u00e1n L\u00f3pez, El G\u00fcero, ahijado del Mayo e hijo de El Chapo Guzm\u00e1n, quien se encontraba negociando su detenci\u00f3n con las autoridades estadounidenses y que aprovech\u00f3 un presunto descuido de su padrino para traicionarlo.<\/p>\n<p class=\"paragraph\" data-mrf-recirculation=\"Links inline\">Desde el 10 de agosto, fecha en que se dio a conocer la carta del Mayo, se especul\u00f3 que\u00a0<b>El Mayito Flaco<\/b>\u00a0tomar\u00eda represalias contra\u00a0<b>Los Chapitos<\/b>, por lo que se hab\u00eda generado mucha tensi\u00f3n por parte de los integrantes del c\u00e1rtel que operan dentro de la ciudad ante la incertidumbre de una posible guerra.<\/p>\n<div class=\"inline_2_DSK ad-wrapper ad-desktop\">\n<div class=\"dfpAd ad-inline\"><\/div>\n<\/div>\n<p class=\"paragraph\" data-mrf-recirculation=\"Links inline\">Algunas versiones period\u00edsticas apuntaban que el hijo de Zambada Garc\u00eda se encontraba reclutando sicarios y haciendo acuerdos con familias dentro del c\u00e1rtel para poder pelear contra\u00a0<b>Los Chapitos,<\/b>\u00a0quienes son considerados como los m\u00e1s violentos y con mayor poder b\u00e9lico del\u00a0<b>C\u00e1rtel de Sinaloa.<\/b><\/p>\n<p class=\"paragraph\" data-mrf-recirculation=\"Links inline\">Todas estas versiones se hicieron realidad durante las primeras horas del pasado 9 de septiembre, cuando habitantes de<b>\u00a0Culiac\u00e1n<\/b>\u00a0reportaron\u00a0<b>balaceras entre civiles armados<\/b>\u00a0que fueron percibidos en la zona oriente de la ciudad, lo que gener\u00f3 incertidumbre entre la ciudadan\u00eda.<\/p>\n<p class=\"paragraph\" data-mrf-recirculation=\"Links inline\">Durante el transcurso de ese d\u00eda se reportaron varios incidentes y comenzaron a circular videos en donde se escuchaban conversaciones de frecuencias de radio en las que se confirmaba la versi\u00f3n de que<b>\u00a0Ismael Zambada Sicairos<\/b>\u00a0orden\u00f3 a su ej\u00e9rcito de sicarios acabar con\u00a0<b>Los Chapitos\u00a0<\/b>en territorio sinaloense.<\/p>\n<div class=\"visual__image\"><img loading=\"lazy\" decoding=\"async\" class=\"\" src=\"https:\/\/www.infobae.com\/new-resizer\/70yXT5dLx6bkp0BgbJZ-zHgecY4=\/420x236\/filters:format(webp):quality(85)\/cloudfront-us-east-1.images.arcpublishing.com\/infobae\/HRYMG6JDF5AIJOW4VSZCJXHPYQ.jpg%20420w\" sizes=\"auto, (min-width: 1560px) 856px, (min-width: 1000px) calc(74.63vw - 293px), (min-width: 780px) calc(100vw - 376px), (min-width: 580px) calc(100vw - 32px), 100vw\" srcset=\"https:\/\/www.infobae.com\/new-resizer\/70yXT5dLx6bkp0BgbJZ-zHgecY4=\/420x236\/filters:format(webp):quality(85)\/cloudfront-us-east-1.images.arcpublishing.com\/infobae\/HRYMG6JDF5AIJOW4VSZCJXHPYQ.jpg 420w,https:\/\/www.infobae.com\/new-resizer\/IVTKGkz1cq5BNivxFHobVRRmT5M=\/768x432\/filters:format(webp):quality(85)\/cloudfront-us-east-1.images.arcpublishing.com\/infobae\/HRYMG6JDF5AIJOW4VSZCJXHPYQ.jpg 768w,https:\/\/www.infobae.com\/new-resizer\/vHYcyd6Qf_qGsXzjpEXVF_Wj_NA=\/992x558\/filters:format(webp):quality(85)\/cloudfront-us-east-1.images.arcpublishing.com\/infobae\/HRYMG6JDF5AIJOW4VSZCJXHPYQ.jpg 992w,https:\/\/www.infobae.com\/new-resizer\/LIkc2_Q397-QUPLgABkbATpqq1E=\/1200x675\/filters:format(webp):quality(85)\/cloudfront-us-east-1.images.arcpublishing.com\/infobae\/HRYMG6JDF5AIJOW4VSZCJXHPYQ.jpg 1200w,https:\/\/www.infobae.com\/new-resizer\/hnaQ-pxP9RM4wO2t2-vW6WgMGaE=\/1440x810\/filters:format(webp):quality(85)\/cloudfront-us-east-1.images.arcpublishing.com\/infobae\/HRYMG6JDF5AIJOW4VSZCJXHPYQ.jpg 1440w\" alt=\"Suman 4 d\u00edas de violencia y caos en Sinaloa.\nCr\u00e9dito: Cuartoscuro\" width=\"1920\" height=\"1080\" data-src=\"https:\/\/www.infobae.com\/new-resizer\/70yXT5dLx6bkp0BgbJZ-zHgecY4=\/420x236\/filters:format(webp):quality(85)\/cloudfront-us-east-1.images.arcpublishing.com\/infobae\/HRYMG6JDF5AIJOW4VSZCJXHPYQ.jpg 420w\" \/><\/div>\n<div><\/div>\n<div class=\"visual__image\">En una de estas grabaciones que se dio a conocer de forma extraoficial, un individuo apodado<b>\u00a0El Comanche\u00a0<\/b>\u2015uno de los principales jefes de seguridad de Mayito Flaco\u2015 orden\u00f3 \u201cacabar con Los Chapitos\u201d.<\/div>\n<p class=\"paragraph\" data-mrf-recirculation=\"Links inline\">En un principio, las autoridades de Sinaloa, desde el gobernador Rub\u00e9n Rocha Moya hasta el secretario de Seguridad estatal, Gerardo M\u00e9rida S\u00e1nchez, minimizaron la violencia reportada en medios y en redes sociales, destacando que estos hechos se hab\u00edan atendido de inmediato y que algunos eran falsos.<\/p>\n<p class=\"paragraph\" data-mrf-recirculation=\"Links inline\">Pese a ello, los hechos violentos registrados en los pr\u00f3ximos d\u00edas los orillaron finalmente a suspender los festejos del Grito de Independencia del 15 de septiembre.<\/p>\n<p class=\"paragraph\" data-mrf-recirculation=\"Links inline\">\u201cHemos resuelto que el festejo del \u2018Grito\u2019 del 15 de septiembre va a ser suspendido. No habr\u00e1 festejo alguno ni p\u00fablico, ni privado (&#8230;) El protocolo b\u00e1sicamente lo haremos aqu\u00ed en el Palacio de Gobierno con la presencia de la escolta, de la banda de guerra y mi gabinete. Exclusivamente, no hay invitados. Pero el protocolo lo haremos como forma de honrar a la Patria y a los h\u00e9roes que nos dieron libertad\u201d, dijo en un mensaje Rocha Moya.<\/p>\n<div class=\"visual__image\"><img loading=\"lazy\" decoding=\"async\" class=\"\" src=\"https:\/\/www.infobae.com\/new-resizer\/KmeuYG2YBjV0APZHtplSi5u6Dxs=\/420x236\/filters:format(webp):quality(85)\/cloudfront-us-east-1.images.arcpublishing.com\/infobae\/RELI5TPGR5FPVH2HM7X6ZZEROY.jpg%20420w\" sizes=\"auto, (min-width: 1560px) 856px, (min-width: 1000px) calc(74.63vw - 293px), (min-width: 780px) calc(100vw - 376px), (min-width: 580px) calc(100vw - 32px), 100vw\" srcset=\"https:\/\/www.infobae.com\/new-resizer\/KmeuYG2YBjV0APZHtplSi5u6Dxs=\/420x236\/filters:format(webp):quality(85)\/cloudfront-us-east-1.images.arcpublishing.com\/infobae\/RELI5TPGR5FPVH2HM7X6ZZEROY.jpg 420w,https:\/\/www.infobae.com\/new-resizer\/oFrHMcOejbZX4_sUWlKRpCJndHo=\/768x432\/filters:format(webp):quality(85)\/cloudfront-us-east-1.images.arcpublishing.com\/infobae\/RELI5TPGR5FPVH2HM7X6ZZEROY.jpg 768w,https:\/\/www.infobae.com\/new-resizer\/dEjulcFxcXOHkuznHyMNof1P2_M=\/992x558\/filters:format(webp):quality(85)\/cloudfront-us-east-1.images.arcpublishing.com\/infobae\/RELI5TPGR5FPVH2HM7X6ZZEROY.jpg 992w,https:\/\/www.infobae.com\/new-resizer\/wxmym6XjIS3lXDs0dH0C8DHe5H0=\/1200x675\/filters:format(webp):quality(85)\/cloudfront-us-east-1.images.arcpublishing.com\/infobae\/RELI5TPGR5FPVH2HM7X6ZZEROY.jpg 1200w,https:\/\/www.infobae.com\/new-resizer\/FvbTZwoB9DMWg2jXuJJ-uB9sh6U=\/1440x810\/filters:format(webp):quality(85)\/cloudfront-us-east-1.images.arcpublishing.com\/infobae\/RELI5TPGR5FPVH2HM7X6ZZEROY.jpg 1440w\" alt=\"El l\u00edder del Ejecutivo asegura que la situaci\u00f3n est\u00e1 bajo control. (Jovani P\u00e9rez | Infobae M\u00e9xico)\" width=\"1920\" height=\"1080\" data-src=\"https:\/\/www.infobae.com\/new-resizer\/KmeuYG2YBjV0APZHtplSi5u6Dxs=\/420x236\/filters:format(webp):quality(85)\/cloudfront-us-east-1.images.arcpublishing.com\/infobae\/RELI5TPGR5FPVH2HM7X6ZZEROY.jpg 420w\" \/><\/div>\n<div><\/div>\n<div class=\"headline-wrapper\">\n<h2 class=\"header headline-class-h2\">19 muertos y 28 desaparecidos<\/h2>\n<\/div>\n<p class=\"paragraph\" data-mrf-recirculation=\"Links inline\">De acuerdo con el \u00faltimo reporte de la Fiscal\u00eda General de Sinaloa, los enfrentamientos entre estas facciones han dejado un total de 19 de muertos por arma de fuego y se han reportado 28 personas desaparecidas. Adem\u00e1s de 11 personas lesionadas por disparos de arma de fuego, de las cuales, nueve son hombres y dos son mujeres.<\/p>\n<p class=\"paragraph\" data-mrf-recirculation=\"Links inline\">Este viernes hasta las 22:00 horas se registr\u00f3 el homicidio doloso de 2 personas en el municipio de Culiac\u00e1n y 5 m\u00e1s en el municipio de Concordia, donde se han suscitado eventos violentos entre grupos delictivos.<\/p>\n<p class=\"paragraph\" data-mrf-recirculation=\"Links inline\">\u201cSe trata de dos masculinos encontrados sin vida, uno en la localidad de La Pitayita y otro en la colonia Sim\u00f3n Bol\u00edvar de la Ciudad de Culiac\u00e1n, as\u00ed como tres personas localizadas en el lugar conocido como el Palmito y dos en el Poblado Corte Alto del municipio de Concordia\u201d.<\/p>\n<p class=\"paragraph\" data-mrf-recirculation=\"Links inline\">En el caso de denuncias formalizadas en la Unidad Especializada en Robo de Veh\u00edculo Zona Centro, van 36 carpetas abiertas.<\/p>\n<p data-mrf-recirculation=\"Links inline\">\n<p data-mrf-recirculation=\"Links inline\">Con informaci\u00f3n de Infobae<\/p>\n","protected":false},"excerpt":{"rendered":"<p>Tambi\u00e9n se han reportado \u201clevantones\u201d y robo de veh\u00edculos; los hechos violentos se trasladaron a otros municipios, por lo que las autoridades tuvieron que cancelar los festejos del Grito de Independencia del 15 de septiembre. PorAndr\u00e9s Mart\u00ednez Casi dos meses de la captura en Estados Unidos de\u00a0Ismael El Mayo Zambada, l\u00edder del C\u00e1rtel de Sinaloa, la violencia finalmente estall\u00f3 en la ciudad de Culiac\u00e1n, considerada como el basti\u00f3n de las dos principales facciones: Los Chapitos \u2015los hijos de Joaqu\u00edn El Chapo Guzm\u00e1n\u2015 y de La Mayiza \u2015sicarios ahora bajo las \u00f3rdenes de\u00a0Ismael Zambada Sicairos, alias\u00a0El Mayito Flaco\u2015 La aprehensi\u00f3n el [&hellip;]<\/p>\n","protected":false},"author":3,"featured_media":103760,"comment_status":"open","ping_status":"open","sticky":false,"template":"","format":"standard","meta":{"_jetpack_newsletter_access":"","_jetpack_dont_email_post_to_subs":false,"_jetpack_newsletter_tier_id":0,"_jetpack_memberships_contains_paywalled_content":false,"_jetpack_feature_clip_id":0,"_jetpack_memberships_contains_paid_content":false,"footnotes":"","jetpack_publicize_message":"","jetpack_publicize_feature_enabled":true,"jetpack_social_post_already_shared":true,"jetpack_social_options":{"image_generator_settings":{"template":"highway","default_image_id":0,"font":"","enabled":false},"version":2},"jetpack_post_was_ever_published":false},"categories":[72,84],"tags":[],"class_list":["post-103756","post","type-post","status-publish","format-standard","has-post-thumbnail","hentry","category-portada","category-sinaloa-centro","post--single"],"jetpack_publicize_connections":[],"jetpack_featured_media_url":"https:\/\/ovelanalista.com\/wp-content\/uploads\/2024\/09\/Captura-de-Pantalla-2024-09-14-a-las-9.40.23.png","jetpack_sharing_enabled":true,"_links":{"self":[{"href":"https:\/\/ovelanalista.com\/index.php?rest_route=\/wp\/v2\/posts\/103756","targetHints":{"allow":["GET"]}}],"collection":[{"href":"https:\/\/ovelanalista.com\/index.php?rest_route=\/wp\/v2\/posts"}],"about":[{"href":"https:\/\/ovelanalista.com\/index.php?rest_route=\/wp\/v2\/types\/post"}],"author":[{"embeddable":true,"href":"https:\/\/ovelanalista.com\/index.php?rest_route=\/wp\/v2\/users\/3"}],"replies":[{"embeddable":true,"href":"https:\/\/ovelanalista.com\/index.php?rest_route=%2Fwp%2Fv2%2Fcomments&post=103756"}],"version-history":[{"count":1,"href":"https:\/\/ovelanalista.com\/index.php?rest_route=\/wp\/v2\/posts\/103756\/revisions"}],"predecessor-version":[{"id":103761,"href":"https:\/\/ovelanalista.com\/index.php?rest_route=\/wp\/v2\/posts\/103756\/revisions\/103761"}],"wp:featuredmedia":[{"embeddable":true,"href":"https:\/\/ovelanalista.com\/index.php?rest_route=\/wp\/v2\/media\/103760"}],"wp:attachment":[{"href":"https:\/\/ovelanalista.com\/index.php?rest_route=%2Fwp%2Fv2%2Fmedia&parent=103756"}],"wp:term":[{"taxonomy":"category","embeddable":true,"href":"https:\/\/ovelanalista.com\/index.php?rest_route=%2Fwp%2Fv2%2Fcategories&post=103756"},{"taxonomy":"post_tag","embeddable":true,"href":"https:\/\/ovelanalista.com\/index.php?rest_route=%2Fwp%2Fv2%2Ftags&post=103756"}],"curies":[{"name":"wp","href":"https:\/\/api.w.org\/{rel}","templated":true}]}}