{"id":103762,"date":"2024-09-14T11:45:50","date_gmt":"2024-09-14T17:45:50","guid":{"rendered":"https:\/\/ovelanalista.com\/?p=103762"},"modified":"2024-09-14T10:49:15","modified_gmt":"2024-09-14T16:49:15","slug":"kamala-me-enfrente-al-cartel-de-sinaloa","status":"publish","type":"post","link":"https:\/\/ovelanalista.com\/?p=103762","title":{"rendered":"Kamala: me enfrent\u00e9 al C\u00e1rtel de Sinaloa"},"content":{"rendered":"<div class=\"sc__header mx-auto lg:max-w-screen-lg \">\n<h6 class=\"subTitle text-2xl mb-5\"><strong>La vicepresidenta declar\u00f3 en un mitin en Pennsylvania que &#8220;como fiscal general de un estado fronterizo enfrent\u00e9 a organizaciones criminales transnacionales como el C\u00e1rtel de Sinaloa&#8221;.<\/strong><\/h6>\n<p>Kamala Harris, vicepresidenta y candidata dem\u00f3crata a la Casa Blanca, declar\u00f3 en un mitin en Pennsylvania que &#8220;como fiscal general de un estado fronterizo enfrent\u00e9 a organizaciones criminales transnacionales como el C\u00e1rtel de Sinaloa&#8221;. Antes, el papa Francisco indic\u00f3 que los cat\u00f3licos en EU tendr\u00e1n en las pr\u00f3ximas elecciones que elegir \u201cel mal menor\u201d, al referirse a la defensa del derecho al aborto por parte de la candidata del Partido Dem\u00f3crata y las deportaciones de millones de inmigrantes que ha prometido el republicano, Donald Trump. Agencias<\/p>\n<\/div>\n<p>&nbsp;<\/p>\n<p>Con informaci\u00f3n de El Universal<\/p>\n<div class=\"story-image mx-auto lg:max-w-screen-lg\"><picture class=\"story__pic block w-full justify-center flex\"><source class=\" lazyloading\" srcset=\"https:\/\/www.eluniversal.com.mx\/resizer\/v2\/GAFFCPNQZ5G63K5MGRCDBF4N4E.jpg?auth=c62cffd024101b9fb725828ed33caedc5a54ed7e06d3583a4add1387ea398e68&amp;smart=true&amp;width=300&amp;height=165\" media=\"(max-width: 360px)\" data-srcset=\"https:\/\/www.eluniversal.com.mx\/resizer\/v2\/GAFFCPNQZ5G63K5MGRCDBF4N4E.jpg?auth=c62cffd024101b9fb725828ed33caedc5a54ed7e06d3583a4add1387ea398e68&amp;smart=true&amp;width=300&amp;height=165\" \/><\/picture><\/div>\n","protected":false},"excerpt":{"rendered":"<p>La vicepresidenta declar\u00f3 en un mitin en Pennsylvania que &#8220;como fiscal general de un estado fronterizo enfrent\u00e9 a organizaciones criminales transnacionales como el C\u00e1rtel de Sinaloa&#8221;. Kamala Harris, vicepresidenta y candidata dem\u00f3crata a la Casa Blanca, declar\u00f3 en un mitin en Pennsylvania que &#8220;como fiscal general de un estado fronterizo enfrent\u00e9 a organizaciones criminales transnacionales como el C\u00e1rtel de Sinaloa&#8221;. Antes, el papa Francisco indic\u00f3 que los cat\u00f3licos en EU tendr\u00e1n en las pr\u00f3ximas elecciones que elegir \u201cel mal menor\u201d, al referirse a la defensa del derecho al aborto por parte de la candidata del Partido Dem\u00f3crata y las deportaciones [&hellip;]<\/p>\n","protected":false},"author":3,"featured_media":103766,"comment_status":"open","ping_status":"open","sticky":false,"template":"","format":"standard","meta":{"_jetpack_newsletter_access":"","_jetpack_dont_email_post_to_subs":false,"_jetpack_newsletter_tier_id":0,"_jetpack_memberships_contains_paywalled_content":false,"_jetpack_feature_clip_id":0,"_jetpack_memberships_contains_paid_content":false,"footnotes":"","jetpack_publicize_message":"","jetpack_publicize_feature_enabled":true,"jetpack_social_post_already_shared":true,"jetpack_social_options":{"image_generator_settings":{"template":"highway","default_image_id":0,"font":"","enabled":false},"version":2},"jetpack_post_was_ever_published":false},"categories":[90,89,72],"tags":[],"class_list":["post-103762","post","type-post","status-publish","format-standard","has-post-thumbnail","hentry","category-estatal","category-internacional","category-portada","post--single"],"jetpack_publicize_connections":[],"jetpack_featured_media_url":"https:\/\/ovelanalista.com\/wp-content\/uploads\/2024\/09\/Captura-de-Pantalla-2024-09-14-a-las-9.44.10.png","jetpack_sharing_enabled":true,"_links":{"self":[{"href":"https:\/\/ovelanalista.com\/index.php?rest_route=\/wp\/v2\/posts\/103762","targetHints":{"allow":["GET"]}}],"collection":[{"href":"https:\/\/ovelanalista.com\/index.php?rest_route=\/wp\/v2\/posts"}],"about":[{"href":"https:\/\/ovelanalista.com\/index.php?rest_route=\/wp\/v2\/types\/post"}],"author":[{"embeddable":true,"href":"https:\/\/ovelanalista.com\/index.php?rest_route=\/wp\/v2\/users\/3"}],"replies":[{"embeddable":true,"href":"https:\/\/ovelanalista.com\/index.php?rest_route=%2Fwp%2Fv2%2Fcomments&post=103762"}],"version-history":[{"count":3,"href":"https:\/\/ovelanalista.com\/index.php?rest_route=\/wp\/v2\/posts\/103762\/revisions"}],"predecessor-version":[{"id":103770,"href":"https:\/\/ovelanalista.com\/index.php?rest_route=\/wp\/v2\/posts\/103762\/revisions\/103770"}],"wp:featuredmedia":[{"embeddable":true,"href":"https:\/\/ovelanalista.com\/index.php?rest_route=\/wp\/v2\/media\/103766"}],"wp:attachment":[{"href":"https:\/\/ovelanalista.com\/index.php?rest_route=%2Fwp%2Fv2%2Fmedia&parent=103762"}],"wp:term":[{"taxonomy":"category","embeddable":true,"href":"https:\/\/ovelanalista.com\/index.php?rest_route=%2Fwp%2Fv2%2Fcategories&post=103762"},{"taxonomy":"post_tag","embeddable":true,"href":"https:\/\/ovelanalista.com\/index.php?rest_route=%2Fwp%2Fv2%2Ftags&post=103762"}],"curies":[{"name":"wp","href":"https:\/\/api.w.org\/{rel}","templated":true}]}}