{"id":103775,"date":"2024-09-14T12:30:45","date_gmt":"2024-09-14T18:30:45","guid":{"rendered":"https:\/\/ovelanalista.com\/?p=103775"},"modified":"2024-09-14T10:57:45","modified_gmt":"2024-09-14T16:57:45","slug":"miles-de-ciudadanos-en-chiapas-piden-al-gobierno-de-mexico-parar-la-violencia-del-narco","status":"publish","type":"post","link":"https:\/\/ovelanalista.com\/?p=103775","title":{"rendered":"Miles de ciudadanos en Chiapas piden al Gobierno de M\u00e9xico parar la violencia del narco"},"content":{"rendered":"<p>Unas 10 mil personas en Chiapas realizaron una marcha para exigir al Gobierno mexicano poner un alto a la violencia del narcotr\u00e1fico.<\/p>\n<p>Unas 10 mil personas de diferentes etnias del\u00a0<a href=\"https:\/\/lopezdoriga.com\/nacional\/video-sacerdote-reclama-amlo-rutilio-escandon-violencia-chiapas\/\" target=\"_blank\" rel=\"noopener\">estado<\/a>\u00a0de\u00a0<strong>Chiapas<\/strong>, defensores de derechos humanos, maestros jubilados, transportistas y la\u00a0<strong>Iglesia cat\u00f3lica<\/strong>\u00a0del estado, realizaron una marcha para exigir al\u00a0<strong>Gobierno mexicano<\/strong>\u00a0poner un alto a la violencia del\u00a0<strong>narcotr\u00e1fico<\/strong>\u00a0que ha ido en aumento en los \u00faltimos meses en la regi\u00f3n.<\/p>\n<p>\u201cChiapas es una bomba de tiempo, hay muchos desaparecidos, muchos secuestrados, hay muchas desapariciones, muchos asesinatos por la presencia del crimen organizado en\u00a0<strong>Chiapas<\/strong>\u201d, dijo el p\u00e1rroco de la Di\u00f3cesis de\u00a0<strong>San Crist\u00f3bal de Las Casas<\/strong>, Marcelo P\u00e9rez, al inicio de la marcha peregrinaci\u00f3n.<\/p>\n<figure id=\"attachment_1651304\" class=\"wp-caption aligncenter\" aria-labelledby=\"figcaption_attachment_1651304\"><img loading=\"lazy\" decoding=\"async\" class=\"size-large wp-image-1651304 img-responsive perfmatters-lazy entered pmloaded\" title=\"\" src=\"https:\/\/i0.wp.com\/lopezdoriga.com\/wp-content\/uploads\/2024\/09\/miles-de-ciudadanos-en-chiapas-piden-al-gobierno-de-mexico-parar-la-violencia-del-narco2.jpg?resize=1024%2C630&amp;ssl=1\" sizes=\"auto, (max-width: 1024px) 100vw, 1024px\" srcset=\"https:\/\/i0.wp.com\/lopezdoriga.com\/wp-content\/uploads\/2024\/09\/miles-de-ciudadanos-en-chiapas-piden-al-gobierno-de-mexico-parar-la-violencia-del-narco2-scaled.jpg?resize=1024%2C630&amp;ssl=1 1024w, https:\/\/i0.wp.com\/lopezdoriga.com\/wp-content\/uploads\/2024\/09\/miles-de-ciudadanos-en-chiapas-piden-al-gobierno-de-mexico-parar-la-violencia-del-narco2-scaled.jpg?resize=300%2C185&amp;ssl=1 300w, https:\/\/i0.wp.com\/lopezdoriga.com\/wp-content\/uploads\/2024\/09\/miles-de-ciudadanos-en-chiapas-piden-al-gobierno-de-mexico-parar-la-violencia-del-narco2-scaled.jpg?resize=768%2C473&amp;ssl=1 768w, https:\/\/i0.wp.com\/lopezdoriga.com\/wp-content\/uploads\/2024\/09\/miles-de-ciudadanos-en-chiapas-piden-al-gobierno-de-mexico-parar-la-violencia-del-narco2-scaled.jpg?resize=1536%2C946&amp;ssl=1 1536w, https:\/\/i0.wp.com\/lopezdoriga.com\/wp-content\/uploads\/2024\/09\/miles-de-ciudadanos-en-chiapas-piden-al-gobierno-de-mexico-parar-la-violencia-del-narco2-scaled.jpg?resize=2048%2C1261&amp;ssl=1 2048w\" alt=\"Miles de ciudadanos en Chiapas piden al Gobierno de M\u00e9xico parar la violencia del narco - miles-de-ciudadanos-en-chiapas-piden-al-gobierno-de-mexico-parar-la-violencia-del-narco2-1024x630\" width=\"1024\" height=\"630\" data-recalc-dims=\"1\" data-src=\"https:\/\/i0.wp.com\/lopezdoriga.com\/wp-content\/uploads\/2024\/09\/miles-de-ciudadanos-en-chiapas-piden-al-gobierno-de-mexico-parar-la-violencia-del-narco2.jpg?resize=1024%2C630&amp;ssl=1\" data-srcset=\"https:\/\/i0.wp.com\/lopezdoriga.com\/wp-content\/uploads\/2024\/09\/miles-de-ciudadanos-en-chiapas-piden-al-gobierno-de-mexico-parar-la-violencia-del-narco2-scaled.jpg?resize=1024%2C630&amp;ssl=1 1024w, https:\/\/i0.wp.com\/lopezdoriga.com\/wp-content\/uploads\/2024\/09\/miles-de-ciudadanos-en-chiapas-piden-al-gobierno-de-mexico-parar-la-violencia-del-narco2-scaled.jpg?resize=300%2C185&amp;ssl=1 300w, https:\/\/i0.wp.com\/lopezdoriga.com\/wp-content\/uploads\/2024\/09\/miles-de-ciudadanos-en-chiapas-piden-al-gobierno-de-mexico-parar-la-violencia-del-narco2-scaled.jpg?resize=768%2C473&amp;ssl=1 768w, https:\/\/i0.wp.com\/lopezdoriga.com\/wp-content\/uploads\/2024\/09\/miles-de-ciudadanos-en-chiapas-piden-al-gobierno-de-mexico-parar-la-violencia-del-narco2-scaled.jpg?resize=1536%2C946&amp;ssl=1 1536w, https:\/\/i0.wp.com\/lopezdoriga.com\/wp-content\/uploads\/2024\/09\/miles-de-ciudadanos-en-chiapas-piden-al-gobierno-de-mexico-parar-la-violencia-del-narco2-scaled.jpg?resize=2048%2C1261&amp;ssl=1 2048w\" data-sizes=\"(max-width: 1024px) 100vw, 1024px\" data-ll-status=\"loaded\" \/><\/figure>\n<p>&nbsp;<\/p>\n<p>El religiso apunt\u00f3 que en \u00faltimas fechas \u201cla\u00a0<strong>violencia<\/strong>\u00a0se triplic\u00f3\u201d sobre todo en los municipios de Ocosingo, Chicomuselo y Frontera Comalapa, los dos \u00faltimos pr\u00e1cticamente en la frontera con Guatemala, pero, precispo, que desde hace tres a\u00f1os hay un riesgo inminente en los pueblos: La Grandeza, Bella Vista, Siltepec, El Porvenir y Motozintla.<\/p>\n<p>As\u00ed tambi\u00e9n como en Bejucal de Ocampo,\u00a0<strong>Honduras<\/strong>\u00a0de la Sierra, Mazapa de Madero, Amatenango de la Frontera, la Concordia, Montecristo de Guerrero, \u00c1ngel Albino Corzo y San Crist\u00f3bal de Las Casas, Tuxtla Guti\u00e9rrez, Reforma, Tila, Pantelo, Chenalh\u00f3, ya que en esos municipios \u201cexiste el sometimiento masivo, secuestros, asesinatos, reclutamientos de infantes y desplazamiento forzado\u201d.<\/p>\n<p>El\u00a0<strong>contingente<\/strong>\u00a0estuvo conformado por ind\u00edgenas mayas tzotziles, tzeltales, tojolabales, choles y zoques, as\u00ed como la organizaci\u00f3n civil \u2018El Pueblo Creyente\u2019 y la Iglesias bautista, quienes se congregaron en la Central de Abastos de Tuxtla Guti\u00e9rrez y finalizaron con una oraci\u00f3n, bajo un sol inclemente y una temperatura de 40 grados celsius.<\/p>\n<p>La marcha pac\u00edfica fue integrada por mujeres, adolescentes y personas mayores; quienes portaban banderas blancas, como s\u00edmbolo de paz, adem\u00e1s de\u00a0<strong>distintivos<\/strong>\u00a0en forma de mo\u00f1os: blancos, verdes, rojos y amarillos, y pancartas con los mensajes \u201cPaz\u201d, \u201cPaz para Chiapas\u201d, \u201dPaz para Simojovel\u201d, \u201c\u00a1La paz es un grito que merece ser escuchado!\u201d.<\/p>\n<p>\u201cSabemos que es una realidad, haya arriba (en la Sierra de Chiapas) la gente no se hace escuchar porque est\u00e1 sometida\u201d, expres\u00f3 Dulce R\u00edos, habitante de\u00a0<strong>Tapachula<\/strong>, quien destac\u00f3 la participaci\u00f3n de las mujeres en la manifestaci\u00f3n.<\/p>\n<div class=\"ad-container dfp-ad-unit ad-inread ad-slot\" data-ad-type=\"inreadbox\" data-slot=\"inread-multiple\" data-ad-loaded=\"1\" data-ad-setup=\"{&quot;postID&quot;:1651299,&quot;canRefresh&quot;:false,&quot;infinitescroll&quot;:false}\" data-google-query-id=\"CIXLqMLzwogDFePPTwIdjQgZog\">\n<p>Por los j\u00f3venes se manifest\u00f3 Anah\u00ed R\u00edos, quien reflexion\u00f3 que esta acci\u00f3n es por \u201caquellos que no tiene voz, esta es nuestra tarea ser voz de aquellos que ahorita est\u00e1n\u00a0<strong>refugiados<\/strong>, desplazados, escondidos, sometidos bajo una situaci\u00f3n\u201d.<\/p>\n<p>Los manifestantes tambi\u00e9n pidieron un alto a los megaproyectos del\u00a0<strong>Gobierno de M\u00e9xico<\/strong>, a los desplazamientos forzados, al despojo de tierra, a las violaciones de los derechos de las ni\u00f1as, ni\u00f1os y adolescentes, mujeres y hombres.<\/p>\n<p>Apenas el pasado mi\u00e9rcoles a medio d\u00eda en pleno centro del poblado de Villaflores se desat\u00f3 una balacera entre sicarios del crimen organizado y agentes de la\u00a0<strong>Fuerzas Armadas de M\u00e9xico<\/strong>.<\/p>\n<p>Autoridades se\u00f1alaron que en ese enfrentamiento se dio la\u00a0<strong>detenci\u00f3n<\/strong>\u00a0de ocho personas entre ellos un sicario, Marco \u201cN\u201d alias el \u201cPeligro\u201d, as\u00ed como de armamento.<\/p>\n<p>Al t\u00e9rmino de la marcha, un grupo de cat\u00f3licos celebr\u00f3 una misa en memoria de todas las\u00a0<strong>personas<\/strong>\u00a0que han muerto sin justicia y oraron para \u201cque el Gobierno mexicano reconozca esta situaci\u00f3n de terror que se viven en\u00a0<strong>Chiapas<\/strong>\u201c.<\/p>\n<p>Tanto los l\u00edderes religiosos como los ciudadanos prometen seguir moviliz\u00e1ndose hasta que sus demandas sean escuchadas.<\/p>\n<p>La manifestaci\u00f3n ocurre luego de que en los \u00faltimos meses los\u00a0<strong>enfrentamientos<\/strong>\u00a0armados entre sicarios del Cartel de Sinaloa (CDS) y Cartel Jalisco Nueva Generaci\u00f3n (CJNG), se han intensificado, utilizado a la poblaci\u00f3n civil como barrera humana para impedir el avance de los grupos rivales.<\/p>\n<p>Con informaci\u00f3n de EFE<\/p>\n<\/div>\n<p>&nbsp;<\/p>\n","protected":false},"excerpt":{"rendered":"<p>Unas 10 mil personas en Chiapas realizaron una marcha para exigir al Gobierno mexicano poner un alto a la violencia del narcotr\u00e1fico. Unas 10 mil personas de diferentes etnias del\u00a0estado\u00a0de\u00a0Chiapas, defensores de derechos humanos, maestros jubilados, transportistas y la\u00a0Iglesia cat\u00f3lica\u00a0del estado, realizaron una marcha para exigir al\u00a0Gobierno mexicano\u00a0poner un alto a la violencia del\u00a0narcotr\u00e1fico\u00a0que ha ido en aumento en los \u00faltimos meses en la regi\u00f3n. \u201cChiapas es una bomba de tiempo, hay muchos desaparecidos, muchos secuestrados, hay muchas desapariciones, muchos asesinatos por la presencia del crimen organizado en\u00a0Chiapas\u201d, dijo el p\u00e1rroco de la Di\u00f3cesis de\u00a0San Crist\u00f3bal de Las Casas, Marcelo [&hellip;]<\/p>\n","protected":false},"author":3,"featured_media":103778,"comment_status":"open","ping_status":"open","sticky":false,"template":"","format":"standard","meta":{"_jetpack_newsletter_access":"","_jetpack_dont_email_post_to_subs":false,"_jetpack_newsletter_tier_id":0,"_jetpack_memberships_contains_paywalled_content":false,"_jetpack_feature_clip_id":0,"_jetpack_memberships_contains_paid_content":false,"footnotes":"","jetpack_publicize_message":"","jetpack_publicize_feature_enabled":true,"jetpack_social_post_already_shared":true,"jetpack_social_options":{"image_generator_settings":{"template":"highway","default_image_id":0,"font":"","enabled":false},"version":2},"jetpack_post_was_ever_published":false},"categories":[75,72],"tags":[],"class_list":["post-103775","post","type-post","status-publish","format-standard","has-post-thumbnail","hentry","category-nacional","category-portada","post--single"],"jetpack_publicize_connections":[],"jetpack_featured_media_url":"https:\/\/ovelanalista.com\/wp-content\/uploads\/2024\/09\/miles-de-ciudadanos-en-chiapas-piden-al-gobierno-de-mexico-parar-la-violencia-del-narco1-scaled-1.webp","jetpack_sharing_enabled":true,"_links":{"self":[{"href":"https:\/\/ovelanalista.com\/index.php?rest_route=\/wp\/v2\/posts\/103775","targetHints":{"allow":["GET"]}}],"collection":[{"href":"https:\/\/ovelanalista.com\/index.php?rest_route=\/wp\/v2\/posts"}],"about":[{"href":"https:\/\/ovelanalista.com\/index.php?rest_route=\/wp\/v2\/types\/post"}],"author":[{"embeddable":true,"href":"https:\/\/ovelanalista.com\/index.php?rest_route=\/wp\/v2\/users\/3"}],"replies":[{"embeddable":true,"href":"https:\/\/ovelanalista.com\/index.php?rest_route=%2Fwp%2Fv2%2Fcomments&post=103775"}],"version-history":[{"count":1,"href":"https:\/\/ovelanalista.com\/index.php?rest_route=\/wp\/v2\/posts\/103775\/revisions"}],"predecessor-version":[{"id":103779,"href":"https:\/\/ovelanalista.com\/index.php?rest_route=\/wp\/v2\/posts\/103775\/revisions\/103779"}],"wp:featuredmedia":[{"embeddable":true,"href":"https:\/\/ovelanalista.com\/index.php?rest_route=\/wp\/v2\/media\/103778"}],"wp:attachment":[{"href":"https:\/\/ovelanalista.com\/index.php?rest_route=%2Fwp%2Fv2%2Fmedia&parent=103775"}],"wp:term":[{"taxonomy":"category","embeddable":true,"href":"https:\/\/ovelanalista.com\/index.php?rest_route=%2Fwp%2Fv2%2Fcategories&post=103775"},{"taxonomy":"post_tag","embeddable":true,"href":"https:\/\/ovelanalista.com\/index.php?rest_route=%2Fwp%2Fv2%2Ftags&post=103775"}],"curies":[{"name":"wp","href":"https:\/\/api.w.org\/{rel}","templated":true}]}}