{"id":103789,"date":"2024-09-14T14:00:57","date_gmt":"2024-09-14T20:00:57","guid":{"rendered":"https:\/\/ovelanalista.com\/?p=103789"},"modified":"2024-09-14T11:10:11","modified_gmt":"2024-09-14T17:10:11","slug":"yunes-marquez-advierte-que-no-permitira-expulsion-del-pan-impugnara-proceso","status":"publish","type":"post","link":"https:\/\/ovelanalista.com\/?p=103789","title":{"rendered":"Yunes M\u00e1rquez advierte que no permitir\u00e1 expulsi\u00f3n del PAN; impugnar\u00e1 proceso"},"content":{"rendered":"<div>Miguel \u00c1ngel Yunes enfatiz\u00f3 que &#8216;es un acto antidemocr\u00e1tico&#8217; la expulsi\u00f3n del PAN; indic\u00f3 que en un partido no pueden condicionar &#8216;votar en uno u otro sentido&#8217;<\/div>\n<div><\/div>\n<div>Tras denunciar una campa\u00f1a injusta en su contra porque no puede recaer la responsabilidad de un pa\u00eds en el voto de un solo hombre, Miguel \u00c1ngel Yunes M\u00e1rquez advirti\u00f3 que no permitir\u00e1 que lo expulsen del PAN por haber sufragado a favor de la reforma judicial con Morena, PT y PVEM.<\/div>\n<div><\/div>\n<div>&#8220;Yo estoy en el Partido Acci\u00f3n Nacional, creo que lo que est\u00e1n haciendo, tratar de expulsarnos a mi pap\u00e1 y a m\u00ed, es un acto antidemocr\u00e1tico&#8221;, declar\u00f3, luego de anunciar que impugnar\u00e1 este proceso interno de sanci\u00f3n ante el Tribunal Electoral del Poder Judicial de la Federaci\u00f3n (TEPJF).<\/div>\n<div><\/div>\n<div>&#8220;La Constituci\u00f3n y los propios estatutos del partido lo indican, no puede ser reconvenido un legislador por sus opiniones y mucho menos por el voto en uno u otro sentido en cualquiera de las iniciativas. Y voy a combatir este intento de expulsi\u00f3n, les voy a ganar y los voy a dejar en rid\u00edculo. (\u2026) Y creo que es injusto lo que est\u00e1n haciendo, yo no he tomado ninguna decisi\u00f3n. Pero, no voy a permitir que me expulsen por ser libre, por tomar decisi\u00f3n en libertad&#8221;, afirm\u00f3.<\/div>\n<div><\/div>\n<div>Se\u00f1al\u00f3 que &#8220;un partido pol\u00edtico no puede obligar a sus legisladores a votar en uno u otro sentido, yo lo hice de manera pensada, no soy el \u00fanico, hay varios legisladores locales que tampoco quisieron seguir las instrucciones del partido, porque somos libres de votar&#8221;.<\/div>\n<div><\/div>\n<div>Entrevistado al concluir la sesi\u00f3n ordinaria en el Senado donde se realiz\u00f3 la declaratoria constitucional de la reforma judicial, el pol\u00edtico veracruzano alert\u00f3 que hay una campa\u00f1a de linchamiento en su contra.<\/div>\n<div><\/div>\n<div>&#8220;Es totalmente injusto porque el pa\u00eds no puede depender de un solo voto, de un solo hombre. Ser\u00edamos un pa\u00eds pobre si fuera as\u00ed, esta responsabilidad depende de toda las senadoras y senadores, y de millones de mexicanos (\u2026) Es injusto que me quieren cargar a m\u00ed solo, como una sola persona, el destino de un pa\u00eds&#8221;, dijo.<\/div>\n<div><\/div>\n<div><\/div>\n<div>Yunes M\u00e1rquez, \u00fanico senador de oposici\u00f3n que asisti\u00f3 al pleno, neg\u00f3 que se vaya a sumar a la bancada del Partido Verde Ecologista de M\u00e9xico (PVEM), y record\u00f3 que ha dado 20 a\u00f1os al PAN en donde se han afrontado &#8220;batallas dur\u00edsimas en Veracruz&#8221;.<\/div>\n<div><\/div>\n<div>&#8211; \u00bfHabr\u00e1 m\u00e1s votos con Morena?, se le cuestion\u00f3.<\/div>\n<div><\/div>\n<div>&#8220;Yo actuar\u00e9 de manera independiente y libre, y votar\u00e9 yo a favor o en contra de lo que considere que es bueno para este pa\u00eds&#8221;, respondi\u00f3.<\/div>\n","protected":false},"excerpt":{"rendered":"<p>Miguel \u00c1ngel Yunes enfatiz\u00f3 que &#8216;es un acto antidemocr\u00e1tico&#8217; la expulsi\u00f3n del PAN; indic\u00f3 que en un partido no pueden condicionar &#8216;votar en uno u otro sentido&#8217; Tras denunciar una campa\u00f1a injusta en su contra porque no puede recaer la responsabilidad de un pa\u00eds en el voto de un solo hombre, Miguel \u00c1ngel Yunes M\u00e1rquez advirti\u00f3 que no permitir\u00e1 que lo expulsen del PAN por haber sufragado a favor de la reforma judicial con Morena, PT y PVEM. &#8220;Yo estoy en el Partido Acci\u00f3n Nacional, creo que lo que est\u00e1n haciendo, tratar de expulsarnos a mi pap\u00e1 y a m\u00ed, [&hellip;]<\/p>\n","protected":false},"author":3,"featured_media":103792,"comment_status":"open","ping_status":"open","sticky":false,"template":"","format":"standard","meta":{"_jetpack_newsletter_access":"","_jetpack_dont_email_post_to_subs":false,"_jetpack_newsletter_tier_id":0,"_jetpack_memberships_contains_paywalled_content":false,"_jetpack_feature_clip_id":0,"_jetpack_memberships_contains_paid_content":false,"footnotes":"","jetpack_publicize_message":"","jetpack_publicize_feature_enabled":true,"jetpack_social_post_already_shared":true,"jetpack_social_options":{"image_generator_settings":{"template":"highway","default_image_id":0,"font":"","enabled":false},"version":2},"jetpack_post_was_ever_published":false},"categories":[75,72],"tags":[],"class_list":["post-103789","post","type-post","status-publish","format-standard","has-post-thumbnail","hentry","category-nacional","category-portada","post--single"],"jetpack_publicize_connections":[],"jetpack_featured_media_url":"https:\/\/ovelanalista.com\/wp-content\/uploads\/2024\/09\/Yunes-Ma\u0301rquez.jpeg","jetpack_sharing_enabled":true,"_links":{"self":[{"href":"https:\/\/ovelanalista.com\/index.php?rest_route=\/wp\/v2\/posts\/103789","targetHints":{"allow":["GET"]}}],"collection":[{"href":"https:\/\/ovelanalista.com\/index.php?rest_route=\/wp\/v2\/posts"}],"about":[{"href":"https:\/\/ovelanalista.com\/index.php?rest_route=\/wp\/v2\/types\/post"}],"author":[{"embeddable":true,"href":"https:\/\/ovelanalista.com\/index.php?rest_route=\/wp\/v2\/users\/3"}],"replies":[{"embeddable":true,"href":"https:\/\/ovelanalista.com\/index.php?rest_route=%2Fwp%2Fv2%2Fcomments&post=103789"}],"version-history":[{"count":1,"href":"https:\/\/ovelanalista.com\/index.php?rest_route=\/wp\/v2\/posts\/103789\/revisions"}],"predecessor-version":[{"id":103793,"href":"https:\/\/ovelanalista.com\/index.php?rest_route=\/wp\/v2\/posts\/103789\/revisions\/103793"}],"wp:featuredmedia":[{"embeddable":true,"href":"https:\/\/ovelanalista.com\/index.php?rest_route=\/wp\/v2\/media\/103792"}],"wp:attachment":[{"href":"https:\/\/ovelanalista.com\/index.php?rest_route=%2Fwp%2Fv2%2Fmedia&parent=103789"}],"wp:term":[{"taxonomy":"category","embeddable":true,"href":"https:\/\/ovelanalista.com\/index.php?rest_route=%2Fwp%2Fv2%2Fcategories&post=103789"},{"taxonomy":"post_tag","embeddable":true,"href":"https:\/\/ovelanalista.com\/index.php?rest_route=%2Fwp%2Fv2%2Ftags&post=103789"}],"curies":[{"name":"wp","href":"https:\/\/api.w.org\/{rel}","templated":true}]}}