{"id":103796,"date":"2024-09-16T09:01:18","date_gmt":"2024-09-16T15:01:18","guid":{"rendered":"https:\/\/ovelanalista.com\/?p=103796"},"modified":"2024-09-16T09:01:18","modified_gmt":"2024-09-16T15:01:18","slug":"con-amlo-el-mayor-incremento-de-la-canasta-alimentaria-de-los-ultimos-4-sexenios","status":"publish","type":"post","link":"https:\/\/ovelanalista.com\/?p=103796","title":{"rendered":"Con AMLO, el mayor incremento de la Canasta Alimentaria de los \u00faltimos 4 sexenios"},"content":{"rendered":"<div><strong>Alguien Tiene que Decirlo<\/strong><\/div>\n<div><\/div>\n<div><\/div>\n<div><\/div>\n<div><strong>Samuel Sarmiento<\/strong><\/div>\n<div><\/div>\n<div>A prop\u00f3sito de la Iniciativa que propone eliminar los organismos aut\u00f3nomos, entre ellos, el Consejo Nacional de Evaluaci\u00f3n de la Pol\u00edtica de Desarrollo Social (CONEVAL) y que en el 6to Informe de Gobierno, el Presidente Andr\u00e9s Manuel L\u00f3pez Obrador afirm\u00f3 que la canasta alimentaria hab\u00eda bajado 40%, al pasar de $1,339 mensuales a $800 al final de su gesti\u00f3n, les voy a compartir \u201clos datos oficiales\u201d del CONEVAL.<\/div>\n<div>Desde su creaci\u00f3n en 2004, con la promulgaci\u00f3n de la Ley General de Desarrollo Social, el CONEVAL ha sido la \u00fanica instancia responsable de medir la pobreza y la eficacia de los programas sociales, pero con la Iniciativa que fue aprobada por la Comisi\u00f3n de Puntos Constitucionales de la C\u00e1mara de Diputados y que ser\u00e1 discutida en octubre, INEGI absorber\u00e1 las funciones del CONEVAL.<\/div>\n<div>Sin embargo, INEGI al ser un organismo constitucional aut\u00f3nomo, pero nombrado por el Presidente, pues dar\u00e1 las cifras que al gobierno en turno m\u00e1s le convengan.<\/div>\n<div>En ese sentido, les comparto las cifras del CONEVAL antes de que lo eliminen. En agosto de 2024, la l\u00ednea de pobreza extrema por ingresos, es decir, todas aquellas personas cuyos ingresos no les alcanza ni para comer, se ubic\u00f3 en $1,801 mensuales por persona en el medio rural y $2,355 mensuales en la ciudad.<\/div>\n<div>No obstante, ya que en M\u00e9xico el promedio de los hogares es 4 personas, entonces, las familias deben ganar al menos $7,202 mensuales en el campo y $9,419 en la ciudad s\u00f3lo para alimentar a sus familias.<\/div>\n<div>En el segundo escal\u00f3n, que es la l\u00ednea de pobreza por ingresos, que incluye la canasta alimentaria m\u00e1s la no alimentaria, es decir, a los alimentos se le suman los servicios, como el transporte, limpieza, educaci\u00f3n, recreaci\u00f3n, vivienda, vestido, calzado y salud, se ubica en $3,297 mensuales por persona en el campo y $4,565 en la ciudad.<\/div>\n<div>Y considerando un hogar de 4 personas, entonces, las familias deben ganar, al menos $13,188 mensuales en el medio rural s\u00f3lo para no caer en pobreza por ingresos y $18,260 en la ciudad.<\/div>\n<div>Si lo analizamos por sexenio con el objetivo de verificar la afirmaci\u00f3n de L\u00f3pez Obrador, de que la canasta alimentaria baj\u00f3 40%, entonces, tenemos que la canasta alimentaria pas\u00f3 de $1,186 mensuales por persona en noviembre del 2018 a $1,801 mensuales en agosto del 2024, esto es un aumento del 52%, es decir, los precios de la canasta alimentaria se incrementaron m\u00e1s de la mitad a lo largo del sexenio, no se redujeron como \u00e9l lo afirm\u00f3.<\/div>\n<div>Como referencia, con Enrique Pe\u00f1a Nieto, en el mismo periodo, la canasta alimentaria se increment\u00f3 30%, con Felipe Calder\u00f3n 42% y con Vicente Fox 31%.<\/div>\n<div>Eso significa que con L\u00f3pez Obrador hemos tenido el mayor aumento de los precios de la canasta alimentaria de los \u00faltimos 4 sexenios.<\/div>\n<div>Ahora entienden, \u00bfpor qu\u00e9 AMLO quiere eliminar los organismos aut\u00f3nomos? para que \u201csus otros datos\u201d sean los \u00fanicos datos oficiales.<\/div>\n<div>Esperemos que pase algo de aqu\u00ed a octubre que reoriente esta decisi\u00f3n pol\u00edtica, que podr\u00eda trascender internacionalmente, hasta impactar el Tratado entre M\u00e9xico, Estados Unidos y Canad\u00e1 (T-MEC), por la eliminaci\u00f3n, en el mismo paquete, de la Comisi\u00f3n Federal de Competencia Econ\u00f3mica (COFECE), que podr\u00eda ser absorbida por la Secretar\u00eda de Econom\u00eda Federal.<\/div>\n<div>Por eso, le pregunto estimado lector: \u00bfse ha dado cuenta que sale con menos bolsas del supermercado por el aumento del 52% en los precios de la canasta alimentaria durante el sexenio de AMLO?<\/div>\n","protected":false},"excerpt":{"rendered":"<p>Alguien Tiene que Decirlo Samuel Sarmiento A prop\u00f3sito de la Iniciativa que propone eliminar los organismos aut\u00f3nomos, entre ellos, el Consejo Nacional de Evaluaci\u00f3n de la Pol\u00edtica de Desarrollo Social (CONEVAL) y que en el 6to Informe de Gobierno, el Presidente Andr\u00e9s Manuel L\u00f3pez Obrador afirm\u00f3 que la canasta alimentaria hab\u00eda bajado 40%, al pasar de $1,339 mensuales a $800 al final de su gesti\u00f3n, les voy a compartir \u201clos datos oficiales\u201d del CONEVAL. Desde su creaci\u00f3n en 2004, con la promulgaci\u00f3n de la Ley General de Desarrollo Social, el CONEVAL ha sido la \u00fanica instancia responsable de medir la [&hellip;]<\/p>\n","protected":false},"author":3,"featured_media":92501,"comment_status":"open","ping_status":"open","sticky":false,"template":"","format":"standard","meta":{"_jetpack_newsletter_access":"","_jetpack_dont_email_post_to_subs":false,"_jetpack_newsletter_tier_id":0,"_jetpack_memberships_contains_paywalled_content":false,"_jetpack_feature_clip_id":0,"_jetpack_memberships_contains_paid_content":false,"footnotes":"","jetpack_publicize_message":"","jetpack_publicize_feature_enabled":true,"jetpack_social_post_already_shared":true,"jetpack_social_options":{"image_generator_settings":{"template":"highway","default_image_id":0,"font":"","enabled":false},"version":2},"jetpack_post_was_ever_published":false},"categories":[79],"tags":[],"class_list":["post-103796","post","type-post","status-publish","format-standard","has-post-thumbnail","hentry","category-columnistas-nacionales","post--single"],"jetpack_publicize_connections":[],"jetpack_featured_media_url":"https:\/\/ovelanalista.com\/wp-content\/uploads\/2024\/03\/1SAMUEL-SARMIENTO-300x150-1.png","jetpack_sharing_enabled":true,"_links":{"self":[{"href":"https:\/\/ovelanalista.com\/index.php?rest_route=\/wp\/v2\/posts\/103796","targetHints":{"allow":["GET"]}}],"collection":[{"href":"https:\/\/ovelanalista.com\/index.php?rest_route=\/wp\/v2\/posts"}],"about":[{"href":"https:\/\/ovelanalista.com\/index.php?rest_route=\/wp\/v2\/types\/post"}],"author":[{"embeddable":true,"href":"https:\/\/ovelanalista.com\/index.php?rest_route=\/wp\/v2\/users\/3"}],"replies":[{"embeddable":true,"href":"https:\/\/ovelanalista.com\/index.php?rest_route=%2Fwp%2Fv2%2Fcomments&post=103796"}],"version-history":[{"count":1,"href":"https:\/\/ovelanalista.com\/index.php?rest_route=\/wp\/v2\/posts\/103796\/revisions"}],"predecessor-version":[{"id":103798,"href":"https:\/\/ovelanalista.com\/index.php?rest_route=\/wp\/v2\/posts\/103796\/revisions\/103798"}],"wp:featuredmedia":[{"embeddable":true,"href":"https:\/\/ovelanalista.com\/index.php?rest_route=\/wp\/v2\/media\/92501"}],"wp:attachment":[{"href":"https:\/\/ovelanalista.com\/index.php?rest_route=%2Fwp%2Fv2%2Fmedia&parent=103796"}],"wp:term":[{"taxonomy":"category","embeddable":true,"href":"https:\/\/ovelanalista.com\/index.php?rest_route=%2Fwp%2Fv2%2Fcategories&post=103796"},{"taxonomy":"post_tag","embeddable":true,"href":"https:\/\/ovelanalista.com\/index.php?rest_route=%2Fwp%2Fv2%2Ftags&post=103796"}],"curies":[{"name":"wp","href":"https:\/\/api.w.org\/{rel}","templated":true}]}}