{"id":103808,"date":"2024-09-16T10:01:24","date_gmt":"2024-09-16T16:01:24","guid":{"rendered":"https:\/\/ovelanalista.com\/?p=103808"},"modified":"2024-09-16T10:01:24","modified_gmt":"2024-09-16T16:01:24","slug":"la-costumbre-del-poder-no-merecemos-la-democracia","status":"publish","type":"post","link":"https:\/\/ovelanalista.com\/?p=103808","title":{"rendered":"La Costumbre del Poder: No merecemos la democracia"},"content":{"rendered":"<p><strong>* \u201cUno tambi\u00e9n construye lo que le ocurre. Lo construye, lo invoca, no deja escapar lo que le tiene que ocurrir. As\u00ed es el hombre. Obra as\u00ed incluso sabi\u00e9ndolo o sintiendo desde el principio, desde el primer instante, que lo que hace es algo fatal. Es como si se mantuviera unido a su destino, como si se llamaran y se crearan mutuamente. No es verdad que la fatalidad llegue ciega a nuestra vida, no. La fatalidad entra por la puerta que nosotros mismos hemos abierto, invit\u00e1ndola a pasar\u201d<\/strong><\/p>\n<p><strong>* Nosotros los mexicanos, todos, absolutamente todos, somos los responsables del aniquilamiento de la democracia, de ciertas libertades y de lo que nos suceda desde hoy<\/strong><\/p>\n<p><strong>Gregorio Ortega Molina<\/strong><\/p>\n<p>&nbsp;<\/p>\n<p>Ayer por la noche se celebr\u00f3 la ceremonia del grito de Independencia. La iluminaci\u00f3n y la Plaza colmadas por el M\u00e9xico bueno y sabio, como siempre; hoy se asiste al desfile de las Fuerzas Armadas. Ambos hechos todav\u00eda son motivo de festejo, aunque\u00a0<strong>el resultado fue un ensue\u00f1o intermitente, entre las traiciones, el caudillismo, los h\u00e9roes que no fueron, y el suced\u00e1neo de democracia que recetaron a los mexicanos<\/strong>.<\/p>\n<p>La distancia entre lo conceptuado por los griegos, lo desarrollado por los pol\u00edticos y pensadores a lo largo del surgimiento y desaparici\u00f3n de naciones e ideas para ofrecer un mundo mejor a las sociedades, y lo que hoy creemos democr\u00e1tico, es sideral.<\/p>\n<p>Lo cierto es que los gobiernos no gobiernan, quienes determinan lo que ha de hacerse, son los administradores de esos poderes f\u00e1cticos que hoy tienen a Occidente inmerso en un cambio civilizatorio. Es necesario incluir a los narcotraficantes en ese grupo, porque ellos, como los due\u00f1os del dinero, saben que\u00a0<strong>la democracia facilita la rebeli\u00f3n en la granja, y es lo que rechazan, prefieren dictaduras al desorden<\/strong>.<\/p>\n<p>Las confrontaciones b\u00e9licas geogr\u00e1ficamente localizadas (Rusia-Ucrania, Israel-Palestina, narco disputas regionales en Am\u00e9rica Latina y enfrentamientos armados por el poder pol\u00edtico en \u00c1frica) tienen alcances globales, sobre todo en comercio, finanzas, salud y orden o desorden social. Los identificados como poderes f\u00e1cticos\u00a0<strong>irrumpieron en el \u00e1mbito pol\u00edtico desde los conglomerados econ\u00f3micos, porque saben que requieren, con urgencia, de un control absoluto de las supuestas inquietudes de participaci\u00f3n en la toma de decisiones, pues la aut\u00e9ntica voz de esa mayor\u00eda debe ser silenciada, de lo contrario la exigencia de satisfacer sus necesidades implosionar\u00e1 todo proyecto de control<\/strong>.<\/p>\n<p>Los gobernados deben guardar un absoluto y respetuoso silencio, ya que, para interpretar sus deseos y exigencias y necesidades, est\u00e1 la sapiencia de sus supuestos representantes, porque fue a trav\u00e9s del voto no comprado, no vendido, no coercitivo, que los hicieron llegar como diputados y senadores al Congreso Federal, y as\u00ed fueran los fieles int\u00e9rpretes de su voluntad. Parten de lo considerado por ellos como una verdad incontrovertible:\u00a0<strong>s\u00f3lo los representantes populares saben lo que al M\u00e9xico bueno y sabio le hace falta<\/strong>.<\/p>\n<p>Guardadas las debidas distancias, lo que hoy sucede entre los gobernantes de la 4T y\u00a0<strong>ese M\u00e9xico bueno y sabio adormecido en los pl\u00e1sticos del bienestar<\/strong>, me recuerda un di\u00e1logo de\u00a0<strong><em>El \u00faltimo encuentro<\/em><\/strong>, ese en el que S\u00e1ndor M\u00e1rai pone en voz de su personaje: \u201cUno tambi\u00e9n construye lo que le ocurre. Lo construye, lo invoca, no deja escapar lo que le tiene que ocurrir. As\u00ed es el hombre. Obra as\u00ed incluso sabi\u00e9ndolo o sintiendo desde el principio, desde el primer instante, que lo que hace es algo fatal. Es como si se mantuviera unido a su destino, como si se llamaran y se crearan mutuamente.\u00a0<strong>No es verdad que la fatalidad llegue ciega a nuestra vida, no. La fatalidad entra por la puerta que nosotros mismos hemos abierto, invit\u00e1ndola a pasar<\/strong>\u201d.<\/p>\n<p>Nosotros los mexicanos, todos, absolutamente todos, somos los responsables del aniquilamiento de la democracia, de ciertas libertades y de lo que nos suceda desde hoy.<\/p>\n<p><a href=\"http:\/\/www.gregorioortega.blog\/\">www.gregorioortega.blog<\/a><br \/>\n@OrtegaGregorio<\/p>\n","protected":false},"excerpt":{"rendered":"<p>* \u201cUno tambi\u00e9n construye lo que le ocurre. Lo construye, lo invoca, no deja escapar lo que le tiene que ocurrir. As\u00ed es el hombre. Obra as\u00ed incluso sabi\u00e9ndolo o sintiendo desde el principio, desde el primer instante, que lo que hace es algo fatal. Es como si se mantuviera unido a su destino, como si se llamaran y se crearan mutuamente. No es verdad que la fatalidad llegue ciega a nuestra vida, no. La fatalidad entra por la puerta que nosotros mismos hemos abierto, invit\u00e1ndola a pasar\u201d * Nosotros los mexicanos, todos, absolutamente todos, somos los responsables del aniquilamiento [&hellip;]<\/p>\n","protected":false},"author":3,"featured_media":91773,"comment_status":"open","ping_status":"open","sticky":false,"template":"","format":"standard","meta":{"_jetpack_newsletter_access":"","_jetpack_dont_email_post_to_subs":false,"_jetpack_newsletter_tier_id":0,"_jetpack_memberships_contains_paywalled_content":false,"_jetpack_feature_clip_id":0,"_jetpack_memberships_contains_paid_content":false,"footnotes":"","jetpack_publicize_message":"","jetpack_publicize_feature_enabled":true,"jetpack_social_post_already_shared":true,"jetpack_social_options":{"image_generator_settings":{"template":"highway","default_image_id":0,"font":"","enabled":false},"version":2},"jetpack_post_was_ever_published":false},"categories":[79],"tags":[],"class_list":["post-103808","post","type-post","status-publish","format-standard","has-post-thumbnail","hentry","category-columnistas-nacionales","post--single"],"jetpack_publicize_connections":[],"jetpack_featured_media_url":"https:\/\/ovelanalista.com\/wp-content\/uploads\/2024\/03\/Gregorio-Ortega-Molina.jpeg","jetpack_sharing_enabled":true,"_links":{"self":[{"href":"https:\/\/ovelanalista.com\/index.php?rest_route=\/wp\/v2\/posts\/103808","targetHints":{"allow":["GET"]}}],"collection":[{"href":"https:\/\/ovelanalista.com\/index.php?rest_route=\/wp\/v2\/posts"}],"about":[{"href":"https:\/\/ovelanalista.com\/index.php?rest_route=\/wp\/v2\/types\/post"}],"author":[{"embeddable":true,"href":"https:\/\/ovelanalista.com\/index.php?rest_route=\/wp\/v2\/users\/3"}],"replies":[{"embeddable":true,"href":"https:\/\/ovelanalista.com\/index.php?rest_route=%2Fwp%2Fv2%2Fcomments&post=103808"}],"version-history":[{"count":1,"href":"https:\/\/ovelanalista.com\/index.php?rest_route=\/wp\/v2\/posts\/103808\/revisions"}],"predecessor-version":[{"id":103809,"href":"https:\/\/ovelanalista.com\/index.php?rest_route=\/wp\/v2\/posts\/103808\/revisions\/103809"}],"wp:featuredmedia":[{"embeddable":true,"href":"https:\/\/ovelanalista.com\/index.php?rest_route=\/wp\/v2\/media\/91773"}],"wp:attachment":[{"href":"https:\/\/ovelanalista.com\/index.php?rest_route=%2Fwp%2Fv2%2Fmedia&parent=103808"}],"wp:term":[{"taxonomy":"category","embeddable":true,"href":"https:\/\/ovelanalista.com\/index.php?rest_route=%2Fwp%2Fv2%2Fcategories&post=103808"},{"taxonomy":"post_tag","embeddable":true,"href":"https:\/\/ovelanalista.com\/index.php?rest_route=%2Fwp%2Fv2%2Ftags&post=103808"}],"curies":[{"name":"wp","href":"https:\/\/api.w.org\/{rel}","templated":true}]}}