{"id":103813,"date":"2024-09-16T10:30:19","date_gmt":"2024-09-16T16:30:19","guid":{"rendered":"https:\/\/ovelanalista.com\/?p=103813"},"modified":"2024-09-16T10:09:56","modified_gmt":"2024-09-16T16:09:56","slug":"siete-dias-de-violencia-en-culiacan-dejan-saldo-oficial-de-33-muertos","status":"publish","type":"post","link":"https:\/\/ovelanalista.com\/?p=103813","title":{"rendered":"Siete d\u00edas de violencia en Culiac\u00e1n dejan saldo oficial de 33 muertos"},"content":{"rendered":"<p>Los disturbios han provocado el cierre de negocios y la suspensi\u00f3n de clases en algunas instituciones acad\u00e9micas.<\/p>\n<address>Entre el lunes 9 y este domingo 15 de septiembre, la violencia ligada a grupos del narcotr\u00e1fico, presuntamente facciones del Cartel de Sinaloa (CDS), ha dejado al menos 33 muertos y uno n\u00famero similar de desapariciones forzadas en la ciudad de Culiac\u00e1n, capital del estado de Sinaloa, noroeste de M\u00e9xico, seg\u00fan inform\u00f3 la Fiscal\u00eda General del Estado de Sinaloa (FGES).<\/p>\n<p>Hasta el s\u00e1bado, la Fiscal\u00eda General del Estado de Sinaloa (FGES) hab\u00eda reportado en distintos comunicados y en distintos hechos un total de 22 v\u00edctimas, pero este d\u00eda las muertes subieron a 33 tras el registro otras 11 v\u00edctimas halladas durante la jornada del domingo.<\/p>\n<p>Este d\u00eda los cuerpos sin vida de cinco hombres fueron abandonados, todos ellos con un sombrero en la cabeza, en la salida sur de la ciudad de Culiac\u00e1n.<\/p>\n<p><a href=\"https:\/\/editorial.aristeguinoticias.com\/wp-content\/uploads\/2024\/09\/politica-Lopez-Obrador-contra-Crimen-Organizado-violencia-Sinaloa-Articulo-14092024.jpg\"><img loading=\"lazy\" decoding=\"async\" class=\"alignnone size-full wp-image-1420199\" src=\"https:\/\/editorial.aristeguinoticias.com\/wp-content\/uploads\/2024\/09\/politica-Lopez-Obrador-contra-Crimen-Organizado-violencia-Sinaloa-Articulo-14092024.jpg\" sizes=\"auto, (max-width: 1200px) 100vw, 1200px\" srcset=\"https:\/\/editorial.aristeguinoticias.com\/wp-content\/uploads\/2024\/09\/politica-Lopez-Obrador-contra-Crimen-Organizado-violencia-Sinaloa-Articulo-14092024.jpg 1200w, https:\/\/editorial.aristeguinoticias.com\/wp-content\/uploads\/2024\/09\/politica-Lopez-Obrador-contra-Crimen-Organizado-violencia-Sinaloa-Articulo-14092024-250x156.jpg 250w, https:\/\/editorial.aristeguinoticias.com\/wp-content\/uploads\/2024\/09\/politica-Lopez-Obrador-contra-Crimen-Organizado-violencia-Sinaloa-Articulo-14092024-700x438.jpg 700w, https:\/\/editorial.aristeguinoticias.com\/wp-content\/uploads\/2024\/09\/politica-Lopez-Obrador-contra-Crimen-Organizado-violencia-Sinaloa-Articulo-14092024-768x480.jpg 768w, https:\/\/editorial.aristeguinoticias.com\/wp-content\/uploads\/2024\/09\/politica-Lopez-Obrador-contra-Crimen-Organizado-violencia-Sinaloa-Articulo-14092024-628x393.jpg 628w, https:\/\/editorial.aristeguinoticias.com\/wp-content\/uploads\/2024\/09\/politica-Lopez-Obrador-contra-Crimen-Organizado-violencia-Sinaloa-Articulo-14092024-298x186.jpg 298w, https:\/\/editorial.aristeguinoticias.com\/wp-content\/uploads\/2024\/09\/politica-Lopez-Obrador-contra-Crimen-Organizado-violencia-Sinaloa-Articulo-14092024-295x184.jpg 295w, https:\/\/editorial.aristeguinoticias.com\/wp-content\/uploads\/2024\/09\/politica-Lopez-Obrador-contra-Crimen-Organizado-violencia-Sinaloa-Articulo-14092024-205x128.jpg 205w, https:\/\/editorial.aristeguinoticias.com\/wp-content\/uploads\/2024\/09\/politica-Lopez-Obrador-contra-Crimen-Organizado-violencia-Sinaloa-Articulo-14092024-720x450.jpg 720w, https:\/\/editorial.aristeguinoticias.com\/wp-content\/uploads\/2024\/09\/politica-Lopez-Obrador-contra-Crimen-Organizado-violencia-Sinaloa-Articulo-14092024-333x208.jpg 333w, https:\/\/editorial.aristeguinoticias.com\/wp-content\/uploads\/2024\/09\/politica-Lopez-Obrador-contra-Crimen-Organizado-violencia-Sinaloa-Articulo-14092024-120x75.jpg 120w\" alt=\"\" width=\"1200\" height=\"750\" \/><\/a><\/p>\n<p>El hallazgo fue reportado a las autoridades las 07:00 hora local. Seg\u00fan las primeras versiones, los cuerpos son hombres j\u00f3venes, entre 20 y 30 a\u00f1os, y todos fueron encontrados con un sombrero en la cabeza y un peque\u00f1o sombrero, de adorno, colgado en el pecho.<\/p>\n<div>\n<p>Al lugar, en la carretera M\u00e9xico 15 al sur de la ciudad de Culiac\u00e1n, llegaron agentes del Ej\u00e9rcito, de la Guardia Nacional, de la Polic\u00eda local y de la Fiscal\u00eda para las primeras investigaciones.<\/p>\n<p>Ademas, la titular de la FGES, Claudia S\u00e1nchez Kondo, inform\u00f3 que, este domingo se abri\u00f3 investigaci\u00f3n por el delito de homicidio doloso, debido a la localizaci\u00f3n de un cuerpo sin vida de una joven, y de dos hombres, los tres en distintos hechos.<\/p>\n<p>Y tambi\u00e9n se inici\u00f3 la investigaci\u00f3n por el hallazgo de tres personas sin vida, una mujer y dos hombres por disparos de arma de fuego, localizados en el municipio de Elota.<\/p>\n<p>Por la violencia, el Gobierno de Sinaloa suspendi\u00f3 los festejos del D\u00eda de la Independencia que celebran este 15 de septiembre, todas las escuelas han cancelado clases en Culiac\u00e1n y otros municipios, mientras que negocios han cerrado y las personas se resguardan en sus casas.<\/p>\n<p data-google-query-id=\"CMTn_bLsx4gDFVTz9QIdfrEDDQ\">Este domingo los alcaldes de los municipios de Ahome, Choix, Salvador Alvarado, Angostura, Mocorito, C\u00f3sala, Culiac\u00e1n, San Ignacio, Elota, Concordia, Escuinapa, anunciaron la suspensi\u00f3n de los festejos por el D\u00eda de Independencia, esto ante el aumento de violencia e inseuridad que se registra en Culiac\u00e1n y en algunos municipios del sur del estado.<\/p>\n<div data-google-query-id=\"CMTn_bLsx4gDFVTz9QIdfrEDDQ\">\n<p>El pasado viernes, el presidente Andr\u00e9s Manuel L\u00f3pez Obrador dijo que \u201chasta ahora no ha habido muchos homicidios\u201d en Sinaloa producto de enfrentamientos del narcotr\u00e1fico tras la captura del capo Ismael \u2018El Mayo\u2019 Zambada.<\/p>\n<div>\n<p>Desde el pasado lunes 9 de septiembre, Culiac\u00e1n se ha visto envuelto en una ola de violencia por la disputa territorial que sostienen grupos criminales, presuntamente entre las facciones de los hijos de Joaqu\u00edn \u2018El Chapo\u2019 Guzm\u00e1n y de Ismael \u2018El Mayo\u2019 Zambada, entregado a la justicia de Estados Unidos por Joaqu\u00edn Guzm\u00e1n L\u00f3pez.<\/p>\n<p>Los disturbios han provocado el cierre de negocios y la suspensi\u00f3n de clases en algunas instituciones acad\u00e9micas.<\/p>\n<p>L\u00f3pez Obrador acept\u00f3 el pasado martes 10 de septiembre que estos enfrentamientos pudieran estar relacionados con la detenci\u00f3n en Estados Unidos hace mes y medio del narcotraficante Ismael \u2018el Mayo\u2019 Zambada.<\/p>\n<div>\n<p>La violencia en Culiac\u00e1n, cuna del c\u00e1rtel de Sinaloa, se ha agravado en los \u00faltimos a\u00f1os, en gran medida debido a la lucha entre c\u00e1rteles por el control territorial y el tr\u00e1fico de drogas. Estas tensiones no han dejado muchas p\u00e9rdidas de vidas y han creado un clima de miedo y desconfianza entre la poblaci\u00f3n. EFE<\/p>\n<p>Con informaci\u00f3n de Aristegui Noticias<\/p>\n<\/div>\n<\/div>\n<\/div>\n<\/div>\n<\/address>\n","protected":false},"excerpt":{"rendered":"<p>Los disturbios han provocado el cierre de negocios y la suspensi\u00f3n de clases en algunas instituciones acad\u00e9micas. Entre el lunes 9 y este domingo 15 de septiembre, la violencia ligada a grupos del narcotr\u00e1fico, presuntamente facciones del Cartel de Sinaloa (CDS), ha dejado al menos 33 muertos y uno n\u00famero similar de desapariciones forzadas en la ciudad de Culiac\u00e1n, capital del estado de Sinaloa, noroeste de M\u00e9xico, seg\u00fan inform\u00f3 la Fiscal\u00eda General del Estado de Sinaloa (FGES). Hasta el s\u00e1bado, la Fiscal\u00eda General del Estado de Sinaloa (FGES) hab\u00eda reportado en distintos comunicados y en distintos hechos un total de [&hellip;]<\/p>\n","protected":false},"author":3,"featured_media":103817,"comment_status":"open","ping_status":"open","sticky":false,"template":"","format":"standard","meta":{"_jetpack_newsletter_access":"","_jetpack_dont_email_post_to_subs":false,"_jetpack_newsletter_tier_id":0,"_jetpack_memberships_contains_paywalled_content":false,"_jetpack_feature_clip_id":0,"_jetpack_memberships_contains_paid_content":false,"footnotes":"","jetpack_publicize_message":"","jetpack_publicize_feature_enabled":true,"jetpack_social_post_already_shared":true,"jetpack_social_options":{"image_generator_settings":{"template":"highway","default_image_id":0,"font":"","enabled":false},"version":2},"jetpack_post_was_ever_published":false},"categories":[72,84],"tags":[],"class_list":["post-103813","post","type-post","status-publish","format-standard","has-post-thumbnail","hentry","category-portada","category-sinaloa-centro","post--single"],"jetpack_publicize_connections":[],"jetpack_featured_media_url":"https:\/\/ovelanalista.com\/wp-content\/uploads\/2024\/09\/culiacan-culiacan-guerra-cartel-de-sinaloa.jpeg","jetpack_sharing_enabled":true,"_links":{"self":[{"href":"https:\/\/ovelanalista.com\/index.php?rest_route=\/wp\/v2\/posts\/103813","targetHints":{"allow":["GET"]}}],"collection":[{"href":"https:\/\/ovelanalista.com\/index.php?rest_route=\/wp\/v2\/posts"}],"about":[{"href":"https:\/\/ovelanalista.com\/index.php?rest_route=\/wp\/v2\/types\/post"}],"author":[{"embeddable":true,"href":"https:\/\/ovelanalista.com\/index.php?rest_route=\/wp\/v2\/users\/3"}],"replies":[{"embeddable":true,"href":"https:\/\/ovelanalista.com\/index.php?rest_route=%2Fwp%2Fv2%2Fcomments&post=103813"}],"version-history":[{"count":1,"href":"https:\/\/ovelanalista.com\/index.php?rest_route=\/wp\/v2\/posts\/103813\/revisions"}],"predecessor-version":[{"id":103818,"href":"https:\/\/ovelanalista.com\/index.php?rest_route=\/wp\/v2\/posts\/103813\/revisions\/103818"}],"wp:featuredmedia":[{"embeddable":true,"href":"https:\/\/ovelanalista.com\/index.php?rest_route=\/wp\/v2\/media\/103817"}],"wp:attachment":[{"href":"https:\/\/ovelanalista.com\/index.php?rest_route=%2Fwp%2Fv2%2Fmedia&parent=103813"}],"wp:term":[{"taxonomy":"category","embeddable":true,"href":"https:\/\/ovelanalista.com\/index.php?rest_route=%2Fwp%2Fv2%2Fcategories&post=103813"},{"taxonomy":"post_tag","embeddable":true,"href":"https:\/\/ovelanalista.com\/index.php?rest_route=%2Fwp%2Fv2%2Ftags&post=103813"}],"curies":[{"name":"wp","href":"https:\/\/api.w.org\/{rel}","templated":true}]}}