{"id":103814,"date":"2024-09-16T10:15:32","date_gmt":"2024-09-16T16:15:32","guid":{"rendered":"https:\/\/ovelanalista.com\/?p=103814"},"modified":"2024-09-16T10:07:30","modified_gmt":"2024-09-16T16:07:30","slug":"diocesis-de-culiacan-en-mexico-llama-a-mantenerse-unidos-ante-la-escalada-de-violencia","status":"publish","type":"post","link":"https:\/\/ovelanalista.com\/?p=103814","title":{"rendered":"Di\u00f3cesis de Culiac\u00e1n en M\u00e9xico llama a &#8220;mantenerse unidos&#8221; ante la escalada de violencia"},"content":{"rendered":"<section class=\"layout__main layout-with-rail__main\" data-editable=\"main\" data-track-zone=\"main\" data-reorderable=\"main\">\n<article class=\"article\" role=\"main\" data-uri=\"es.cms.cnn.com\/_components\/article\/instances\/cnne_article_1753467@published\" data-drag-disable=\"true\" data-unselectable=\"true\" data-regwall-disabled=\"true\" data-subscription-only=\"false\" data-paywall-disabled=\"true\">\n<section class=\"body tabcontent active\" data-tabcontent=\"Content\"><main class=\"article__main\"><\/p>\n<div class=\"article__content-container\">\n<div class=\"article__content\" data-editable=\"content\" data-reorderable=\"content\">\n<p class=\"paragraph inline-placeholder vossi-paragraph-primary-core-light\" data-uri=\"es.cms.cnn.com\/_components\/paragraph\/instances\/paragraph-ef5f02ba2b9fa2761926eb929ed395f5@published\" data-editable=\"text\" data-component-name=\"paragraph\" data-article-gutter=\"true\" data-analytics-observe=\"on\">La di\u00f3cesis de\u00a0<a href=\"https:\/\/cnnespanol.cnn.com\/2024\/09\/14\/violencia-sinaloa-muertos-ultimas-24-horas-trax\/\">Culiac\u00e1n en Sinaloa<\/a>\u00a0encabez\u00f3 una misa por la paz este domingo tras un fin de semana azotado por la violencia que dej\u00f3 un saldo de m\u00e1s de 10 homicidios.<\/p>\n<p class=\"paragraph inline-placeholder vossi-paragraph-primary-core-light\" data-uri=\"es.cms.cnn.com\/_components\/paragraph\/instances\/paragraph-a2614586ed2364e549b5d67dacd35c9e@published\" data-editable=\"text\" data-component-name=\"paragraph\" data-article-gutter=\"true\" data-analytics-observe=\"on\">Jes\u00fas Herrera Qui\u00f1onez, obispo de Culiac\u00e1n, dijo este domingo que no hay que dejar \u201cque un grupo o dos grupos o tres de los que sean de personas, divida a nuestra sociedad, a nuestra comunidad. Recordemos que hay un dicho que dice vivida y vencer\u00e1s, que como comunidad permanezcamos unidos\u201d.<\/p>\n<p class=\"paragraph inline-placeholder vossi-paragraph-primary-core-light\" data-uri=\"es.cms.cnn.com\/_components\/paragraph\/instances\/paragraph-b91f9cecbc316964dee933f7e6d25537@published\" data-editable=\"text\" data-component-name=\"paragraph\" data-article-gutter=\"true\" data-analytics-observe=\"off\">Herrera Qui\u00f1onez exhort\u00f3 en un comunicado el jueves a que quienes cometen cr\u00edmenes y crean miedo, se detengan y les record\u00f3 que Dios \u201cles pedir\u00e1 cuentas de su actuar\u201d.<\/p>\n<div class=\"ad-slot-dynamic ad-slot-dynamic--1\" data-uri=\"es.cms.cnn.com\/_components\/ad-slot-dynamic\/instances\/sharethrough@published\" data-placement=\"{&quot;mobile&quot;:{&quot;position&quot;:5},&quot;desktop&quot;:{&quot;position&quot;:3}}\" data-unselectable=\"true\">\n<div class=\"ad-slot\" data-uri=\"es.cms.cnn.com\/_components\/ad-slot\/instances\/cnne-v1@published\" data-path=\"end\/ad-slot-dynamic[0]\/items\" data-desktop-slot-id=\"ad_nat_btf_01\" data-mobile-slot-id=\"ad_nat_btf_01\" data-unselectable=\"true\">\n<div class=\"ad-slot__feedback ad-feedback-link-container\">\n<div class=\"ad-slot__ad-label\"><\/div>\n<div class=\"ad-feedback-link\" data-ad-type=\"DISPLAY\" data-ad-identifier=\"ad_nat_btf_01\">\n<div class=\"ad-feedback-link__label\"><\/div>\n<\/div>\n<\/div>\n<\/div>\n<\/div>\n<p class=\"paragraph inline-placeholder vossi-paragraph-primary-core-light\" data-uri=\"es.cms.cnn.com\/_components\/paragraph\/instances\/paragraph-53b45f8728415b77b073724305cb041e@published\" data-editable=\"text\" data-component-name=\"paragraph\" data-article-gutter=\"true\" data-analytics-observe=\"off\">\u201cHemos estado sufriendo el miedo por la detenci\u00f3n de personas, robo y quema de autom\u00f3viles y algunas muertes, y ante el aviso de que estos hechos continuar\u00e1n en los siguientes d\u00edas\u201d, afirm\u00f3 Herrera Qui\u00f1onez.<\/p>\n<p class=\"paragraph inline-placeholder vossi-paragraph-primary-core-light\" data-uri=\"es.cms.cnn.com\/_components\/paragraph\/instances\/paragraph-96c5a1bdeb94a422424ca9ba33848050@published\" data-editable=\"text\" data-component-name=\"paragraph\" data-article-gutter=\"true\" data-analytics-observe=\"off\">El estado al noreste de M\u00e9xico ha sido escenario de una intensa violencia. Se produjeron detenciones, asesinatos, enfrentamientos y disturbios como quema de autos en las \u00faltimas semanas. Desde el 13 al 15 de septiembre, la Fiscal\u00eda de Sinaloa registr\u00f3 11 homicidios.<\/p>\n<p class=\"paragraph inline-placeholder vossi-paragraph-primary-core-light\" data-uri=\"es.cms.cnn.com\/_components\/paragraph\/instances\/paragraph-4bc4b08163705823b2b80d643311bbf2@published\" data-editable=\"text\" data-component-name=\"paragraph\" data-article-gutter=\"true\" data-analytics-observe=\"off\">El gobernador de Sinaloa, Rub\u00e9n Rocha Moya, anunci\u00f3 el jueves a trav\u00e9s de un video publicado en su cuenta de X, la suspensi\u00f3n de clases en los municipios de Culiac\u00e1n, Elota, Cosal\u00e1 y San Ignacio debido a la inseguridad. Pese a haber cancelado el festejo del 15 de septiembre, para conmemorar la Independencia de M\u00e9xico, el domingo se llev\u00f3 a cabo una ceremonia encabezada por Rocha Moya.<\/p>\n<\/div>\n<div class=\"article__copyright\" data-editable=\"copyright\" data-reorderable=\"copyright\"><\/div>\n<\/div>\n<p><\/main><\/section>\n<\/article>\n<\/section>\n<section class=\"layout__end layout-with-rail__end\">\n<div data-editable=\"end\" data-track-zone=\"end\">\n<div class=\"bizdev-outbrain \" data-uri=\"es.cms.cnn.com\/_components\/bizdev-outbrain\/instances\/cnne-v1-article-ar10@published\" data-editable=\"settings\" data-visible-viewport=\"\" data-analytics-observe=\"off\">\n<div class=\"ob-smartfeed-wrapper feedIdx-0\">\n<div id=\"outbrain_widget_1001\" class=\"OUTBRAIN ob-onyx\" data-src=\"https:\/\/cnnespanol.cnn.com\/2024\/09\/16\/diocesis-culiacan-en-mexico-mantenerse-unidos-escalada-violencia\" data-widget-id=\"FMS_ONYX_VRLD_EOA\" data-card-idx=\"1\" data-feed-father-idx=\"0\" data-ob-mark=\"true\" data-browser=\"chrome\" data-os=\"macintel\" data-dynload=\"\" data-idx=\"1001\">\n<div class=\"ob-widget ob-video-reel-layout FMS_ONYX_VRLD_EOA ob-feed-idx-0-11741-89554\">\n<div class=\"obv-video-wrapper\">\n<div id=\"outbrain_widget_1001_FMS_ONYX_VRLD_EOA_playerWrapper\" class=\"ob-player-wrapper above-widget obv-hide-wrapper\">\n<div class=\"ob-inner-player-wrapper\">\n<div id=\"outbrain_widget_1001_FMS_ONYX_VRLD_EOA_VI_Player\" class=\"ob-player ob-instream vi-stories-parent-div\">\n<div id=\"vi-stories-top-div-2\" class=\"vi-stories-top-div viUnit2\">Con informaci\u00f3n de Aristegui Noticias<\/div>\n<\/div>\n<\/div>\n<\/div>\n<\/div>\n<\/div>\n<\/div>\n<div id=\"outbrain_widget_0\" class=\"OUTBRAIN ob-parent-feed\" data-src=\"https:\/\/cnnespanol.cnn.com\/2024\/09\/16\/diocesis-culiacan-en-mexico-mantenerse-unidos-escalada-violencia\" data-widget-id=\"AR_10\" data-ob-template=\"cnnenespanol\" data-ob-mark=\"true\" data-browser=\"chrome\" data-os=\"macintel\" data-dynload=\"\" data-idx=\"0\">\n<div class=\"ob-widget ob-feed-layout AR_10\">\n<div class=\"ob-widget-header\"><\/div>\n<\/div>\n<\/div>\n<\/div>\n<\/div>\n<\/div>\n<\/section>\n","protected":false},"excerpt":{"rendered":"<p>La di\u00f3cesis de\u00a0Culiac\u00e1n en Sinaloa\u00a0encabez\u00f3 una misa por la paz este domingo tras un fin de semana azotado por la violencia que dej\u00f3 un saldo de m\u00e1s de 10 homicidios. Jes\u00fas Herrera Qui\u00f1onez, obispo de Culiac\u00e1n, dijo este domingo que no hay que dejar \u201cque un grupo o dos grupos o tres de los que sean de personas, divida a nuestra sociedad, a nuestra comunidad. Recordemos que hay un dicho que dice vivida y vencer\u00e1s, que como comunidad permanezcamos unidos\u201d. Herrera Qui\u00f1onez exhort\u00f3 en un comunicado el jueves a que quienes cometen cr\u00edmenes y crean miedo, se detengan y les [&hellip;]<\/p>\n","protected":false},"author":3,"featured_media":103815,"comment_status":"open","ping_status":"open","sticky":false,"template":"","format":"standard","meta":{"_jetpack_newsletter_access":"","_jetpack_dont_email_post_to_subs":false,"_jetpack_newsletter_tier_id":0,"_jetpack_memberships_contains_paywalled_content":false,"_jetpack_feature_clip_id":0,"_jetpack_memberships_contains_paid_content":false,"footnotes":"","jetpack_publicize_message":"","jetpack_publicize_feature_enabled":true,"jetpack_social_post_already_shared":true,"jetpack_social_options":{"image_generator_settings":{"template":"highway","default_image_id":0,"font":"","enabled":false},"version":2},"jetpack_post_was_ever_published":false},"categories":[72,84],"tags":[],"class_list":["post-103814","post","type-post","status-publish","format-standard","has-post-thumbnail","hentry","category-portada","category-sinaloa-centro","post--single"],"jetpack_publicize_connections":[],"jetpack_featured_media_url":"https:\/\/ovelanalista.com\/wp-content\/uploads\/2024\/09\/Culiacansinaloa..jpeg","jetpack_sharing_enabled":true,"_links":{"self":[{"href":"https:\/\/ovelanalista.com\/index.php?rest_route=\/wp\/v2\/posts\/103814","targetHints":{"allow":["GET"]}}],"collection":[{"href":"https:\/\/ovelanalista.com\/index.php?rest_route=\/wp\/v2\/posts"}],"about":[{"href":"https:\/\/ovelanalista.com\/index.php?rest_route=\/wp\/v2\/types\/post"}],"author":[{"embeddable":true,"href":"https:\/\/ovelanalista.com\/index.php?rest_route=\/wp\/v2\/users\/3"}],"replies":[{"embeddable":true,"href":"https:\/\/ovelanalista.com\/index.php?rest_route=%2Fwp%2Fv2%2Fcomments&post=103814"}],"version-history":[{"count":1,"href":"https:\/\/ovelanalista.com\/index.php?rest_route=\/wp\/v2\/posts\/103814\/revisions"}],"predecessor-version":[{"id":103816,"href":"https:\/\/ovelanalista.com\/index.php?rest_route=\/wp\/v2\/posts\/103814\/revisions\/103816"}],"wp:featuredmedia":[{"embeddable":true,"href":"https:\/\/ovelanalista.com\/index.php?rest_route=\/wp\/v2\/media\/103815"}],"wp:attachment":[{"href":"https:\/\/ovelanalista.com\/index.php?rest_route=%2Fwp%2Fv2%2Fmedia&parent=103814"}],"wp:term":[{"taxonomy":"category","embeddable":true,"href":"https:\/\/ovelanalista.com\/index.php?rest_route=%2Fwp%2Fv2%2Fcategories&post=103814"},{"taxonomy":"post_tag","embeddable":true,"href":"https:\/\/ovelanalista.com\/index.php?rest_route=%2Fwp%2Fv2%2Ftags&post=103814"}],"curies":[{"name":"wp","href":"https:\/\/api.w.org\/{rel}","templated":true}]}}