{"id":103819,"date":"2024-09-16T10:45:00","date_gmt":"2024-09-16T16:45:00","guid":{"rendered":"https:\/\/ovelanalista.com\/?p=103819"},"modified":"2024-09-16T10:11:17","modified_gmt":"2024-09-16T16:11:17","slug":"hallan-ejecutado-en-la-costerita-en-culiacan","status":"publish","type":"post","link":"https:\/\/ovelanalista.com\/?p=103819","title":{"rendered":"Hallan ejecutado en La Costerita en Culiac\u00e1n"},"content":{"rendered":"<p>El cuerpo de un hombre asesinado semidesnudo est\u00e1 tirado boca abajo a la orilla de La Costerita, a pocos metros de una hielera.<\/p>\n<p>El occiso se localiz\u00f3 a aproximadamente a 200 metros al poniente del cruce con la avenida \u00c1lvaro Obreg\u00f3n.<\/p>\n<p>Hasta el momento la v\u00edctima no ha sido identificada por las autoridades.<\/p>\n<p>El cuerpo ser\u00e1 trasladado al Semefo, donde ser\u00e1 identificado por sus familiares.<\/p>\n<div class=\"sharedaddy sd-sharing-enabled\"><\/div>\n<div><\/div>\n<div>Con informaci\u00f3n de Caf\u00e9 Negro<\/div>\n","protected":false},"excerpt":{"rendered":"<p>El cuerpo de un hombre asesinado semidesnudo est\u00e1 tirado boca abajo a la orilla de La Costerita, a pocos metros de una hielera. El occiso se localiz\u00f3 a aproximadamente a 200 metros al poniente del cruce con la avenida \u00c1lvaro Obreg\u00f3n. Hasta el momento la v\u00edctima no ha sido identificada por las autoridades. El cuerpo ser\u00e1 trasladado al Semefo, donde ser\u00e1 identificado por sus familiares. Con informaci\u00f3n de Caf\u00e9 Negro<\/p>\n","protected":false},"author":3,"featured_media":103820,"comment_status":"open","ping_status":"open","sticky":false,"template":"","format":"standard","meta":{"_jetpack_newsletter_access":"","_jetpack_dont_email_post_to_subs":false,"_jetpack_newsletter_tier_id":0,"_jetpack_memberships_contains_paywalled_content":false,"_jetpack_feature_clip_id":0,"_jetpack_memberships_contains_paid_content":false,"footnotes":"","jetpack_publicize_message":"","jetpack_publicize_feature_enabled":true,"jetpack_social_post_already_shared":true,"jetpack_social_options":{"image_generator_settings":{"template":"highway","default_image_id":0,"font":"","enabled":false},"version":2},"jetpack_post_was_ever_published":false},"categories":[72,84],"tags":[],"class_list":["post-103819","post","type-post","status-publish","format-standard","has-post-thumbnail","hentry","category-portada","category-sinaloa-centro","post--single"],"jetpack_publicize_connections":[],"jetpack_featured_media_url":"https:\/\/ovelanalista.com\/wp-content\/uploads\/2024\/09\/Asesinado-en-La-Costerita.webp","jetpack_sharing_enabled":true,"_links":{"self":[{"href":"https:\/\/ovelanalista.com\/index.php?rest_route=\/wp\/v2\/posts\/103819","targetHints":{"allow":["GET"]}}],"collection":[{"href":"https:\/\/ovelanalista.com\/index.php?rest_route=\/wp\/v2\/posts"}],"about":[{"href":"https:\/\/ovelanalista.com\/index.php?rest_route=\/wp\/v2\/types\/post"}],"author":[{"embeddable":true,"href":"https:\/\/ovelanalista.com\/index.php?rest_route=\/wp\/v2\/users\/3"}],"replies":[{"embeddable":true,"href":"https:\/\/ovelanalista.com\/index.php?rest_route=%2Fwp%2Fv2%2Fcomments&post=103819"}],"version-history":[{"count":1,"href":"https:\/\/ovelanalista.com\/index.php?rest_route=\/wp\/v2\/posts\/103819\/revisions"}],"predecessor-version":[{"id":103822,"href":"https:\/\/ovelanalista.com\/index.php?rest_route=\/wp\/v2\/posts\/103819\/revisions\/103822"}],"wp:featuredmedia":[{"embeddable":true,"href":"https:\/\/ovelanalista.com\/index.php?rest_route=\/wp\/v2\/media\/103820"}],"wp:attachment":[{"href":"https:\/\/ovelanalista.com\/index.php?rest_route=%2Fwp%2Fv2%2Fmedia&parent=103819"}],"wp:term":[{"taxonomy":"category","embeddable":true,"href":"https:\/\/ovelanalista.com\/index.php?rest_route=%2Fwp%2Fv2%2Fcategories&post=103819"},{"taxonomy":"post_tag","embeddable":true,"href":"https:\/\/ovelanalista.com\/index.php?rest_route=%2Fwp%2Fv2%2Ftags&post=103819"}],"curies":[{"name":"wp","href":"https:\/\/api.w.org\/{rel}","templated":true}]}}