{"id":104406,"date":"2024-09-16T02:53:03","date_gmt":"2024-09-16T08:53:03","guid":{"rendered":"https:\/\/ovelanalista.com\/?p=104406"},"modified":"2024-09-23T03:02:22","modified_gmt":"2024-09-23T09:02:22","slug":"autoridades-y-ciudadanos-conmemoran-con-acto-civico-el-214-aniversario-de-la-independencia-de-mexico","status":"publish","type":"post","link":"https:\/\/ovelanalista.com\/?p=104406","title":{"rendered":"Autoridades y ciudadanos conmemoran con acto c\u00edvico el 214 Aniversario de la Independencia de M\u00e9xico."},"content":{"rendered":"<p><em><strong>La ceremonia realizada en Palacio Municipal estuvo encabezada por el Presidente Gerardo Vargas, Fuerzas Armadas, autoridades educativas, funcionarios, regidores y ciudadanos\u2026<\/strong><\/em><\/p>\n<p><strong>Los Mochis, Ahome, Sinaloa, a 16 de Septiembre del 2024.-<\/strong>\u00a0La ceremonia c\u00edvica de Izamiento y Honores a la Bandera Mexicana por el 214 Aniversario de la Independencia de M\u00e9xico, encabezada por el Alcalde Gerardo Octavio Vargas Landeros en Palacio Municipal, sirvi\u00f3 de marco para emitir un mensaje a favor de los valores patri\u00f3ticos, la paz, la justicia y la solidaridad, para ser cada vez mejores personas.<\/p>\n<p>As\u00ed lo expres\u00f3 la coordinadora de Tratamiento y Reinserci\u00f3n en Adolescentes en el Municipio de Ahome, Karina Soto Arellano, quien aprovech\u00f3 la oportunidad que le cedi\u00f3 el Presidente Gerardo Vargas, para ser la oradora en el evento.<\/p>\n<p>\u201cCompa\u00f1eros, que la lucha de la Independencia de M\u00e9xico nos sirva como inspiraci\u00f3n para ser mejores servidores p\u00fablicos y mejores ciudadanos, siguiendo el ejemplo de nuestros gobernantes en el pa\u00eds y el estado, en especial de nuestro l\u00edder Gerardo Vargas, que con esp\u00edritu incansable trabaja todos los d\u00edas para beneficio de los dem\u00e1s, poniendo \u00e9nfasis en los principios de no robar, no mentir y no traicionar.<\/p>\n<p>\u201cMe siento muy orgullosa de formar parte de esta transformaci\u00f3n, y les quiero pedir que vayamos de aqu\u00ed con la idea de fomentar entre los ni\u00f1os, adolescentes y j\u00f3venes, el amor por la patria y por la historia, y el esp\u00edritu de los valores de la solidaridad, el patriotismo, la paz, y la justicia, entre otros\u201d, expres\u00f3 la funcionaria.<\/p>\n<p>La ceremonia c\u00edvica estuvo engalanada con la participaci\u00f3n de la Escolta y Banda de Guerra de la Secretar\u00eda de Seguridad y Protecci\u00f3n Ciudadana de Ahome (SSyPC), y se cont\u00f3 con la presencia de los representantes de las Fuerzas Armadas de M\u00e9xico, autoridades educativas y civiles, as\u00ed como funcionarios, regidores y ciudadanos, que se dieron cita para ser parte de esta emotiva ceremonia que exalta los valores nacionales y patri\u00f3ticos.<\/p>\n","protected":false},"excerpt":{"rendered":"<p>La ceremonia realizada en Palacio Municipal estuvo encabezada por el Presidente Gerardo Vargas, Fuerzas Armadas, autoridades educativas, funcionarios, regidores y ciudadanos\u2026 Los Mochis, Ahome, Sinaloa, a 16 de Septiembre del 2024.-\u00a0La ceremonia c\u00edvica de Izamiento y Honores a la Bandera Mexicana por el 214 Aniversario de la Independencia de M\u00e9xico, encabezada por el Alcalde Gerardo Octavio Vargas Landeros en Palacio Municipal, sirvi\u00f3 de marco para emitir un mensaje a favor de los valores patri\u00f3ticos, la paz, la justicia y la solidaridad, para ser cada vez mejores personas. As\u00ed lo expres\u00f3 la coordinadora de Tratamiento y Reinserci\u00f3n en Adolescentes en el [&hellip;]<\/p>\n","protected":false},"author":3,"featured_media":104412,"comment_status":"open","ping_status":"open","sticky":false,"template":"","format":"standard","meta":{"_jetpack_newsletter_access":"","_jetpack_dont_email_post_to_subs":false,"_jetpack_newsletter_tier_id":0,"_jetpack_memberships_contains_paywalled_content":false,"_jetpack_feature_clip_id":0,"_jetpack_memberships_contains_paid_content":false,"footnotes":"","jetpack_publicize_message":"Autoridades y ciudadanos conmemoran con acto c\u00edvico el 214 Aniversario de la Independencia de M\u00e9xico.","jetpack_publicize_feature_enabled":true,"jetpack_social_post_already_shared":true,"jetpack_social_options":{"image_generator_settings":{"template":"highway","default_image_id":0,"font":"","enabled":false},"version":2},"jetpack_post_was_ever_published":false},"categories":[72,85],"tags":[],"class_list":["post-104406","post","type-post","status-publish","format-standard","has-post-thumbnail","hentry","category-portada","category-sinaloa-norte","post--single"],"jetpack_publicize_connections":[],"jetpack_featured_media_url":"https:\/\/ovelanalista.com\/wp-content\/uploads\/2024\/09\/WhatsApp-Image-2024-09-16-at-9.24.27-AM-1.jpeg","jetpack_sharing_enabled":true,"_links":{"self":[{"href":"https:\/\/ovelanalista.com\/index.php?rest_route=\/wp\/v2\/posts\/104406","targetHints":{"allow":["GET"]}}],"collection":[{"href":"https:\/\/ovelanalista.com\/index.php?rest_route=\/wp\/v2\/posts"}],"about":[{"href":"https:\/\/ovelanalista.com\/index.php?rest_route=\/wp\/v2\/types\/post"}],"author":[{"embeddable":true,"href":"https:\/\/ovelanalista.com\/index.php?rest_route=\/wp\/v2\/users\/3"}],"replies":[{"embeddable":true,"href":"https:\/\/ovelanalista.com\/index.php?rest_route=%2Fwp%2Fv2%2Fcomments&post=104406"}],"version-history":[{"count":1,"href":"https:\/\/ovelanalista.com\/index.php?rest_route=\/wp\/v2\/posts\/104406\/revisions"}],"predecessor-version":[{"id":104414,"href":"https:\/\/ovelanalista.com\/index.php?rest_route=\/wp\/v2\/posts\/104406\/revisions\/104414"}],"wp:featuredmedia":[{"embeddable":true,"href":"https:\/\/ovelanalista.com\/index.php?rest_route=\/wp\/v2\/media\/104412"}],"wp:attachment":[{"href":"https:\/\/ovelanalista.com\/index.php?rest_route=%2Fwp%2Fv2%2Fmedia&parent=104406"}],"wp:term":[{"taxonomy":"category","embeddable":true,"href":"https:\/\/ovelanalista.com\/index.php?rest_route=%2Fwp%2Fv2%2Fcategories&post=104406"},{"taxonomy":"post_tag","embeddable":true,"href":"https:\/\/ovelanalista.com\/index.php?rest_route=%2Fwp%2Fv2%2Ftags&post=104406"}],"curies":[{"name":"wp","href":"https:\/\/api.w.org\/{rel}","templated":true}]}}