{"id":104421,"date":"2024-09-03T03:06:19","date_gmt":"2024-09-03T09:06:19","guid":{"rendered":"https:\/\/ovelanalista.com\/?p=104421"},"modified":"2024-09-23T03:15:17","modified_gmt":"2024-09-23T09:15:17","slug":"obras-publicas-inicia-con-bacheo-de-la-carretera-mexico-15","status":"publish","type":"post","link":"https:\/\/ovelanalista.com\/?p=104421","title":{"rendered":"Obras P\u00fablicas inicia con bacheo de la carretera M\u00e9xico 15."},"content":{"rendered":"<p><strong><em>El Alcalde de Ahome Gerardo Vargas Landeros reconoci\u00f3 que dichas acciones no corresponden al Gobierno Municipal, sin embargo como autoridad debe de buscar una soluci\u00f3n para las problem\u00e1ticas que aquejan a la poblaci\u00f3n ahomense\u2026<\/em><\/strong><\/p>\n<p><strong>Los Mochis, Ahome, Sinaloa, a 03 de Septiembre del 2024.-\u00a0<\/strong>El Ayuntamiento de Ahome, a trav\u00e9s de la Secretario de Obras P\u00fablicas, Urbanismo y Ecolog\u00eda, comenzaron con acciones de bacheo en la Carretera Internacional M\u00e9xico 15, derivado del mal estado de la r\u00faa federal y en atenci\u00f3n a la ciudadan\u00eda.<\/p>\n<p>En este sentido, el Presidente Municipal de Ahome, C. Gerardo Octavio Vargas Landeros, reconoci\u00f3 que dichas acciones no son funci\u00f3n del Gobierno Municipal, pero que, como autoridad, se deben atender y buscar soluciones a los problemas de la poblaci\u00f3n ahomense.<\/p>\n<p>\u201cIniciamos ayer (lunes) un bacheo, habl\u00e9 con el Secretario de Obras P\u00fablicas del Gobierno del Estado, Ingeniero Montero, nos iban a triplicar la cantidad de asfalto que nos dieron el d\u00eda de ayer para reiniciar, mientras la Secretar\u00eda de Comunicaciones y Transporte hace la parte que le corresponde\u201d.<\/p>\n<p>El mun\u00edcipe mencion\u00f3 que esto no es una soluci\u00f3n definitiva, pero por estar en territorio municipal se debe atender la problem\u00e1tica.<\/p>\n<p>Subray\u00f3 que lo ideal es un reencarpetado completo, el cual deber\u00eda iniciar en los carriles que van de norte a sur, que son los m\u00e1s da\u00f1ados, principalmente de la curva de Barobampo a la frontera con el municipio de Huatabampo, Sonora.<\/p>\n<p>\u201cPero ser\u00e1n los t\u00e9cnicos quienes determinan exactamente cu\u00e1l ser\u00e1 la cantidad de asfalto y de inversi\u00f3n que se tiene que hacer, pero independientemente de cualquier cosa, nosotros ya estamos atendiendo\u201d.<\/p>\n<p>Agreg\u00f3 que no es la primera vez que se hace dicha gesti\u00f3n y, en atenci\u00f3n a la misma, se ha facilitado asfalto para que el Ayuntamiento de Ahome, con su equipo, lo aplique en acciones de bacheo.<\/p>\n<p>Por su parte Jaime Romero Barrera, Secretario de Obras P\u00fablicas, Urbanismo y Ecolog\u00eda, quien en compa\u00f1\u00eda del Secretario del Ayuntamiento, Dalvingh Iturrios Corrales, se reuni\u00f3 con vecinos de El Carrizo para ver el tema de bacheo en la r\u00faa federal, y coment\u00f3 que est\u00e1s acciones continuar\u00e1n por instrucci\u00f3n del Presidente Gerardo Vargas.<\/p>\n","protected":false},"excerpt":{"rendered":"<p>El Alcalde de Ahome Gerardo Vargas Landeros reconoci\u00f3 que dichas acciones no corresponden al Gobierno Municipal, sin embargo como autoridad debe de buscar una soluci\u00f3n para las problem\u00e1ticas que aquejan a la poblaci\u00f3n ahomense\u2026 Los Mochis, Ahome, Sinaloa, a 03 de Septiembre del 2024.-\u00a0El Ayuntamiento de Ahome, a trav\u00e9s de la Secretario de Obras P\u00fablicas, Urbanismo y Ecolog\u00eda, comenzaron con acciones de bacheo en la Carretera Internacional M\u00e9xico 15, derivado del mal estado de la r\u00faa federal y en atenci\u00f3n a la ciudadan\u00eda. En este sentido, el Presidente Municipal de Ahome, C. Gerardo Octavio Vargas Landeros, reconoci\u00f3 que dichas acciones [&hellip;]<\/p>\n","protected":false},"author":3,"featured_media":104426,"comment_status":"open","ping_status":"open","sticky":false,"template":"","format":"standard","meta":{"_jetpack_newsletter_access":"","_jetpack_dont_email_post_to_subs":false,"_jetpack_newsletter_tier_id":0,"_jetpack_memberships_contains_paywalled_content":false,"_jetpack_feature_clip_id":0,"_jetpack_memberships_contains_paid_content":false,"footnotes":"","jetpack_publicize_message":"Obras P\u00fablicas inicia con bacheo de la carretera M\u00e9xico 15.","jetpack_publicize_feature_enabled":true,"jetpack_social_post_already_shared":true,"jetpack_social_options":{"image_generator_settings":{"template":"highway","default_image_id":0,"font":"","enabled":false},"version":2},"jetpack_post_was_ever_published":false},"categories":[72,85],"tags":[],"class_list":["post-104421","post","type-post","status-publish","format-standard","has-post-thumbnail","hentry","category-portada","category-sinaloa-norte","post--single"],"jetpack_publicize_connections":[],"jetpack_featured_media_url":"https:\/\/ovelanalista.com\/wp-content\/uploads\/2024\/09\/WhatsApp-Image-2024-09-03-at-11.57.43-AM.jpeg","jetpack_sharing_enabled":true,"_links":{"self":[{"href":"https:\/\/ovelanalista.com\/index.php?rest_route=\/wp\/v2\/posts\/104421","targetHints":{"allow":["GET"]}}],"collection":[{"href":"https:\/\/ovelanalista.com\/index.php?rest_route=\/wp\/v2\/posts"}],"about":[{"href":"https:\/\/ovelanalista.com\/index.php?rest_route=\/wp\/v2\/types\/post"}],"author":[{"embeddable":true,"href":"https:\/\/ovelanalista.com\/index.php?rest_route=\/wp\/v2\/users\/3"}],"replies":[{"embeddable":true,"href":"https:\/\/ovelanalista.com\/index.php?rest_route=%2Fwp%2Fv2%2Fcomments&post=104421"}],"version-history":[{"count":1,"href":"https:\/\/ovelanalista.com\/index.php?rest_route=\/wp\/v2\/posts\/104421\/revisions"}],"predecessor-version":[{"id":104427,"href":"https:\/\/ovelanalista.com\/index.php?rest_route=\/wp\/v2\/posts\/104421\/revisions\/104427"}],"wp:featuredmedia":[{"embeddable":true,"href":"https:\/\/ovelanalista.com\/index.php?rest_route=\/wp\/v2\/media\/104426"}],"wp:attachment":[{"href":"https:\/\/ovelanalista.com\/index.php?rest_route=%2Fwp%2Fv2%2Fmedia&parent=104421"}],"wp:term":[{"taxonomy":"category","embeddable":true,"href":"https:\/\/ovelanalista.com\/index.php?rest_route=%2Fwp%2Fv2%2Fcategories&post=104421"},{"taxonomy":"post_tag","embeddable":true,"href":"https:\/\/ovelanalista.com\/index.php?rest_route=%2Fwp%2Fv2%2Ftags&post=104421"}],"curies":[{"name":"wp","href":"https:\/\/api.w.org\/{rel}","templated":true}]}}