{"id":104569,"date":"2024-09-26T12:13:12","date_gmt":"2024-09-26T18:13:12","guid":{"rendered":"https:\/\/ovelanalista.com\/?p=104569"},"modified":"2024-09-26T12:14:29","modified_gmt":"2024-09-26T18:14:29","slug":"104569-2","status":"publish","type":"post","link":"https:\/\/ovelanalista.com\/?p=104569","title":{"rendered":"El Ejercito \u00bftoma el control en Sinaloa?."},"content":{"rendered":"<p class=\"entry-title\">En el blanco por Fernando Zepeda H.<\/p>\n<p><em><strong>*El Ejercito \u00bftoma el control en Sinaloa?.<\/strong><\/em><br \/>\n<em><strong>*Militares desarman a toda la corporaci\u00f3n de la Polic\u00eda Municipal de Culiac\u00e1n<\/strong><\/em><br \/>\n<em><strong>*Aparece \u201cnarcomanta\u201d en la que acusan a militares y guardias nacionales de participar en \u201clevantones\u201d. Dan a conocer n\u00fameros de unidades<\/strong><\/em><br \/>\n<em><strong>*Prende la alarma en\u00a0<a class=\"google-anno\" href=\"https:\/\/sinaloaenlinea.com\/en-el-blanco-por-fernando-zepeda-h-239\/#\">\u00a0<span class=\"google-anno-t\">Mazatl\u00e1n<\/span><\/a>\u00a0por \u201clevantones\u201d de j\u00f3venes. Suman por lo menos ocho los desaparecidos. Pero pueden ser m\u00e1s<\/strong><\/em><br \/>\n<em><strong>*Es inconcebible que con tantos militares y polic\u00edas patrullando la ciudad, no se den cuenta de los civiles armados que circulan por las calles del puerto y \u201clevantan\u201d impunemente a j\u00f3venes a plena luz de d\u00eda<\/strong><\/em><br \/>\n<em><strong>*Padres de familia de Culiac\u00e1n exigen al Gobierno que se apliquen clases virtuales en tanto se resuelve el problema de violencia que se vive.<\/strong><\/em><br \/>\n<em><strong>*El Gobernador plantea la posibilidad de clases \u201chibridas\u201d<\/strong><\/em><br \/>\n<em><strong>*Al Gobernador le falla la Fiscal\u00eda y el Congreso en la instrucci\u00f3n que dio de actuar contra directivos de la UAS<\/strong><\/em><br \/>\n<em><strong>*Ante el fracaso del Gobierno, la sociedad se organiza, convocan a marcha por la paz este domingo en Culiac\u00e1n para rescatar las calles de la violencia<\/strong><\/em><\/p>\n<p><em><strong>\u00bfToma el Ejercito el control?.<\/strong>\u00a0<\/em>Sinaloa vive momentos claves. Como consecuencia de la violencia que se origin\u00f3 desde el pasado 25 de julio cuando Ismael Zambada junto con Joaqu\u00edn Guzm\u00e1n L\u00f3pez aparecieron en Estados Unidos, donde hoy est\u00e1n presos, Sinaloa ha vivido momentos de tensi\u00f3n, terror y la sociedad particularmente la de Culiac\u00e1n padece lo que ya es llamada una \u201cnarcoguerra\u201d. En estos dos meses y sobre todo a partir del 9 de septiembre, la ingobernabilidad en Sinaloa se asom\u00f3.<\/p>\n<p><img decoding=\"async\" src=\"https:\/\/sinaloaenlinea.com\/wp-content\/uploads\/2024\/09\/Wanted_Poster_Joaquin_Guzman_Lopez-791x1024.png\" \/><\/p>\n<p>&nbsp;<\/p>\n<p>El Gobernador Rub\u00e9n Rocha Moya involucrado en el tema por Ismael Zambada, se vio rebasado. Y premeditado o no, \u00e9l mismo solicit\u00f3 mayor presencia de las fuerzas militares. Hoy el Ejercito pareciera que tiene el control de las decisiones que se toman en Sinaloa. Pero no as\u00ed, el sometimiento de las bandas de criminales que siguen regando muertos, que siguen enfrent\u00e1ndose violentamente y nadie, absolutamente nadie ha logrado garantizar la seguridad de los ciudadanos.<\/p>\n<p><img decoding=\"async\" src=\"https:\/\/sinaloaenlinea.com\/wp-content\/uploads\/2024\/09\/Policia-Municipal-1.jpeg-1024x564.webp\" \/><\/p>\n<p>Ayer se conoci\u00f3 la intervenci\u00f3n del Ejercito que lleg\u00f3 sorpresivamente a las instalaciones de la Polic\u00eda Municipal de Culiac\u00e1n y orden\u00f3 desarmar a todos sus elementos. Por m\u00e1s que intente el Gobernador de explicar que es un asunto \u201cnormal\u201d, lo cierto es que las revisiones de armamentos de todas las corporaciones policiacas municipales se realizan por el Ejercito previo acuerdo y con fechas establecidas. La de ayer fue sorpresiva. La irrupci\u00f3n de los militares en Sinaloa, desplaza en la practica a la autoridad civil que se est\u00e1 viendo sometida.<\/p>\n<p>D\u00edfilamente el Gobernador reconocer\u00e1 que ha sido rebasado por las bandas de criminales actualmente en pugna. Porque eso ser\u00eda aceptar que estamos en la ingobernabilidad. Y cuando esto sucede, cualquier cosa puede pasar. Lo sucedido ayer a la polic\u00eda municipal de Culiac\u00e1n, puede que pase en el resto de los municipios de Sinaloa. Y no solo eso, no se descarta la posibilidad de que la Polic\u00eda Estatal tambi\u00e9n tenga esta \u201cvisita\u201d.<\/p>\n<p><em><strong>Que atr\u00e1s de levantones est\u00e1n militares.<\/strong><\/em>La aparici\u00f3n de una \u201cnarcomanta\u201d en Culiac\u00e1n ha venido a meterle ruido a esta \u201cguerra\u201d que se vive entre \u201clos chapitos\u201d y \u201clos mayos\u201d. No es una \u201cnarcomanta\u201d com\u00fan. La que ayer apareci\u00f3 en uno de los puentes de Culiac\u00e1n acusa a elementos del ejercito y de la Guardia Nacional de ser responsables de algunos \u201clevantones\u201d de personas cuyo paradero se desconoce. Y lo m\u00e1s delicado dan a conocer n\u00fameros de las unidades militares y de la Guardia Nacional que supuestamente han participado en estos \u201clevantones\u201d.<\/p>\n<p><img decoding=\"async\" src=\"https:\/\/sinaloaenlinea.com\/wp-content\/uploads\/2024\/09\/WhatsApp-Image-2024-09-25-at-08.19.43-768x1024.jpeg\" \/><\/p>\n<p>La manta no se la acredita ninguno de los dos grupos en pugna. Tampoco se\u00f1alan a que grupo pertenecen esas personas que dicen han sido levantadas por los militares y guardias nacionales. La historia habla de que estas guerras entre grupos del Crimen Organizado, cuando se pelean las plazas llegan a cooptar a las autoridades que supuestamente los est\u00e1n combatiendo. Claro est\u00e1, que el compromiso es apoyar a tal o cual facci\u00f3n. Por eso ser\u00eda interesante que se conociera que grupo es el que se acredita la denuncia en esa manta y los levantados con quien estaban.<\/p>\n<p class=\"google-auto-placed ap_container\"><img decoding=\"async\" src=\"https:\/\/sinaloaenlinea.com\/wp-content\/uploads\/2024\/09\/WhatsApp-Image-2024-09-25-at-08.28.45-1024x576.jpeg\" \/><\/p>\n<p>El mensaje que apareci\u00f3 en esa manta va dirigido al General Porfirio Fuentes, Comandante de la Novena Zona Militar con sede en Culiac\u00e1n y para el General H\u00e9ctor Jim\u00e9nez, Coordinador de la Guardia Nacional en Sinaloa.<\/p>\n<p><em><strong>Alarma en\u00a0<a class=\"google-anno\" href=\"https:\/\/sinaloaenlinea.com\/en-el-blanco-por-fernando-zepeda-h-239\/#\"><span class=\"google-anno-t\">Mazatl\u00e1n<\/span><\/a>.<\/strong><\/em>\u00a0Primero se report\u00f3 el fin de semana que tres j\u00f3venes hab\u00edan desaparecido. Supuestamente fueron \u201clevantados\u201d. Y ayer un nuevo caso inund\u00f3 las redes sociales de Mazatl\u00e1n en donde se pide la colaboraci\u00f3n de la ciudadan\u00eda para dar con el paradero del joven Irobel Abrajan Petriz. El llamado de familiares y amigos indica que el joven desapareci\u00f3 alrededor de la una de la tarde de ayer cuando se trasladaba por la Avenida Jabal\u00edes esquina con Santa Rosa a bordo de un autom\u00f3vil tipo Sub marca Honda color blanco.<\/p>\n<p><img decoding=\"async\" src=\"https:\/\/sinaloaenlinea.com\/wp-content\/uploads\/2024\/09\/whatsapp-image-2024-09-25-at-8-03_1-8224108_20240925202835.jpg\" \/><\/p>\n<p>Las autoridades no se ponen de acuerdo para dar a conocer el numero de personas desaparecidas en los \u00faltimos d\u00edas en Mazatl\u00e1n. Las denuncias ciudadanas dan cuenta de cuatro personas que fueron sustra\u00eddas de un departamento por un grupo de civiles armados la semana pasada. Luego de otros tres que desaparecieron el pasado fin de semana y ahora el de este joven de apellido Petriz. Resulta inconcebible que con tanta presencia militar y de polic\u00edas estatales y municipales, no se enteren de la presencia de sujetos armados que viajan libremente en veh\u00edculos por diferentes rumbos de Mazatl\u00e1n. Y lo peor es que act\u00faan con una gran impunidad. Si al Gobierno le incomoda que se hable de que son un fracaso en materia de seguridad y de protecci\u00f3n a la integridad de las personas, entonces lo menos que deben de hacer es actuar.<\/p>\n<div class=\"google-auto-placed ap_container\">\n<p><em><strong>\u00bfClases virtuales o presenciales?.<\/strong>\u00a0<\/em>La Secretaria de Educaci\u00f3n P\u00fablica est\u00e1 presionando a maestros, maestras y trabajadores para que se presenten a laborar en las escuelas. Que por falta de presencia de profesores no quede. Tambi\u00e9n los sindicatos de la educaci\u00f3n est\u00e1n presionando para que sus agremiados asistan a las escuelas. Pero los padres de familia son quienes ya fijaron su postura. Demandan al Gobierno del Estado que las clases se den de manera virtual. Que no est\u00e1n dispuestos a poner en riesgo la vida de sus hijos. Que las calles de Culiac\u00e1n no est\u00e1n complemente seguras. Que se vive una tensa calma que ve rota por tiroteos, levantones y ejecuciones. Y afirman que en estos momentos el Gobierno ha sido incapaz de garantizar la seguridad de los ciudadanos.<\/p>\n<p><img loading=\"lazy\" decoding=\"async\" class=\"alignright size-large wp-image-187201\" src=\"https:\/\/sinaloaenlinea.com\/wp-content\/uploads\/2024\/09\/Imagen-de-WhatsApp-2024-09-23-a-las-12.30.11_24d89d81-1024x682.jpg\" sizes=\"auto, (max-width: 696px) 100vw, 696px\" srcset=\"https:\/\/sinaloaenlinea.com\/wp-content\/uploads\/2024\/09\/Imagen-de-WhatsApp-2024-09-23-a-las-12.30.11_24d89d81-1024x682.jpg 1024w, https:\/\/sinaloaenlinea.com\/wp-content\/uploads\/2024\/09\/Imagen-de-WhatsApp-2024-09-23-a-las-12.30.11_24d89d81-300x200.jpg 300w, https:\/\/sinaloaenlinea.com\/wp-content\/uploads\/2024\/09\/Imagen-de-WhatsApp-2024-09-23-a-las-12.30.11_24d89d81-768x512.jpg 768w, https:\/\/sinaloaenlinea.com\/wp-content\/uploads\/2024\/09\/Imagen-de-WhatsApp-2024-09-23-a-las-12.30.11_24d89d81-1536x1023.jpg 1536w, https:\/\/sinaloaenlinea.com\/wp-content\/uploads\/2024\/09\/Imagen-de-WhatsApp-2024-09-23-a-las-12.30.11_24d89d81-630x420.jpg 630w, https:\/\/sinaloaenlinea.com\/wp-content\/uploads\/2024\/09\/Imagen-de-WhatsApp-2024-09-23-a-las-12.30.11_24d89d81-150x100.jpg 150w, https:\/\/sinaloaenlinea.com\/wp-content\/uploads\/2024\/09\/Imagen-de-WhatsApp-2024-09-23-a-las-12.30.11_24d89d81-696x464.jpg 696w, https:\/\/sinaloaenlinea.com\/wp-content\/uploads\/2024\/09\/Imagen-de-WhatsApp-2024-09-23-a-las-12.30.11_24d89d81-1068x712.jpg 1068w, https:\/\/sinaloaenlinea.com\/wp-content\/uploads\/2024\/09\/Imagen-de-WhatsApp-2024-09-23-a-las-12.30.11_24d89d81.jpg 1600w\" alt=\"\" width=\"696\" height=\"464\" \/><\/p>\n<p>El Gobernador Rub\u00e9n Rocha Moya reiter\u00f3 ayer que la decisi\u00f3n de los padres de familia ser\u00e1 respetada. Que a nadie se le obligar\u00e1 a llevar a sus hijos a las clases presenciales. Y tiene en sus manos dar la instrucci\u00f3n para que las clases sean de manera virtual. O podr\u00edan darse en forma hibrida, en tanto se recupera la tranquilidad.<\/p>\n<p><em><strong>Le fallan al Gobernador Congreso y Fiscal\u00eda.<\/strong>\u00a0<\/em>Mientras que por un lado la violencia sigue y la ingobernabilidad campea, la instrucci\u00f3n del Gobernador Rub\u00e9n Rocha Moya a la Fiscal\u00eda y al Congreso del Estado de actuar contra los directivos de la UAS, ha fracasado. El Congreso del Estado encabezado todav\u00eda por Feliciano Castro no por el hecho de haber sacado \u201ca chaleco\u201d la Ley Org\u00e1nica de la UAS, se puede decir que cumpli\u00f3 con las instrucciones que recibi\u00f3 de Rocha Moya. Un proceso nada pulcro, trompicado es el origen de esa reforma. Y lo sabe el Gobernador.<\/p>\n<p><img loading=\"lazy\" decoding=\"async\" class=\"alignright size-large wp-image-140771\" src=\"https:\/\/sinaloaenlinea.com\/wp-content\/uploads\/2022\/10\/feliciano-1024x576.jpg\" sizes=\"auto, (max-width: 696px) 100vw, 696px\" srcset=\"https:\/\/sinaloaenlinea.com\/wp-content\/uploads\/2022\/10\/feliciano-1024x576.jpg 1024w, https:\/\/sinaloaenlinea.com\/wp-content\/uploads\/2022\/10\/feliciano-300x169.jpg 300w, https:\/\/sinaloaenlinea.com\/wp-content\/uploads\/2022\/10\/feliciano-768x432.jpg 768w, https:\/\/sinaloaenlinea.com\/wp-content\/uploads\/2022\/10\/feliciano-1536x864.jpg 1536w, https:\/\/sinaloaenlinea.com\/wp-content\/uploads\/2022\/10\/feliciano-696x392.jpg 696w, https:\/\/sinaloaenlinea.com\/wp-content\/uploads\/2022\/10\/feliciano-1068x601.jpg 1068w, https:\/\/sinaloaenlinea.com\/wp-content\/uploads\/2022\/10\/feliciano-747x420.jpg 747w, https:\/\/sinaloaenlinea.com\/wp-content\/uploads\/2022\/10\/feliciano.jpg 1920w\" alt=\"\" width=\"696\" height=\"392\" \/><\/p>\n<p>Un fracaso rotundo cuando Feliciano Castro rompi\u00f3 el dialogo con los directivos de la UAS y despu\u00e9s apresuradamente les pidi\u00f3 sentarse a la mesa para ponerse de acuerdo. Una actitud m\u00e1s propia de un l\u00edder universitario que la de un legislador, acusado en varias ocasiones de \u201cporro estudiantil\u201d por autoridades de la Universidad Aut\u00f3noma de Sinaloa y por el propio Melesio Cuen Ojeda asesinado el pasado 25 de julio, hoy ha tomado la tribuna del Congreso para hablar por primera vez de la violencia que azota a Sinaloa y particularmente a Culiac\u00e1n, solo para salir en defensa a ultranza del Gobernador y acusar a medios de comunicaci\u00f3n y grupos pol\u00edticos de hacer uso pol\u00edtico de la violencia. Este es a quien Rocha Moya parece ser, quiere como pr\u00f3ximo Secretario General de Gobierno.<\/p>\n<p><em><strong>Ante el fracaso del gobierno, la sociedad se organiza.<\/strong>\u00a0<\/em>La organizaci\u00f3n \u201cCuliac\u00e1n Valiente\u201d convoc\u00f3 a la ciudadan\u00eda a una marcha por la paz, una marcha pacifica a realizarse este domingo 29 de septiembre. La organizaci\u00f3n convoca a la sociedad para recuperar las calles de Culiac\u00e1n ante esta ola de violencia que ha trastocado la vida de todos los que habitan la capital sinaloense. Se dio a conocer que la marcha partir\u00e1 a las 10 horas en la Plaza Cuatro R\u00edos para finalizar en el Parque Las Riberas.<\/p>\n<\/div>\n","protected":false},"excerpt":{"rendered":"<p>En el blanco por Fernando Zepeda H. *El Ejercito \u00bftoma el control en Sinaloa?. *Militares desarman a toda la corporaci\u00f3n de la Polic\u00eda Municipal de Culiac\u00e1n *Aparece \u201cnarcomanta\u201d en la que acusan a militares y guardias nacionales de participar en \u201clevantones\u201d. Dan a conocer n\u00fameros de unidades *Prende la alarma en\u00a0\u00a0Mazatl\u00e1n\u00a0por \u201clevantones\u201d de j\u00f3venes. Suman por lo menos ocho los desaparecidos. Pero pueden ser m\u00e1s *Es inconcebible que con tantos militares y polic\u00edas patrullando la ciudad, no se den cuenta de los civiles armados que circulan por las calles del puerto y \u201clevantan\u201d impunemente a j\u00f3venes a plena luz de [&hellip;]<\/p>\n","protected":false},"author":3,"featured_media":92500,"comment_status":"open","ping_status":"open","sticky":false,"template":"","format":"standard","meta":{"_jetpack_newsletter_access":"","_jetpack_dont_email_post_to_subs":false,"_jetpack_newsletter_tier_id":0,"_jetpack_memberships_contains_paywalled_content":false,"_jetpack_feature_clip_id":0,"_jetpack_memberships_contains_paid_content":false,"footnotes":"","jetpack_publicize_message":"","jetpack_publicize_feature_enabled":true,"jetpack_social_post_already_shared":true,"jetpack_social_options":{"image_generator_settings":{"template":"highway","default_image_id":0,"font":"","enabled":false},"version":2},"jetpack_post_was_ever_published":false},"categories":[79],"tags":[],"class_list":["post-104569","post","type-post","status-publish","format-standard","has-post-thumbnail","hentry","category-columnistas-nacionales","post--single"],"jetpack_publicize_connections":[],"jetpack_featured_media_url":"https:\/\/ovelanalista.com\/wp-content\/uploads\/2024\/03\/Fernando-Zepeda-Hurtado-300x150-1.png","jetpack_sharing_enabled":true,"_links":{"self":[{"href":"https:\/\/ovelanalista.com\/index.php?rest_route=\/wp\/v2\/posts\/104569","targetHints":{"allow":["GET"]}}],"collection":[{"href":"https:\/\/ovelanalista.com\/index.php?rest_route=\/wp\/v2\/posts"}],"about":[{"href":"https:\/\/ovelanalista.com\/index.php?rest_route=\/wp\/v2\/types\/post"}],"author":[{"embeddable":true,"href":"https:\/\/ovelanalista.com\/index.php?rest_route=\/wp\/v2\/users\/3"}],"replies":[{"embeddable":true,"href":"https:\/\/ovelanalista.com\/index.php?rest_route=%2Fwp%2Fv2%2Fcomments&post=104569"}],"version-history":[{"count":2,"href":"https:\/\/ovelanalista.com\/index.php?rest_route=\/wp\/v2\/posts\/104569\/revisions"}],"predecessor-version":[{"id":104573,"href":"https:\/\/ovelanalista.com\/index.php?rest_route=\/wp\/v2\/posts\/104569\/revisions\/104573"}],"wp:featuredmedia":[{"embeddable":true,"href":"https:\/\/ovelanalista.com\/index.php?rest_route=\/wp\/v2\/media\/92500"}],"wp:attachment":[{"href":"https:\/\/ovelanalista.com\/index.php?rest_route=%2Fwp%2Fv2%2Fmedia&parent=104569"}],"wp:term":[{"taxonomy":"category","embeddable":true,"href":"https:\/\/ovelanalista.com\/index.php?rest_route=%2Fwp%2Fv2%2Fcategories&post=104569"},{"taxonomy":"post_tag","embeddable":true,"href":"https:\/\/ovelanalista.com\/index.php?rest_route=%2Fwp%2Fv2%2Ftags&post=104569"}],"curies":[{"name":"wp","href":"https:\/\/api.w.org\/{rel}","templated":true}]}}