{"id":104570,"date":"2024-09-26T12:10:03","date_gmt":"2024-09-26T18:10:03","guid":{"rendered":"https:\/\/ovelanalista.com\/?p=104570"},"modified":"2024-09-26T12:10:03","modified_gmt":"2024-09-26T18:10:03","slug":"importa-un-comino-que-el-rey-no-haya-contestado-la-carta-de-lopez-obrador","status":"publish","type":"post","link":"https:\/\/ovelanalista.com\/?p=104570","title":{"rendered":"Importa un comino que el rey no haya contestado la carta de L\u00f3pez Obrador"},"content":{"rendered":"<h3 class=\"name-person\">Francisco Garfias<\/h3>\n<p>A estas alturas, las disculpas por los agravios cometidos durante la Conquista de M\u00e9xico por la Corona espa\u00f1ola \u2013hace m\u00e1s de cinco siglos\u2013 es lo de menos. Seguro estoy que a la aplastante mayor\u00eda de los mexicanos no les agravia que el rey\u00a0<strong>Felipe VI<\/strong>\u00a0de Espa\u00f1a no le haya respondido a\u00a0<strong>L\u00f3pez Obrador<\/strong>\u00a0la carta en la que le exige disculpas por la \u201ctremendamente violenta\u201d incursi\u00f3n de\u00a0<strong>Hern\u00e1n Cort\u00e9s<\/strong>\u00a0en lo que hoy es la Rep\u00fablica Mexicana.<\/p>\n<p>A los mexicanos m\u00e1s bien les ofende la incompetencia de un gobierno que presume \u2013basado en datos no comprobables\u2013 una disminuci\u00f3n de homicidios, desapariciones, asaltos en carreteras, secuestros. Al pueblo que dicen defender le indigna que las Fuerzas Armadas se vean rebasadas por la incontenible violencia en la que viven hoy \u2013no hace 500 a\u00f1os\u2013 hombres y mujeres,\u00a0 ni\u00f1as y ni\u00f1os,\u00a0 a causa de la ineficaz pol\u00edtica de\u00a0\u00a0<em>abrazos, no balazos<\/em>. \u00bfPruebas? Los homicidios dolosos en el sexenio de\u00a0<strong>L\u00f3pez Obrador<\/strong>\u00a0rondan los 200 mil;\u00a0 los desaparecidos 50 mil. Todo un r\u00e9cord.<\/p>\n<p>\u00c9se ha sido el alto costo de la citada estrategia de seguridad de la 4T que, inexplicablemente renunci\u00f3 al monopolio legal del uso de la fuerza que tiene el Estado para hacer valer las garant\u00edas individuales.\u00a0<em>Abrazos, no balazos<\/em>\u00a0que los criminales tomaron como licencia para matar.<\/p>\n<p>*La pr\u00f3xima Presidenta de M\u00e9xico \u2013toma posesi\u00f3n el 1 de octubre\u2013 no tuvo empacho en declarar que fue la ausencia de respuesta a la carta que\u00a0<strong>L\u00f3pez Obrador<\/strong>\u00a0le envi\u00f3 al monarca espa\u00f1ol la que evit\u00f3 la invitaci\u00f3n al rey\u00a0<strong>Felipe VI<\/strong>. \u201cNo es un agravio al Presidente. Es un agravio al pueblo de M\u00e9xico\u201d, declar\u00f3. Y en sus redes sociales escribi\u00f3:<\/p>\n<p>\u201cLamentablemente, dicha misiva no mereci\u00f3 respuesta alguna de forma directa, como hubiera correspondido a la mejor pr\u00e1ctica diplom\u00e1tica de las relaciones bilaterales\u201d, puntualiz\u00f3.<\/p>\n<p>* Sobre el tema platicamos con el diputado del PAN,\u00a0<strong>Homero Ni\u00f1o de Rivera<\/strong>. Nos dijo: \u201cYo no creo que en M\u00e9xico nadie se sienta agraviado. No entiendo a qu\u00e9 responde este arrebato de\u00a0<strong>L\u00f3pez Obrador<\/strong>\u201d. Platicamos tambi\u00e9n sobre la decisi\u00f3n de\u00a0<strong>Sheinbaum<\/strong>\u00a0de no invitar a\u00a0<strong>Felipe VI<\/strong>\u00a0a su toma de posesi\u00f3n.<\/p>\n<p>\u00bfNo son vientos de maximato? Preguntamos.<\/p>\n<p class=\"banner-content-ads\">\n<div id=\"bd16c46dd34b4ab483bc578a3cf558c1\"><\/div>\n<p>&nbsp;<\/p>\n<p>\u2014\u00a1H\u00edjole! No veo al Presidente agarrando la l\u00ednea roja y tomando decisiones de gobierno. Pero s\u00ed creo que, inercialmente, toda la gente que est\u00e1 alrededor de\u00a0<strong>Claudia<\/strong>, que es muy cercana a\u00a0<strong>L\u00f3pez Obrador<\/strong>, va a estar all\u00ed influyendo mucho.<\/p>\n<p>\u201cNo creo, como muchos creen, que vaya a romper con\u00a0<strong>L\u00f3pez Obrador<\/strong>, de ninguna manera lo veo. Ni siquiera como una posibilidad\u201d, asever\u00f3.<\/p>\n<p>* El nombramiento del exgobernador panista y hoy senador de Morena,\u00a0<strong>Javier Corral<\/strong>, como presidente de la Comisi\u00f3n de Justicia en la C\u00e1mara alta, provoc\u00f3 comentarios en los corrillos del Palacio Legislativo de San L\u00e1zaro.<\/p>\n<p>Al diputado priista\u00a0<strong>Alejandro Dom\u00ednguez<\/strong>, originario de Chihuahua, le parece un \u201cdesprop\u00f3sito\u201d esa designaci\u00f3n. Dijo: \u201c<strong>Corral<\/strong>\u00a0es un hombre que multiplic\u00f3 la persecuci\u00f3n en Chihuahua. Abri\u00f3 muchos expedientes, pero no hay ninguno que est\u00e9 con sentencia condenatoria. Lo que hicieron fueron juicios agregados, porque la gente, ante las presiones y tortura de que fue objeto, accedi\u00f3 a un juicio abreviado. Pero no hay una persona sentenciada. \u201cNi el exgobernador del estado (<strong>C\u00e9sar Duarte<\/strong>) ha sido sentenciado. Est\u00e1 bajo proceso, pero no est\u00e1 sentenciado. Tiene una sentencia\u00a0 pol\u00edtica que\u00a0<strong>Corral<\/strong>\u00a0le dio, pero no hay una sentencia jur\u00eddica\u201d,<\/p>\n<p><strong>Dom\u00ednguez<\/strong>\u00a0particulariz\u00f3 en el cas\u00f3 de\u00a0<strong>Cristopher James Barousse<\/strong>, exl\u00edder juvenil del PRI, detenido y acusado de delito de peculado agravado por 2.6 millones de pesos.<\/p>\n<p>\u201c<strong>Barousse<\/strong>\u00a0gan\u00f3 en un juzgado de primera instancia, gan\u00f3 la apelaci\u00f3n, gan\u00f3 el juicio de amparo. Ahora promueve una acci\u00f3n para reparar el da\u00f1o moral que sufri\u00f3 por esta persecuci\u00f3n de\u00a0<strong>Javier Corral<\/strong>\u201d, puntualiz\u00f3.<\/p>\n<p>*El Sindicato Mexicano de Salud (Simesa), es el nuevo operador del IMSS-Bienestar. Ya tiene representaci\u00f3n en 24 estados y, para diciembre, espera tenerla en las 32 entidades.<\/p>\n<p>Es una agrupaci\u00f3n gremial a la que se identifica con el oficialismo. \u201cNos han llamado el sindicato de la 4T. Representamos el sindicalismo aliado con su instituci\u00f3n\u201d, nos dice el doctor\u00a0<strong>Ricardo Cotero<\/strong>, l\u00edder de ese sindicato.<\/p>\n<p>En Simesa no se llevan bien con el Sindicato Nacional de Trabajadores de la Secretar\u00eda de Salud, que encabeza\u00a0<strong>Marco<\/strong>\u00a0<strong>Antonio Ayala<\/strong>, que es algo as\u00ed como el SNTE, pero\u00a0 en materia de salud.<\/p>\n<p>&nbsp;<\/p>\n","protected":false},"excerpt":{"rendered":"<p>Francisco Garfias A estas alturas, las disculpas por los agravios cometidos durante la Conquista de M\u00e9xico por la Corona espa\u00f1ola \u2013hace m\u00e1s de cinco siglos\u2013 es lo de menos. Seguro estoy que a la aplastante mayor\u00eda de los mexicanos no les agravia que el rey\u00a0Felipe VI\u00a0de Espa\u00f1a no le haya respondido a\u00a0L\u00f3pez Obrador\u00a0la carta en la que le exige disculpas por la \u201ctremendamente violenta\u201d incursi\u00f3n de\u00a0Hern\u00e1n Cort\u00e9s\u00a0en lo que hoy es la Rep\u00fablica Mexicana. A los mexicanos m\u00e1s bien les ofende la incompetencia de un gobierno que presume \u2013basado en datos no comprobables\u2013 una disminuci\u00f3n de homicidios, desapariciones, asaltos en [&hellip;]<\/p>\n","protected":false},"author":3,"featured_media":104284,"comment_status":"open","ping_status":"open","sticky":false,"template":"","format":"standard","meta":{"_jetpack_newsletter_access":"","_jetpack_dont_email_post_to_subs":false,"_jetpack_newsletter_tier_id":0,"_jetpack_memberships_contains_paywalled_content":false,"_jetpack_feature_clip_id":0,"_jetpack_memberships_contains_paid_content":false,"footnotes":"","jetpack_publicize_message":"","jetpack_publicize_feature_enabled":true,"jetpack_social_post_already_shared":true,"jetpack_social_options":{"image_generator_settings":{"template":"highway","default_image_id":0,"font":"","enabled":false},"version":2},"jetpack_post_was_ever_published":false},"categories":[79],"tags":[],"class_list":["post-104570","post","type-post","status-publish","format-standard","has-post-thumbnail","hentry","category-columnistas-nacionales","post--single"],"jetpack_publicize_connections":[],"jetpack_featured_media_url":"https:\/\/ovelanalista.com\/wp-content\/uploads\/2024\/09\/Garfias-5-2.jpg","jetpack_sharing_enabled":true,"_links":{"self":[{"href":"https:\/\/ovelanalista.com\/index.php?rest_route=\/wp\/v2\/posts\/104570","targetHints":{"allow":["GET"]}}],"collection":[{"href":"https:\/\/ovelanalista.com\/index.php?rest_route=\/wp\/v2\/posts"}],"about":[{"href":"https:\/\/ovelanalista.com\/index.php?rest_route=\/wp\/v2\/types\/post"}],"author":[{"embeddable":true,"href":"https:\/\/ovelanalista.com\/index.php?rest_route=\/wp\/v2\/users\/3"}],"replies":[{"embeddable":true,"href":"https:\/\/ovelanalista.com\/index.php?rest_route=%2Fwp%2Fv2%2Fcomments&post=104570"}],"version-history":[{"count":1,"href":"https:\/\/ovelanalista.com\/index.php?rest_route=\/wp\/v2\/posts\/104570\/revisions"}],"predecessor-version":[{"id":104571,"href":"https:\/\/ovelanalista.com\/index.php?rest_route=\/wp\/v2\/posts\/104570\/revisions\/104571"}],"wp:featuredmedia":[{"embeddable":true,"href":"https:\/\/ovelanalista.com\/index.php?rest_route=\/wp\/v2\/media\/104284"}],"wp:attachment":[{"href":"https:\/\/ovelanalista.com\/index.php?rest_route=%2Fwp%2Fv2%2Fmedia&parent=104570"}],"wp:term":[{"taxonomy":"category","embeddable":true,"href":"https:\/\/ovelanalista.com\/index.php?rest_route=%2Fwp%2Fv2%2Fcategories&post=104570"},{"taxonomy":"post_tag","embeddable":true,"href":"https:\/\/ovelanalista.com\/index.php?rest_route=%2Fwp%2Fv2%2Ftags&post=104570"}],"curies":[{"name":"wp","href":"https:\/\/api.w.org\/{rel}","templated":true}]}}