{"id":104576,"date":"2024-09-27T12:37:43","date_gmt":"2024-09-27T18:37:43","guid":{"rendered":"https:\/\/ovelanalista.com\/?p=104576"},"modified":"2024-09-27T12:37:43","modified_gmt":"2024-09-27T18:37:43","slug":"el-veredicto-de-los-padres-de-ayotzinapa","status":"publish","type":"post","link":"https:\/\/ovelanalista.com\/?p=104576","title":{"rendered":"El veredicto de los padres de Ayotzinapa"},"content":{"rendered":"<p class=\"x_ydpa31b0eb3MsoNormal\"><strong><span lang=\"ES\">Francisco Garfias.<\/span><\/strong><\/p>\n<p class=\"x_ydpa31b0eb3MsoNormal\"><span lang=\"ES\">\u00a0<\/span><span lang=\"ES\">Madres y padres de los 43 normalistas desaparecidos de Ayotzinapa marcharon ayer del \u00c1ngel de la Independencia al Z\u00f3calo. Organizaciones sindicales, como la CNTE,\u00a0\u00a0estudiantes, defensores de derechos humanos y ciudadanos los acompa\u00f1aban en la protesta..<\/span><\/p>\n<p class=\"x_ydpa31b0eb3MsoNormal\"><span lang=\"ES\">\u00a0<\/span><span lang=\"ES\">Caminaban detr\u00e1s de una peque\u00f1a camioneta<i>\u00a0pickup<\/i>\u00a0forrada con pancartas que tra\u00edan un veredicto de los padres escrito en letras negras \u201cFue el Ej\u00e9rcito\u201d.<\/span><span lang=\"ES\">\u00a0<\/span><\/p>\n<p class=\"x_ydpa31b0eb3MsoNormal\"><span lang=\"ES\">En el trayecto, una y otra vez corearon la consigna que naci\u00f3 con la desaparici\u00f3n de los normalistas: \u201c\u00a1Vivos de los llevaron! \u00a1Vivos los queremos!\u201d.\u00a0 Gritaban tambi\u00e9n \u201c\u00a1Ni perd\u00f3n ni olvido, castigo a los asesinos!\u201d.<\/span><\/p>\n<p class=\"x_ydpa31b0eb3MsoNormal\"><span lang=\"ES\">Motivos para protestar les sobran. Ya pasaron diez a\u00f1os, pero el dolor, la rabia, la indignaci\u00f3n, la desolaci\u00f3n siguen all\u00ed.\u00a0\u00a0No quieren que se agregue el olvido.<\/span><\/p>\n<p class=\"x_ydpa31b0eb3MsoNormal\"><span lang=\"ES\">\u00a0<\/span><span lang=\"ES\">Los padres aseguran que no van a parar hasta saber que lo que ocurri\u00f3 con los 43 normalistas desaparecidos el 26 de septiembre del 2014, cuando Enrique Pe\u00f1a Nieto gobernaba el pa\u00eds.\u00a0\u00a0<\/span><span lang=\"ES\">\u00a0<\/span><\/p>\n<p class=\"x_ydpa31b0eb3MsoNormal\"><span lang=\"ES\">Ese nefasto d\u00eda, los normalistas dejaron para siempre sus pupitres vac\u00edos en la Escuela Rural Isidro Burgos de Ayotzinapa. Es la hora que no saben qu\u00e9 demonios pas\u00f3.\u00a0\u00a0<\/span><span lang=\"ES\">\u00a0<\/span><\/p>\n<p class=\"x_ydpa31b0eb3MsoNormal\"><span lang=\"ES\">Entre los manifestantes hab\u00eda grupos de encapuchados vestidos de negro. Mal augurio.\u00a0\u00a0<\/span><\/p>\n<p class=\"x_ydpa31b0eb3MsoNormal\"><span lang=\"ES\">Vandalizaron construcciones a lo largo del recorrido. Ya en el Z\u00f3calo, detonaron explosivos en Palacio Nacional.\u00a0\u00a0\u00a0\u00a0\u00a0\u00a0\u00a0<\/span><\/p>\n<p class=\"x_ydpa31b0eb3MsoNormal\"><span lang=\"ES\">\u00a0<\/span><span lang=\"ES\">***<\/span><\/p>\n<p class=\"x_ydpa31b0eb3MsoNormal\"><span lang=\"ES\">\u00a0<\/span><span lang=\"ES\">Las versiones de lo ocurrido hace diez a\u00f1os se han multiplicado.\u00a0<\/span><\/p>\n<p class=\"x_ydpa31b0eb3MsoNormal\"><span lang=\"ES\">\u00a0<\/span><span lang=\"ES\">Est\u00e1 la \u201cverdad hist\u00f3rica\u201d, que llev\u00f3 al ex procurador Murillo Karam a la c\u00e1rcel. Esa versi\u00f3n\u00a0\u00a0asegura que los muchachos fueron asesinados por integrantes de la Organizaci\u00f3n\u00a0\u00a0Guerreros Unidos, en complicidad con polic\u00edas municipales, por considerarlos miembros del grupo rival<i>\u00a0Los Rojos<\/i>.\u00a0\u00a0<\/span><span lang=\"ES\">\u00a0<\/span><\/p>\n<p class=\"x_ydpa31b0eb3MsoNormal\"><span lang=\"ES\">La \u201cverdad hist\u00f3rica\u201d concluye que los delincuentes cremaron los cuerpos de los estudiantes en el basurero de Cocula, Guerrero, y echaron las cenizas al R\u00edo San Juan.<\/span><\/p>\n<p class=\"x_ydpa31b0eb3MsoNormal\"><span lang=\"ES\">\u00a0<\/span><span lang=\"ES\">Otra \u201cverdad\u201d es la de \u201ccrimen de estado\u201d. Sirvi\u00f3 a AMLO para sacar raja pol\u00edtica de esa barbarie, denostar a sus adversarios pol\u00edticos, y ganar adeptos.<\/span><\/p>\n<p class=\"x_ydpa31b0eb3MsoNormal\"><span lang=\"ES\">\u00a0<\/span><span lang=\"ES\">La ultima es la de los padres. Va en el sentido de que el Ej\u00e9rcito tuvo participaci\u00f3n en la brutal masacre, cosa que el presidente niega rotundamente.\u00a0<\/span><span lang=\"ES\">\u00a0<\/span><\/p>\n<p class=\"x_ydpa31b0eb3MsoNormal\"><span lang=\"ES\">***<\/span><\/p>\n<p class=\"x_ydpa31b0eb3MsoNormal\"><span lang=\"ES\">\u00a0<\/span><span lang=\"ES\">Antes de asumir el cargo, el 1\u00ba de diciembre del 2018, AMLO se reuni\u00f3 a puerta cerrada con padres y familiares de los normalistas a los que prometi\u00f3:<\/span><\/p>\n<p class=\"x_ydpa31b0eb3MsoNormal\"><span lang=\"ES\">\u00a0<\/span><span lang=\"ES\">\u201cVamos a conocer lo que realmente sucedi\u00f3; que se sepa d\u00f3nde est\u00e1n los j\u00f3venes y se castigue a los responsables.\u201d<\/span><\/p>\n<p class=\"x_ydpa31b0eb3MsoNormal\"><span lang=\"ES\">\u00a0<\/span><span lang=\"ES\">Le creyeron.<\/span><\/p>\n<p class=\"x_ydpa31b0eb3MsoNormal\"><span lang=\"ES\">\u00a0<\/span><span lang=\"ES\">Pero a d\u00edas de dejar oficialmente el cargo, AMLO\u00a0\u00a0les mand\u00f3 una carta a lo padres\u00a0\u00a0en la que exonera al Ej\u00e9rcito\u00a0\u00a0de lo ocurrido y reconoce que no pudo cumplir con su compromiso. \u201cHicimos lo que pudimos\u201d, justific\u00f3.<\/span><span lang=\"ES\">\u00a0<\/span><\/p>\n<p class=\"x_ydpa31b0eb3MsoNormal\"><span lang=\"ES\">Los padres y madres de los 43 se lo echaron en cara en la conferencia de prensa que ofrecieron ayer en la Facultad de Filosof\u00eda y Letras de la UNAM.<\/span><span lang=\"ES\">\u00a0<\/span><\/p>\n<p class=\"x_ydpa31b0eb3MsoNormal\"><span lang=\"ES\">Mar\u00eda de Jes\u00fas Tlatenpa, madre de Jos\u00e9 \u00c1ngel Bartolo, calific\u00f3 de \u201cburla\u201d que la actual administraci\u00f3n no realizara una investigaci\u00f3n a fondo y lament\u00f3 que en lugar de aplicarse a esclarecer lo ocurrido, se dediquen a proteger al Ej\u00e9rcito.<\/span><span lang=\"ES\">\u00a0<\/span><\/p>\n<p class=\"x_ydpa31b0eb3MsoNormal\"><span lang=\"ES\">***<\/span><\/p>\n<p class=\"x_ydpa31b0eb3MsoNormal\"><span lang=\"ES\">\u00a0<\/span><span lang=\"ES\">Del tema hablamos con I\u00f1aki Blanco, fiscal de Guerrero cuando ocurri\u00f3 el episodio. Hizo sus pesquisas. Logro meter a la c\u00e1rcel a 33 delincuentes que all\u00ed siguen.\u00a0<\/span><\/p>\n<p class=\"x_ydpa31b0eb3MsoNormal\"><span lang=\"ES\">\u00a0<\/span><span lang=\"ES\">Le preguntamos sobre las acusaciones al Ej\u00e9rcito.<\/span><\/p>\n<p class=\"x_ydpa31b0eb3MsoNormal\"><span lang=\"ES\">Respondi\u00f3:<\/span><\/p>\n<p class=\"x_ydpa31b0eb3MsoNormal\"><span lang=\"ES\">\u00a0<\/span><span lang=\"ES\">\u201cNo encontr\u00e9 elementos para responsabilizar al Ej\u00e9rcito. A mi me proporcion\u00f3 informaci\u00f3n el Ej\u00e9rcito por cuanto al hallazgo de uno de los muchachos: el que result\u00f3 desollado. De igual manera en cuanto a los j\u00f3venes que recibieron atenci\u00f3n m\u00e9dica en un hospital en Iguala.\u00a0<\/span><span lang=\"ES\">\u00a0<\/span><\/p>\n<p class=\"x_ydpa31b0eb3MsoNormal\"><span lang=\"ES\">\u201cSi yo hubiese encontrado datos de prueba que me permitieran establecer la participaci\u00f3n del Ejercito o de autoridades federales, para mi lo mas f\u00e1cil hubiese sido declararme incompetente, porque yo no pod\u00eda conocer de datos en los que estuviesen involucradas autoridades del orden federal y lo hubiera turnado, desde entonces, a la PGR\u201d.<\/span><\/p>\n<p class=\"x_ydpa31b0eb3MsoNormal\"><span lang=\"ES\">\u00a0<\/span><span lang=\"ES\">Hay m\u00e1s en la larga charla que sostuvimos con el ex procurador I\u00f1aki Blanco. Ma\u00f1ana le daremos m\u00e1s espacio.<\/span><\/p>\n<p class=\"x_ydpa31b0eb3MsoNormal\"><span lang=\"ES\">\u00a0<\/span><span lang=\"ES\">***<\/span><span lang=\"ES\">\u00a0<\/span><\/p>\n<p class=\"x_ydpa31b0eb3MsoNormal\"><span lang=\"ES\">Recibimos un SOS de Guillermo Sesma, director general de la consultora 365, en el que pide ayuda para rescatar a sus hijos.\u00a0<\/span><span lang=\"ES\">\u00a0<\/span><\/p>\n<p class=\"x_ydpa31b0eb3MsoNormal\"><span lang=\"ES\">Hace nueve meses que no los ve.\u00a0\u00a0Su ex esposa Regina Seema los escondi\u00f3. Los dej\u00f3 de llevar a la escuela en febrero del 2024.\u00a0<\/span><span lang=\"ES\">\u00a0<\/span><\/p>\n<p class=\"x_ydpa31b0eb3MsoNormal\"><span lang=\"ES\">Regina subi\u00f3 a redes videos en los que acusa a su ex marido de haber violentado sexualmente a sus hijos, lo cual, dice Guillermo, \u201ces totalmente falso\u201d.<\/span><span lang=\"ES\">\u00a0<\/span><\/p>\n<p class=\"x_ydpa31b0eb3MsoNormal\"><span lang=\"ES\">\u201cSe que hay millones de casos en los que hombres han violentado a mujeres. Eso nos ha llevado hasta donde est\u00e1 nuestra sociedad. Entiendo el hartazgo, pero no podemos generalizar.\u201d<\/span><\/p>\n<p class=\"x_ydpa31b0eb3MsoNormal\"><span lang=\"ES\">\u00a0<\/span><span lang=\"ES\">Acompa\u00f1a su mensaje con el\u00a0\u00a0video\u00a0\u00a0de una declaraci\u00f3n jurada de Regina ante una corte estadunidense, donde ella acepta abiertamente\u00a0\u00a0que enviaba fotograf\u00edas a otro hombre distinto a su\u00a0\u00a0esposo, con el fin de excitarlo sexualmente.<\/span><span lang=\"ES\">\u00a0<\/span><\/p>\n<p class=\"x_ydpa31b0eb3MsoNormal\"><span lang=\"ES\">\u00a0Las fotos est\u00e1n guardadas en el IPAD de su hija.\u00a0\u00a0<\/span><span lang=\"ES\">\u00a0<\/span><\/p>\n<p class=\"x_ydpa31b0eb3MsoNormal\"><span lang=\"ES\">\u201cSi hubiese sido al rev\u00e9s y las fotograf\u00edas de desnudos que estaban en el IPAD fueran m\u00edas, hoy estar\u00eda acusado de corrupci\u00f3n de menores y tendr\u00edan raz\u00f3n. Pero como era de su madre, no ha pasado nada.\u00a0\u00a0Basta de esta doble moral\u201d, puntuliz\u00f3.<\/span><\/p>\n<p class=\"x_ydpa31b0eb3MsoNormal\"><strong><span lang=\"ES\">\u00a0<\/span><span lang=\"ES\">FIN.<\/span><\/strong><\/p>\n","protected":false},"excerpt":{"rendered":"<p>Francisco Garfias. \u00a0Madres y padres de los 43 normalistas desaparecidos de Ayotzinapa marcharon ayer del \u00c1ngel de la Independencia al Z\u00f3calo. Organizaciones sindicales, como la CNTE,\u00a0\u00a0estudiantes, defensores de derechos humanos y ciudadanos los acompa\u00f1aban en la protesta.. \u00a0Caminaban detr\u00e1s de una peque\u00f1a camioneta\u00a0pickup\u00a0forrada con pancartas que tra\u00edan un veredicto de los padres escrito en letras negras \u201cFue el Ej\u00e9rcito\u201d.\u00a0 En el trayecto, una y otra vez corearon la consigna que naci\u00f3 con la desaparici\u00f3n de los normalistas: \u201c\u00a1Vivos de los llevaron! \u00a1Vivos los queremos!\u201d.\u00a0 Gritaban tambi\u00e9n \u201c\u00a1Ni perd\u00f3n ni olvido, castigo a los asesinos!\u201d. Motivos para protestar les sobran. Ya [&hellip;]<\/p>\n","protected":false},"author":3,"featured_media":104284,"comment_status":"open","ping_status":"open","sticky":false,"template":"","format":"standard","meta":{"_jetpack_newsletter_access":"","_jetpack_dont_email_post_to_subs":false,"_jetpack_newsletter_tier_id":0,"_jetpack_memberships_contains_paywalled_content":false,"_jetpack_feature_clip_id":0,"_jetpack_memberships_contains_paid_content":false,"footnotes":"","jetpack_publicize_message":"","jetpack_publicize_feature_enabled":true,"jetpack_social_post_already_shared":true,"jetpack_social_options":{"image_generator_settings":{"template":"highway","default_image_id":0,"font":"","enabled":false},"version":2},"jetpack_post_was_ever_published":false},"categories":[79],"tags":[],"class_list":["post-104576","post","type-post","status-publish","format-standard","has-post-thumbnail","hentry","category-columnistas-nacionales","post--single"],"jetpack_publicize_connections":[],"jetpack_featured_media_url":"https:\/\/ovelanalista.com\/wp-content\/uploads\/2024\/09\/Garfias-5-2.jpg","jetpack_sharing_enabled":true,"_links":{"self":[{"href":"https:\/\/ovelanalista.com\/index.php?rest_route=\/wp\/v2\/posts\/104576","targetHints":{"allow":["GET"]}}],"collection":[{"href":"https:\/\/ovelanalista.com\/index.php?rest_route=\/wp\/v2\/posts"}],"about":[{"href":"https:\/\/ovelanalista.com\/index.php?rest_route=\/wp\/v2\/types\/post"}],"author":[{"embeddable":true,"href":"https:\/\/ovelanalista.com\/index.php?rest_route=\/wp\/v2\/users\/3"}],"replies":[{"embeddable":true,"href":"https:\/\/ovelanalista.com\/index.php?rest_route=%2Fwp%2Fv2%2Fcomments&post=104576"}],"version-history":[{"count":1,"href":"https:\/\/ovelanalista.com\/index.php?rest_route=\/wp\/v2\/posts\/104576\/revisions"}],"predecessor-version":[{"id":104578,"href":"https:\/\/ovelanalista.com\/index.php?rest_route=\/wp\/v2\/posts\/104576\/revisions\/104578"}],"wp:featuredmedia":[{"embeddable":true,"href":"https:\/\/ovelanalista.com\/index.php?rest_route=\/wp\/v2\/media\/104284"}],"wp:attachment":[{"href":"https:\/\/ovelanalista.com\/index.php?rest_route=%2Fwp%2Fv2%2Fmedia&parent=104576"}],"wp:term":[{"taxonomy":"category","embeddable":true,"href":"https:\/\/ovelanalista.com\/index.php?rest_route=%2Fwp%2Fv2%2Fcategories&post=104576"},{"taxonomy":"post_tag","embeddable":true,"href":"https:\/\/ovelanalista.com\/index.php?rest_route=%2Fwp%2Fv2%2Ftags&post=104576"}],"curies":[{"name":"wp","href":"https:\/\/api.w.org\/{rel}","templated":true}]}}