{"id":104587,"date":"2024-09-27T13:29:10","date_gmt":"2024-09-27T19:29:10","guid":{"rendered":"https:\/\/ovelanalista.com\/?p=104587"},"modified":"2024-09-27T13:29:10","modified_gmt":"2024-09-27T19:29:10","slug":"estado-de-los-estados","status":"publish","type":"post","link":"https:\/\/ovelanalista.com\/?p=104587","title":{"rendered":"Estado de los ESTADOS"},"content":{"rendered":"<div class=\"meta_left\">\n<div class=\"jeg_meta_category\"><strong>Lilia Arellano<\/strong><\/div>\n<div><\/div>\n<\/div>\n<div class=\"meta_right\">\n<div class=\"jeg_meta_zoom\" data-in-step=\"3\" data-out-step=\"2\">\n<div class=\"zoom-dropdown\">\n<p><strong>Estado de los ESTADOS<\/strong><\/p>\n<blockquote><p>\u201cEl hombre m\u00e1s peligroso es aquel que tiene miedo\u201d: Ladwig B\u00f6rne<\/p><\/blockquote>\n<ul>\n<li>\u201cGachupinazo\u201d<\/li>\n<li>Saldo sangriento y con l\u00e1grimas<\/li>\n<li>EU \u00bfva sobre los morenistas?<\/li>\n<li>D\u00e9cada de grandes tragedias<\/li>\n<\/ul>\n<p>&nbsp;<\/p>\n<p>Ciudad de M\u00e9xico, 26 de septiembre de 2024.- El artificial enfrentamiento con el gobierno y la monarqu\u00eda de Espa\u00f1a potenciado e impulsado por el saliente presidente Andr\u00e9s Manuel L\u00f3pez Obrador no s\u00f3lo es rid\u00edculo y marca equivocadamente el camino a seguir en materia de relaciones internacionales por la pr\u00f3xima administraci\u00f3n federal de Claudia Sheinbaum, sino se erige en otro gran distractor de la deformaci\u00f3n del r\u00e9gimen mexicano en una tiran\u00eda autoritaria, militarizada, impune con el paso constitucional en curso de la Guardia Nacional al Ej\u00e9rcito; el sometimiento del Poder Judicial al partido Morena en manos del junior \u201cAndy\u201d L\u00f3pez Beltr\u00e1n; y con un saldo sangriento a cuestas en materia de inseguridad p\u00fablica con 200 mil v\u00edctimas del crimen organizado, 2 mil 335 masacres a un ritmo de 43 al mes, m\u00e1s de 115 mil desparecidos, m\u00e1s de 75 mil cad\u00e1veres sin identificar en los forenses, miles de fosas clandestinas, decenas de miles de desplazados de sus lugares de origen por el atosigamiento de bandas delincuenciales quienes disputan el territorio palmo a palmo, y sobre todo el miedo en el primer c\u00edrculo del poder presidencial y de los mandatos estatales por las revelaciones de Genaro Garc\u00eda Luna e Ismael \u201cEl Mayo\u201d Zambada ante la corte de EU sobre las conexiones con los c\u00e1rteles de la droga.<\/p>\n<p>La fecha es simb\u00f3lica: 10 a\u00f1os de la desaparici\u00f3n de los 43 normalistas de Ayotzinapa en total impunidad, con militares protegidos por el obradorato, igual que sucedi\u00f3 con el gobierno de Enrique Pe\u00f1a Nieto. Al escribir estas l\u00edneas, el Palacio Nacional se encuentra protegido por vallas met\u00e1licas y las calles aleda\u00f1as al z\u00f3calo capitalino son protegidas con vallas de concreto y polic\u00edas para impedir el paso a los manifestantes normalistas quienes se movilizan desde Iguala hacia la capital del estado de Guerrero y la Ciudad de M\u00e9xico.<\/p>\n<p>Una carta firmada por 350 artistas y acad\u00e9micos reafirma: \u201cen Ayotzinapa, FUE EL ESTADO el responsable de la desaparici\u00f3n de los 43 estudiantes durante la noche de Iguala\u201d. Al iniciar el gobierno de AMLO hubo esfuerzos encaminados a aclarar el caso, los cuales incluyeron la creaci\u00f3n de la Comisi\u00f3n para la Verdad y Acceso a la Justicia (COVAJ) y el trabajo del Grupo Interdisciplinario de Expertos Independientes (GIEI), pero el proceso comenz\u00f3 a deteriorarse en 2022 cuando toparon con la jerarqu\u00eda del Ej\u00e9rcito.<\/p>\n<p>Por ello, ahora se pide el restablecimiento de las investigaciones, el cese del hostigamiento a los padres de los normalistas, compromiso de justicia por parte de CS, proceso de Estado, esencial para la democracia, el Estado de Derecho y el combate a la impunidad, y acceso a la informaci\u00f3n militar con la entrega de los 800 folios militares relacionados con la desaparici\u00f3n de los estudiantes. A la Comisi\u00f3n Interamericana de Derechos Humanos (CIDH) le preocupa tambi\u00e9n el \u201cpacto de silencio\u201d del gobierno con los militares y la paralizaci\u00f3n de la investigaci\u00f3n.<\/p>\n<p>Mientras, sigue avanzando la militarizaci\u00f3n del pa\u00eds. Luego de que este mi\u00e9rcoles fue aprobada en el Senado la reforma constitucional para que la Guardia Nacional sea capacitada y se mantenga bajo el mando de la Secretar\u00eda de la Defensa Nacional (Sedena), adem\u00e1s otorg\u00e1rsele funciones de ministerio p\u00fablico, la aprobaci\u00f3n en los estados avanza. Hasta el momento, siete de los 17 estados necesarios han avalado la minuta para militarizar el mando de la Guardia Nacional, en su mayor\u00eda con dispensas de lectura en los congresos estatales en sesiones extraordinarias y ordinarias.<\/p>\n<p>Los congresos de Yucat\u00e1n, Morelos, Guerrero, Colima, Durango, Zacatecas, Oaxaca, aprobaron dos minutas que reforman la Constituci\u00f3n en materia de Guardia Nacional y comunidades ind\u00edgenas. Qued\u00f3 as\u00ed traicionado el compromiso de AMLO, ofrecido en 2018, en el sentido de que la GN tendr\u00eda un mando civil. Se espera que en el resto del d\u00eda contin\u00faen las sesiones para atender este proceso en forma veloz, como el de la aprobaci\u00f3n en las legislaturas de la reforma judicial, el cual se ha controvertido por la violaci\u00f3n de los procesos legislativos.<\/p>\n<p>En el marco de la implementaci\u00f3n de la reforma judicial, diversos jueces de distrito han dictado resoluciones con el prop\u00f3sito de suspender o posponer la entrada en vigor de esos cambios constitucionales, mediante la figura jur\u00eddica de las suspensiones. Dichas resoluciones tienen como objetivo evitar la ejecuci\u00f3n del decreto publicado en el Diario Oficial de la Federaci\u00f3n el pasado 15 de septiembre.<\/p>\n<p>Una gran parte de la opini\u00f3n p\u00fablica, as\u00ed como l\u00edderes de opini\u00f3n en los medios de comunicaci\u00f3n y en los c\u00edrculos judiciales y acad\u00e9micos se cuestionan si dichas resoluciones deben ser obedecidas hasta que una instancia judicial superior las confirme o las revoque, particularmente en un contexto in\u00e9dito, cargado de polarizaci\u00f3n impulsada desde Palacio Nacional y las fracciones parlamentarias de Morena en las c\u00e1maras de Diputados y Senadores, la cual obstaculiza un an\u00e1lisis serio y ponderado, y en curso en las salas del Poder Judicial. No obstante, se espera que esta reforma judicial siga con todas sus consecuencias y vac\u00edos y limitaciones. Veremos y seguimos pendientes.<\/p>\n<p>As\u00ed, la confrontaci\u00f3n de la 4T con la monarqu\u00eda y el gobierno espa\u00f1ol no es m\u00e1s que otro distractor medi\u00e1tico de L\u00f3pez Obrador, quien se encuentra preocupado por las revelaciones de Genaro Garc\u00eda Luna, ex secretario de Seguridad del expresidente Felipe Calder\u00f3n Hinojosa, y de Ismael \u201cEl Mayo Zambada\u201d, capo real del C\u00e1rtel de Sinaloa, en la corte de Estados Unidos, porque tienen el potencial de afectar diversas figuras pol\u00edticas de M\u00e9xico, militares y exfuncionarios desde el sexenio de Felipe Calder\u00f3n, pasando por el de Enrique Pe\u00f1a Nieto y, por supuesto, el de Andr\u00e9s Manuel L\u00f3pez Obrador.<\/p>\n<p>Si decide colaborar con la justicia estadounidense como testigo protegido, el juez Brian Cogan puede reducir su pena de cadena perpetua a una de 5 a 15 a\u00f1os. A su vez, la colaboraci\u00f3n de \u201cEl Mayo\u201d Zambada, de 76 a\u00f1os, puede incluir detalles sobre la red de corrupci\u00f3n y los presuntos v\u00ednculos entre el narcotr\u00e1fico y el gobierno mexicano a lo largo de todo este siglo.<\/p>\n<p>La jerarqu\u00eda militar de M\u00e9xico, gobernadores, exgobernadores, legisladores y exlegisladores federales y locales, presidentes y expresidentes municipales, as\u00ed como jefes y exjefes policiacos, adem\u00e1s de l\u00edderes partidistas del PAN, PRI y hasta Morena, est\u00e1n preocupados por las revelaciones combinadas de Garc\u00eda Luna y \u201cEl Mayo\u201d Zambada porque tienen el potencial de cimbrar las estructuras del gobierno mexicano y de las fuerzas armadas del pa\u00eds, como bien lo sabe el general Salvador Cienfuegos, extitular de la Sedena. La sentencia de Garc\u00eda Luna fue aplazada para el 9 de octubre de 2024, cuando L\u00f3pez Obrador ya no sea presidente de la Rep\u00fablica.<\/p>\n<p>Por lo pronto, y como el miedo no anda en burro, el macuspano, quien hab\u00eda prometido que cuando ocurriera el cambio de gobierno, en los primeros instantes se ir\u00eda a su rancho en Palenque, Chiapas, en la conferencia ma\u00f1anera de ayer recul\u00f3 y dijo que \u201cno cumplir\u00e1 su promesa\u201d y se quedar\u00e1 unos d\u00edas en la Ciudad de M\u00e9xico para \u201caclimatarse\u201d. El rancho \u201cLa Chingada\u201d, mide aproximadamente 13 mil metros cuadrados, tiene un valor aproximado de 25 millones de pesos y se ubica en el kil\u00f3metro 5 de la carretera Palenque-Pakaln\u00e1, casi con esquina de la 8\u00aa. Avenida Norte, a 1.8 kil\u00f3metros del ayuntamiento de Palenque. Ah\u00ed, por lo pronto, lo va a esperar en vano el \u201cpueblo bueno\u201d.<\/p>\n<p>Regresando al irracional pleito con el gobierno y la corona espa\u00f1ola, quienes rechazaron asistir a la toma de posesi\u00f3n de la presidenta electa de M\u00e9xico, porque consideraron \u201cinaceptable la exclusi\u00f3n de S. M. el Rey de la invitaci\u00f3n a la toma de posesi\u00f3n de la presidenta electa de M\u00e9xico, Claudia Sheinbaum Pardo, el pr\u00f3ximo 1 de octubre en Ciudad de M\u00e9xico\u201d, el comunicado precisa: \u201cPor este motivo el Gobierno de Espa\u00f1a ha decidido no participar en dicha toma de posesi\u00f3n en ning\u00fan nivel\u201d.<\/p>\n<p>El presidente Pedro S\u00e1nchez reiter\u00f3 es \u201cinaceptable e inexplicable por el grado de relaci\u00f3n, en todos los \u00e1mbitos, que tiene Espa\u00f1a con M\u00e9xico\u201d que no se hubiese invitado al rey Felipe VI. Este impasse en las relaciones diplom\u00e1ticas entre M\u00e9xico y Espa\u00f1a con la Corona de por medio no es algo nuevo, se remonta a 2019, cuando Andr\u00e9s Manuel L\u00f3pez Obrador mand\u00f3 una carta a Felipe VI diciendo que se disculpara por la Conquista de M\u00e9xico, hace 500 a\u00f1os.<\/p>\n<p>Ahora, Claudia Sheinbaum agarra este pleito de su mentor y explic\u00f3 en sus redes sociales: en julio pasado se invit\u00f3 al presidente del gobierno de Espa\u00f1a, Pedro S\u00e1nchez, a participar en su toma de posesi\u00f3n. Sin embargo, dice no se invit\u00f3 a Felipe VI por no haber contestado la misiva de AMLO hace cinco a\u00f1os. Detall\u00f3 que la petici\u00f3n hecha por el mandatario mexicano en 2019 fue con motivo de los 200 a\u00f1os de independencia y los casi dos siglos de la fundaci\u00f3n de Tenochtitlan, y el objetivo era \u201ctrabajar por una hoja de ruta conjunta (donde) el Reino de Espa\u00f1a exprese de manera p\u00fablica y oficial el reconocimiento de los agravios causados\u201d.<\/p>\n<p>A su vez, el presidente L\u00f3pez Obrador dijo en su conferencia de prensa de ayer: \u201cestamos hablando de diferencias con la monarqu\u00eda espa\u00f1ola a la que se solicit\u00f3, de manera respetuosa, que pidiera una disculpa a los pueblos ind\u00edgenas de M\u00e9xico por las atrocidades cometidas durante la invasi\u00f3n europea a nuestro pa\u00eds. Y no hubo respuesta\u201d. El gobierno de Espa\u00f1a respondi\u00f3 con un comunicado en el que lament\u00f3 que la carta se hubiera hecho p\u00fablica y afirm\u00f3 \u201crechazar con toda firmeza\u201d su contenido.<\/p>\n<p><strong>DE LOS PASILLOS<\/strong><\/p>\n<p>Para alimentar el pesimismo en el primer c\u00edrculo del presidente AMLO, el Departamento de Justicia de los Estados Unidos entreg\u00f3 documentos clasificados relacionados con la investigaci\u00f3n sobre el asesinato de Enrique Camarena Salazar, agente de la Agencia Antidrogas de Estados Unidos (DEA), en los cuales se\u00f1alan a Manuel Bartlett D\u00edaz, secretario de Gobernaci\u00f3n en esa \u00e9poca y actual titular de la CFE, como probable protector de narcotraficantes. El archivo fechado en la Ciudad de M\u00e9xico el mes de marzo de 1986 y desclasificado el pasado 12 de agosto de este a\u00f1o, precisa que los sobornos que pagaron narcotraficantes a funcionarios mexicanos para obtener impunidad en sus actividades es muy probable que tambi\u00e9n \u201cllegaron al secretario de Gobernaci\u00f3n Manuel Bartlett D\u00edaz\u201d\u2026 La Sala Superior del Tribunal Electoral dio la victoria definitiva a Alessandra Rojo de la Vega como alcaldesa de Cuauht\u00e9moc, en la Ciudad de M\u00e9xico. En sesi\u00f3n p\u00fablica, magistradas y magistrados desestimaron el recurso de apelaci\u00f3n que present\u00f3 la morenista Catalina Monreal, hija del diputado Ricardo Monreal, quien acept\u00f3 la derrota aunque sigui\u00f3 repitiendo que fue v\u00edctima de violencia pol\u00edtica en raz\u00f3n de g\u00e9nero.<\/p>\n<p><strong>Lo invitamos a visitar nuestras redes:<\/strong><\/p>\n<p>https:\/\/www.youtube.com\/mxntelevision<br \/>\nhttps:\/\/www.youtube.com\/Liliaarellano<br \/>\nhttps:\/\/www.facebook.com\/1liliaarellano<\/p>\n<\/div>\n<\/div>\n<\/div>\n","protected":false},"excerpt":{"rendered":"<p>Lilia Arellano Estado de los ESTADOS \u201cEl hombre m\u00e1s peligroso es aquel que tiene miedo\u201d: Ladwig B\u00f6rne \u201cGachupinazo\u201d Saldo sangriento y con l\u00e1grimas EU \u00bfva sobre los morenistas? D\u00e9cada de grandes tragedias &nbsp; Ciudad de M\u00e9xico, 26 de septiembre de 2024.- El artificial enfrentamiento con el gobierno y la monarqu\u00eda de Espa\u00f1a potenciado e impulsado por el saliente presidente Andr\u00e9s Manuel L\u00f3pez Obrador no s\u00f3lo es rid\u00edculo y marca equivocadamente el camino a seguir en materia de relaciones internacionales por la pr\u00f3xima administraci\u00f3n federal de Claudia Sheinbaum, sino se erige en otro gran distractor de la deformaci\u00f3n del r\u00e9gimen mexicano [&hellip;]<\/p>\n","protected":false},"author":3,"featured_media":98646,"comment_status":"open","ping_status":"open","sticky":false,"template":"","format":"standard","meta":{"_jetpack_newsletter_access":"","_jetpack_dont_email_post_to_subs":false,"_jetpack_newsletter_tier_id":0,"_jetpack_memberships_contains_paywalled_content":false,"_jetpack_feature_clip_id":0,"_jetpack_memberships_contains_paid_content":false,"footnotes":"","jetpack_publicize_message":"","jetpack_publicize_feature_enabled":true,"jetpack_social_post_already_shared":true,"jetpack_social_options":{"image_generator_settings":{"template":"highway","default_image_id":0,"font":"","enabled":false},"version":2},"jetpack_post_was_ever_published":false},"categories":[79],"tags":[],"class_list":["post-104587","post","type-post","status-publish","format-standard","has-post-thumbnail","hentry","category-columnistas-nacionales","post--single"],"jetpack_publicize_connections":[],"jetpack_featured_media_url":"https:\/\/ovelanalista.com\/wp-content\/uploads\/2024\/07\/lilia_arellano.jpg","jetpack_sharing_enabled":true,"_links":{"self":[{"href":"https:\/\/ovelanalista.com\/index.php?rest_route=\/wp\/v2\/posts\/104587","targetHints":{"allow":["GET"]}}],"collection":[{"href":"https:\/\/ovelanalista.com\/index.php?rest_route=\/wp\/v2\/posts"}],"about":[{"href":"https:\/\/ovelanalista.com\/index.php?rest_route=\/wp\/v2\/types\/post"}],"author":[{"embeddable":true,"href":"https:\/\/ovelanalista.com\/index.php?rest_route=\/wp\/v2\/users\/3"}],"replies":[{"embeddable":true,"href":"https:\/\/ovelanalista.com\/index.php?rest_route=%2Fwp%2Fv2%2Fcomments&post=104587"}],"version-history":[{"count":1,"href":"https:\/\/ovelanalista.com\/index.php?rest_route=\/wp\/v2\/posts\/104587\/revisions"}],"predecessor-version":[{"id":104590,"href":"https:\/\/ovelanalista.com\/index.php?rest_route=\/wp\/v2\/posts\/104587\/revisions\/104590"}],"wp:featuredmedia":[{"embeddable":true,"href":"https:\/\/ovelanalista.com\/index.php?rest_route=\/wp\/v2\/media\/98646"}],"wp:attachment":[{"href":"https:\/\/ovelanalista.com\/index.php?rest_route=%2Fwp%2Fv2%2Fmedia&parent=104587"}],"wp:term":[{"taxonomy":"category","embeddable":true,"href":"https:\/\/ovelanalista.com\/index.php?rest_route=%2Fwp%2Fv2%2Fcategories&post=104587"},{"taxonomy":"post_tag","embeddable":true,"href":"https:\/\/ovelanalista.com\/index.php?rest_route=%2Fwp%2Fv2%2Ftags&post=104587"}],"curies":[{"name":"wp","href":"https:\/\/api.w.org\/{rel}","templated":true}]}}