{"id":104606,"date":"2024-09-27T14:18:07","date_gmt":"2024-09-27T20:18:07","guid":{"rendered":"https:\/\/ovelanalista.com\/?p=104606"},"modified":"2024-09-27T14:18:07","modified_gmt":"2024-09-27T20:18:07","slug":"comando-se-lleva-a-tres-heridos-de-bala-de-un-hospital-en-sinaloa","status":"publish","type":"post","link":"https:\/\/ovelanalista.com\/?p=104606","title":{"rendered":"Comando se lleva a tres heridos de bala de un hospital en Sinaloa"},"content":{"rendered":"<p>El titular de Salud de Sinaloa apunt\u00f3 que este hecho en el Hospital General de la Cruz, sitio a donde hab\u00edan ingresado tres heridos de bala.<\/p>\n<p>El secretario de Salud en\u00a0<strong>Sinaloa, Cuitl\u00e1huac Gonz\u00e1lez Galindo<\/strong>. inform\u00f3 que\u00a0<strong>hombres armados<\/strong>\u00a0<strong>se llevaron<\/strong>\u00a0a\u00a0<strong>tres personas<\/strong>\u00a0que se encontraban\u00a0<strong>heridas<\/strong>\u00a0en el\u00a0<strong>Hospital General de la Cruz<\/strong>, ubicado en Elota.<\/p>\n<p>El funcionario estatal apunt\u00f3 que tres hombres con lesiones de bala hab\u00edan ingresado a dicho nosocomio para recibir atenci\u00f3n m\u00e9dica. Cuando fueron estabilizados por el personal, llegaron sus compa\u00f1eros y los sacaron del lugar.<\/p>\n<p>Gonz\u00e1lez Galindo abund\u00f3 que los tres hombres ten\u00edan heridas en sus extremidades.<\/p>\n<p>Adem\u00e1s, el titular de Salud estatal indic\u00f3 que que otra mujer lleg\u00f3 herida de bala al Hospital General de Culiac\u00e1n la ma\u00f1ana de este viernes, pero se desconoce en qu\u00e9 hecho result\u00f3 baleada.<\/p>\n<p>En cuanto a la persona que presuntamente recibi\u00f3 una bala cuando iba a bordo de un autob\u00fas de pasajeros sobre la maxipista Culiac\u00e1n-Mazatl\u00e1n durante esta madrugada, dijo no tener detalles al respecto.<\/p>\n<p>Est\u00e1n a punto de cumplirse tres semanas de la\u00a0<strong>violencia<\/strong>\u00a0desatada en\u00a0<strong>Sinaloa<\/strong>, particularmente en Culiac\u00e1n, derivada de las pugnas entrE\u00a0<strong>Los Mayos y Los Chapitos<\/strong>, a ra\u00edz de la detenci\u00f3n en EE.UU. del l\u00edder criminal\u00a0<strong>Ismael\u00a0<em>Mayo<\/em>\u00a0Zambada<\/strong>\u00a0el 25 de julio.<\/p>\n<p>Dichos enfrentamientos han dejado ya m\u00e1s de 100 muertos, seg\u00fan conteos de medios locales, mientras que la asociaci\u00f3n\u00a0<a href=\"https:\/\/www.facebook.com\/1234sabuesosguerreras\/?locale=es_LA\" target=\"_blank\" rel=\"noopener noreferrer\"><strong>Sabuesos Guerreras<\/strong><\/a>, est\u00e1 integrada por madres buscadoras, asegur\u00f3 que hay al menos\u00a0<strong><a href=\"https:\/\/lopezdoriga.com\/nacional\/suman-144-desaparecidos-18-dias-violencia-sinaloa\/\" target=\"_blank\" rel=\"noopener\">144 personas desaparecidas<\/a>.<\/strong><\/p>\n<p>El Gobierno mexicano ha desplegado m\u00e1s de dos mil 200 elementos de las Fuerzas Armadas ante la violencia, pero el presidente\u00a0<strong>Andr\u00e9s Manuel L\u00f3pez Obrador<\/strong>\u00a0y los militares tambi\u00e9n han sugerido que el fin de los enfrentamientos depende de que el C\u00e1rtel de Sinaloa deje de luchar entre s\u00ed.<\/p>\n<p>Con informaci\u00f3n de L\u00f3pez-D\u00f3riga Digital<\/p>\n","protected":false},"excerpt":{"rendered":"<p>El titular de Salud de Sinaloa apunt\u00f3 que este hecho en el Hospital General de la Cruz, sitio a donde hab\u00edan ingresado tres heridos de bala. El secretario de Salud en\u00a0Sinaloa, Cuitl\u00e1huac Gonz\u00e1lez Galindo. inform\u00f3 que\u00a0hombres armados\u00a0se llevaron\u00a0a\u00a0tres personas\u00a0que se encontraban\u00a0heridas\u00a0en el\u00a0Hospital General de la Cruz, ubicado en Elota. El funcionario estatal apunt\u00f3 que tres hombres con lesiones de bala hab\u00edan ingresado a dicho nosocomio para recibir atenci\u00f3n m\u00e9dica. Cuando fueron estabilizados por el personal, llegaron sus compa\u00f1eros y los sacaron del lugar. Gonz\u00e1lez Galindo abund\u00f3 que los tres hombres ten\u00edan heridas en sus extremidades. Adem\u00e1s, el titular de Salud [&hellip;]<\/p>\n","protected":false},"author":3,"featured_media":104608,"comment_status":"open","ping_status":"open","sticky":false,"template":"","format":"standard","meta":{"_jetpack_newsletter_access":"","_jetpack_dont_email_post_to_subs":false,"_jetpack_newsletter_tier_id":0,"_jetpack_memberships_contains_paywalled_content":false,"_jetpack_feature_clip_id":0,"_jetpack_memberships_contains_paid_content":false,"footnotes":"","jetpack_publicize_message":"","jetpack_publicize_feature_enabled":true,"jetpack_social_post_already_shared":true,"jetpack_social_options":{"image_generator_settings":{"template":"highway","default_image_id":0,"font":"","enabled":false},"version":2},"jetpack_post_was_ever_published":false},"categories":[90,72],"tags":[],"class_list":["post-104606","post","type-post","status-publish","format-standard","has-post-thumbnail","hentry","category-estatal","category-portada","post--single"],"jetpack_publicize_connections":[],"jetpack_featured_media_url":"https:\/\/ovelanalista.com\/wp-content\/uploads\/2024\/09\/hospital-general-de-la-cruz-sinaloa.webp","jetpack_sharing_enabled":true,"_links":{"self":[{"href":"https:\/\/ovelanalista.com\/index.php?rest_route=\/wp\/v2\/posts\/104606","targetHints":{"allow":["GET"]}}],"collection":[{"href":"https:\/\/ovelanalista.com\/index.php?rest_route=\/wp\/v2\/posts"}],"about":[{"href":"https:\/\/ovelanalista.com\/index.php?rest_route=\/wp\/v2\/types\/post"}],"author":[{"embeddable":true,"href":"https:\/\/ovelanalista.com\/index.php?rest_route=\/wp\/v2\/users\/3"}],"replies":[{"embeddable":true,"href":"https:\/\/ovelanalista.com\/index.php?rest_route=%2Fwp%2Fv2%2Fcomments&post=104606"}],"version-history":[{"count":1,"href":"https:\/\/ovelanalista.com\/index.php?rest_route=\/wp\/v2\/posts\/104606\/revisions"}],"predecessor-version":[{"id":104609,"href":"https:\/\/ovelanalista.com\/index.php?rest_route=\/wp\/v2\/posts\/104606\/revisions\/104609"}],"wp:featuredmedia":[{"embeddable":true,"href":"https:\/\/ovelanalista.com\/index.php?rest_route=\/wp\/v2\/media\/104608"}],"wp:attachment":[{"href":"https:\/\/ovelanalista.com\/index.php?rest_route=%2Fwp%2Fv2%2Fmedia&parent=104606"}],"wp:term":[{"taxonomy":"category","embeddable":true,"href":"https:\/\/ovelanalista.com\/index.php?rest_route=%2Fwp%2Fv2%2Fcategories&post=104606"},{"taxonomy":"post_tag","embeddable":true,"href":"https:\/\/ovelanalista.com\/index.php?rest_route=%2Fwp%2Fv2%2Ftags&post=104606"}],"curies":[{"name":"wp","href":"https:\/\/api.w.org\/{rel}","templated":true}]}}