{"id":104607,"date":"2024-09-27T14:30:20","date_gmt":"2024-09-27T20:30:20","guid":{"rendered":"https:\/\/ovelanalista.com\/?p=104607"},"modified":"2024-09-27T14:20:02","modified_gmt":"2024-09-27T20:20:02","slug":"vinculan-a-proceso-a-el-piyi-presunto-jefe-de-plaza-de-los-chapitos","status":"publish","type":"post","link":"https:\/\/ovelanalista.com\/?p=104607","title":{"rendered":"Vinculan a proceso a \u2018el Piyi\u2019, presunto jefe de plaza de \u2018los Chapitos\u2019"},"content":{"rendered":"<p>\u2018El Piyi\u2019 fue vinculado a proceso por delitos contra la salud, cohecho y operaciones contra recursos de procedencia il\u00edcita.<\/p>\n<div class=\"entry-grid__content-area2 entry-main-text\">\n<div class=\"row\">\n<div class=\"col-12 col-lg-8\">\n<div class=\"article-content\">\n<p>\u2018<strong>El Piyi<\/strong>\u2018, identificado como\u00a0<strong>jefe de plaza<\/strong>\u00a0de \u2018<strong>los Chapitos<\/strong>\u2018, en Culiac\u00e1n, Sinaloa, fue\u00a0<strong>vinculado a proceso<\/strong>.<\/p>\n<p>Este jueves<strong>\u00a0Fernando Mart\u00edn N.<\/strong>\u00a0se present\u00f3 ante un juez federal, quien acredit\u00f3 su probable responsabilidad en<strong>\u00a0delitos contra la salud<\/strong>,\u00a0<strong>cohecho<\/strong>,\u00a0<strong>operaciones contra recursos de procedencia il\u00edcita<\/strong>\u00a0y otros contemplados en la Ley Federal de Aras de Fuego y Explosivos.<\/p>\n<p>\u2018El Piyi\u2019 fue detenido el pasado 19 de septiembre en Culiac\u00e1n, junto a otros seis hombres tambi\u00e9n vinculados a proceso.<\/p>\n<p>Todos fueron asegurados en posesi\u00f3n de 22 armas de diversos calibres, 3 mil 288 cartuchos \u00fatiles, 56 cargadores, dosis de narc\u00f3ticos y casi medio mill\u00f3n de pesos en efectivo.<\/p>\n<p>Durante la\u00a0<a href=\"https:\/\/lopezdoriga.com\/nacional\/comparece-el-piyi-tras-su-detencion-en-sinaloa\/\" target=\"_blank\" rel=\"noopener\">audiencia de vinculaci\u00f3n a proceso<\/a>, la defensa de los presuntos delincuentes intent\u00f3 desestimar los argumentos de la Fiscal\u00eda General de la Rep\u00fablica (FGR).<\/p>\n<p>El juez federal fij\u00f3 cuatro meses de plazo para la investigaci\u00f3n complementaria.<\/p>\n<p>Con informaci\u00f3n de Milenio<\/p>\n<p>&nbsp;<\/p>\n<\/div>\n<\/div>\n<\/div>\n<\/div>\n","protected":false},"excerpt":{"rendered":"<p>\u2018El Piyi\u2019 fue vinculado a proceso por delitos contra la salud, cohecho y operaciones contra recursos de procedencia il\u00edcita. \u2018El Piyi\u2018, identificado como\u00a0jefe de plaza\u00a0de \u2018los Chapitos\u2018, en Culiac\u00e1n, Sinaloa, fue\u00a0vinculado a proceso. Este jueves\u00a0Fernando Mart\u00edn N.\u00a0se present\u00f3 ante un juez federal, quien acredit\u00f3 su probable responsabilidad en\u00a0delitos contra la salud,\u00a0cohecho,\u00a0operaciones contra recursos de procedencia il\u00edcita\u00a0y otros contemplados en la Ley Federal de Aras de Fuego y Explosivos. \u2018El Piyi\u2019 fue detenido el pasado 19 de septiembre en Culiac\u00e1n, junto a otros seis hombres tambi\u00e9n vinculados a proceso. Todos fueron asegurados en posesi\u00f3n de 22 armas de diversos calibres, 3 [&hellip;]<\/p>\n","protected":false},"author":3,"featured_media":104611,"comment_status":"open","ping_status":"open","sticky":false,"template":"","format":"standard","meta":{"_jetpack_newsletter_access":"","_jetpack_dont_email_post_to_subs":false,"_jetpack_newsletter_tier_id":0,"_jetpack_memberships_contains_paywalled_content":false,"_jetpack_feature_clip_id":0,"_jetpack_memberships_contains_paid_content":false,"footnotes":"","jetpack_publicize_message":"","jetpack_publicize_feature_enabled":true,"jetpack_social_post_already_shared":true,"jetpack_social_options":{"image_generator_settings":{"template":"highway","default_image_id":0,"font":"","enabled":false},"version":2},"jetpack_post_was_ever_published":false},"categories":[90,72],"tags":[],"class_list":["post-104607","post","type-post","status-publish","format-standard","has-post-thumbnail","hentry","category-estatal","category-portada","post--single"],"jetpack_publicize_connections":[],"jetpack_featured_media_url":"https:\/\/ovelanalista.com\/wp-content\/uploads\/2024\/09\/detencion-de-el-piyi.webp","jetpack_sharing_enabled":true,"_links":{"self":[{"href":"https:\/\/ovelanalista.com\/index.php?rest_route=\/wp\/v2\/posts\/104607","targetHints":{"allow":["GET"]}}],"collection":[{"href":"https:\/\/ovelanalista.com\/index.php?rest_route=\/wp\/v2\/posts"}],"about":[{"href":"https:\/\/ovelanalista.com\/index.php?rest_route=\/wp\/v2\/types\/post"}],"author":[{"embeddable":true,"href":"https:\/\/ovelanalista.com\/index.php?rest_route=\/wp\/v2\/users\/3"}],"replies":[{"embeddable":true,"href":"https:\/\/ovelanalista.com\/index.php?rest_route=%2Fwp%2Fv2%2Fcomments&post=104607"}],"version-history":[{"count":1,"href":"https:\/\/ovelanalista.com\/index.php?rest_route=\/wp\/v2\/posts\/104607\/revisions"}],"predecessor-version":[{"id":104612,"href":"https:\/\/ovelanalista.com\/index.php?rest_route=\/wp\/v2\/posts\/104607\/revisions\/104612"}],"wp:featuredmedia":[{"embeddable":true,"href":"https:\/\/ovelanalista.com\/index.php?rest_route=\/wp\/v2\/media\/104611"}],"wp:attachment":[{"href":"https:\/\/ovelanalista.com\/index.php?rest_route=%2Fwp%2Fv2%2Fmedia&parent=104607"}],"wp:term":[{"taxonomy":"category","embeddable":true,"href":"https:\/\/ovelanalista.com\/index.php?rest_route=%2Fwp%2Fv2%2Fcategories&post=104607"},{"taxonomy":"post_tag","embeddable":true,"href":"https:\/\/ovelanalista.com\/index.php?rest_route=%2Fwp%2Fv2%2Ftags&post=104607"}],"curies":[{"name":"wp","href":"https:\/\/api.w.org\/{rel}","templated":true}]}}