{"id":104610,"date":"2024-09-27T14:50:19","date_gmt":"2024-09-27T20:50:19","guid":{"rendered":"https:\/\/ovelanalista.com\/?p=104610"},"modified":"2024-09-27T14:27:13","modified_gmt":"2024-09-27T20:27:13","slug":"john-deja-acapulco-bajo-el-agua-alcaldesa-pide-declaratoria-de-desastre","status":"publish","type":"post","link":"https:\/\/ovelanalista.com\/?p=104610","title":{"rendered":"\u2018John\u2019 deja Acapulco bajo el agua; alcaldesa pide declaratoria de desastre"},"content":{"rendered":"<p>La Zona Diamante de Acapulco fue la m\u00e1s afectada por el cicl\u00f3n \u2018John\u2019, con inundaciones de casi un metro de altura.<\/p>\n<p>El cicl\u00f3n \u2018<strong>John<\/strong>\u2018, que impact\u00f3 Guerrero como hurac\u00e1n y tormenta tropical, dej\u00f3\u00a0<strong>bajo el agua<\/strong>\u00a0a\u00a0<strong>Acapulco<\/strong>.<\/p>\n<p>La Costera Miguel Alem\u00e1n, las avenidas Cuauht\u00e9moc y Ruiz Cortines, el boulevard Vicente Guerrero, el crucero del Cayaco-Puerto Marqu\u00e9s, registraron inundaciones de casi un metro de altura.<\/p>\n<p>https:\/\/x.com\/lopezdoriga\/status\/1839439753554628833?ref_src=twsrc%5Etfw%7Ctwcamp%5Etweetembed%7Ctwterm%5E1839439753554628833%7Ctwgr%5E9c86590a9e57301a6c8c7df73d94d4e57e32928d%7Ctwcon%5Es1_c10&#038;ref_url=https%3A%2F%2Flopezdoriga.com%2Fnacional%2Fjohn-deja-acapulco-bajo-el-agua-alcaldesa-pide-declaratoria-desastre%2F<\/p>\n<p>La presidenta municipal,\u00a0<strong>Abelina L\u00f3pez Rodr\u00edguez<\/strong>, expuso que el \u00e1rea m\u00e1s afectada fue la\u00a0<strong>Zona Diamante<\/strong>.<\/p>\n<blockquote><p>La tenemos ya pr\u00e1cticamente toda (inundada). El volumen de agua ha sido exagerado\u201d, se\u00f1al\u00f3 en\u00a0<a href=\"https:\/\/lopezdoriga.com\/nacional\/zona-diamante-acapulco-guerrero-inundada-lluvias-ocasionadas-john\/\" target=\"_blank\" rel=\"noopener\">entrevista<\/a>\u00a0con\u00a0<strong>Joaqu\u00edn L\u00f3pez-D\u00f3riga<\/strong>.<\/p><\/blockquote>\n<p>Precisamente en la Zona Diamante, la Avenida Esc\u00e9nica fue cerrada a la circulaci\u00f3n, al registrarse tres derrumbes.<\/p>\n<p>Adem\u00e1s, en el poblado San Agust\u00edn y la colonia Renacimiento la fuerza del agua se llev\u00f3 casas y reblandeci\u00f3 cerros que provocaron derrumbes.<\/p>\n<p>https:\/\/x.com\/lopezdoriga\/status\/1839532493998887034?ref_src=twsrc%5Etfw%7Ctwcamp%5Etweetembed%7Ctwterm%5E1839532493998887034%7Ctwgr%5E9c86590a9e57301a6c8c7df73d94d4e57e32928d%7Ctwcon%5Es1_c10&#038;ref_url=https%3A%2F%2Flopezdoriga.com%2Fnacional%2Fjohn-deja-acapulco-bajo-el-agua-alcaldesa-pide-declaratoria-desastre%2F<\/p>\n<p>Derivado de las afectaciones el transporte p\u00fablico suspendi\u00f3 actividades, en tanto que la Comisi\u00f3n Federal de Electricidad (CFE) cort\u00f3 el suministro el\u00e9ctrico como medida preventiva.<\/p>\n<p>El Gobierno Municipal de Acapulco dispuso brigadas de Reacci\u00f3n Inmediata para liberar las principales avenidas de la ciudad, a fin de garantizar el paso de veh\u00edculos de auxilio y seguridad, as\u00ed como las cadenas de abastecimiento.<\/p>\n<p>Ante la situaci\u00f3n, la\u00a0<strong>alcaldesa Abelina L\u00f3pez<\/strong>\u00a0pidi\u00f3 al\u00a0<strong>Gobierno Federal<\/strong>\u00a0emitir una\u00a0<strong>declaratoria<\/strong>\u00a0para\u00a0<strong>Acapulco<\/strong>, a fin de reforzar el apoyo, especialmente de v\u00edveres y para rescatar a la ciudadan\u00eda atrapada en sus casas.<\/p>\n<blockquote><p>Yo creo que Acapulco debe entrar en una declaraci\u00f3n de desastre, porque s\u00ed se requiere apoyo la verdad\u201d, expuso en entrevista para\u00a0<em>Radio F\u00f3rmula<\/em>.<\/p><\/blockquote>\n<p>Con informaci\u00f3n de El Universal y L\u00f3pez-D\u00f3riga Digital<\/p>\n","protected":false},"excerpt":{"rendered":"<p>La Zona Diamante de Acapulco fue la m\u00e1s afectada por el cicl\u00f3n \u2018John\u2019, con inundaciones de casi un metro de altura. El cicl\u00f3n \u2018John\u2018, que impact\u00f3 Guerrero como hurac\u00e1n y tormenta tropical, dej\u00f3\u00a0bajo el agua\u00a0a\u00a0Acapulco. La Costera Miguel Alem\u00e1n, las avenidas Cuauht\u00e9moc y Ruiz Cortines, el boulevard Vicente Guerrero, el crucero del Cayaco-Puerto Marqu\u00e9s, registraron inundaciones de casi un metro de altura. https:\/\/x.com\/lopezdoriga\/status\/1839439753554628833?ref_src=twsrc%5Etfw%7Ctwcamp%5Etweetembed%7Ctwterm%5E1839439753554628833%7Ctwgr%5E9c86590a9e57301a6c8c7df73d94d4e57e32928d%7Ctwcon%5Es1_c10&#038;ref_url=https%3A%2F%2Flopezdoriga.com%2Fnacional%2Fjohn-deja-acapulco-bajo-el-agua-alcaldesa-pide-declaratoria-desastre%2F La presidenta municipal,\u00a0Abelina L\u00f3pez Rodr\u00edguez, expuso que el \u00e1rea m\u00e1s afectada fue la\u00a0Zona Diamante. La tenemos ya pr\u00e1cticamente toda (inundada). El volumen de agua ha sido exagerado\u201d, se\u00f1al\u00f3 en\u00a0entrevista\u00a0con\u00a0Joaqu\u00edn L\u00f3pez-D\u00f3riga. Precisamente en la Zona Diamante, la Avenida [&hellip;]<\/p>\n","protected":false},"author":3,"featured_media":104614,"comment_status":"open","ping_status":"open","sticky":false,"template":"","format":"standard","meta":{"_jetpack_newsletter_access":"","_jetpack_dont_email_post_to_subs":false,"_jetpack_newsletter_tier_id":0,"_jetpack_memberships_contains_paywalled_content":false,"_jetpack_feature_clip_id":0,"_jetpack_memberships_contains_paid_content":false,"footnotes":"","jetpack_publicize_message":"","jetpack_publicize_feature_enabled":true,"jetpack_social_post_already_shared":true,"jetpack_social_options":{"image_generator_settings":{"template":"highway","default_image_id":0,"font":"","enabled":false},"version":2},"jetpack_post_was_ever_published":false},"categories":[75,72],"tags":[],"class_list":["post-104610","post","type-post","status-publish","format-standard","has-post-thumbnail","hentry","category-nacional","category-portada","post--single"],"jetpack_publicize_connections":[],"jetpack_featured_media_url":"https:\/\/ovelanalista.com\/wp-content\/uploads\/2024\/09\/inundacion-en-acapulco-guerrero-por-john.webp","jetpack_sharing_enabled":true,"_links":{"self":[{"href":"https:\/\/ovelanalista.com\/index.php?rest_route=\/wp\/v2\/posts\/104610","targetHints":{"allow":["GET"]}}],"collection":[{"href":"https:\/\/ovelanalista.com\/index.php?rest_route=\/wp\/v2\/posts"}],"about":[{"href":"https:\/\/ovelanalista.com\/index.php?rest_route=\/wp\/v2\/types\/post"}],"author":[{"embeddable":true,"href":"https:\/\/ovelanalista.com\/index.php?rest_route=\/wp\/v2\/users\/3"}],"replies":[{"embeddable":true,"href":"https:\/\/ovelanalista.com\/index.php?rest_route=%2Fwp%2Fv2%2Fcomments&post=104610"}],"version-history":[{"count":1,"href":"https:\/\/ovelanalista.com\/index.php?rest_route=\/wp\/v2\/posts\/104610\/revisions"}],"predecessor-version":[{"id":104617,"href":"https:\/\/ovelanalista.com\/index.php?rest_route=\/wp\/v2\/posts\/104610\/revisions\/104617"}],"wp:featuredmedia":[{"embeddable":true,"href":"https:\/\/ovelanalista.com\/index.php?rest_route=\/wp\/v2\/media\/104614"}],"wp:attachment":[{"href":"https:\/\/ovelanalista.com\/index.php?rest_route=%2Fwp%2Fv2%2Fmedia&parent=104610"}],"wp:term":[{"taxonomy":"category","embeddable":true,"href":"https:\/\/ovelanalista.com\/index.php?rest_route=%2Fwp%2Fv2%2Fcategories&post=104610"},{"taxonomy":"post_tag","embeddable":true,"href":"https:\/\/ovelanalista.com\/index.php?rest_route=%2Fwp%2Fv2%2Ftags&post=104610"}],"curies":[{"name":"wp","href":"https:\/\/api.w.org\/{rel}","templated":true}]}}