{"id":104613,"date":"2024-09-27T14:40:07","date_gmt":"2024-09-27T20:40:07","guid":{"rendered":"https:\/\/ovelanalista.com\/?p=104613"},"modified":"2024-09-27T14:26:57","modified_gmt":"2024-09-27T20:26:57","slug":"suman-144-desaparecidos-tras-18-dias-de-violencia-en-sinaloa","status":"publish","type":"post","link":"https:\/\/ovelanalista.com\/?p=104613","title":{"rendered":"Suman 144 desaparecidos tras 18 d\u00edas de violencia en Sinaloa"},"content":{"rendered":"<p>La guerra entre facciones del C\u00e1rtel de Sinaloa ha dejado un saldo hasta el momento de 144 personas desaparecidas.<\/p>\n<p><strong>Mar\u00eda Isabel Cruz Bernal<\/strong>, presidenta de la asociaci\u00f3n\u00a0<a href=\"https:\/\/www.facebook.com\/1234sabuesosguerreras\/?locale=es_LA\" target=\"_blank\" rel=\"noopener noreferrer\"><strong>Sabuesos Guerreras<\/strong><\/a>, est\u00e1 integrada por madres buscadoras, asegur\u00f3 que hay al menos\u00a0<strong>144 personas desaparecidas<\/strong>\u00a0tras<strong>\u00a018 d\u00edas<\/strong>\u00a0de\u00a0<strong>violencia<\/strong>\u00a0entre\u00a0<strong>facciones<\/strong>\u00a0del\u00a0<strong>C\u00e1rtel de Sinaloa<\/strong>\u00a0en la entidad.<\/p>\n<p>\u201cCon esta gran violencia que est\u00e1 padeciendo el estado nosotros como asociaci\u00f3n en los 18 d\u00edas que van de agarres entre estos grupos delincuenciales tenemos contabilizado 144 personas desaparecidas en el estado y creo que es un n\u00famero bastante grande\u201d, expres\u00f3\u00a0 en entrevista con\u00a0<strong>Azucena Uresti<\/strong>\u00a0para\u00a0<strong>Grupo F\u00f3rmula<\/strong>.<\/p>\n<div id=\"ros-inread-omy01m\" class=\"ad-container dfp-ad-unit ad-inread ad-main-inread ad-slot\" data-ad-type=\"inread\" data-slot=\"inread\" data-ad-loaded=\"1\" data-ad-setup=\"{&quot;postID&quot;:1654530,&quot;canRefresh&quot;:false,&quot;infinitescroll&quot;:false}\" data-google-query-id=\"CLH-len544gDFYWFpgQdotc1RQ\">\n<p>\u201cEncuentran tres y desaparecen a diez y esto nos preocupa mucho, esto es muy doloroso y que las autoridades no quieran tomar cartas en el asunto pues nos duele m\u00e1s, el sentirnos completamente solas\u201d, puntualiz\u00f3.<\/p>\n<p>Cruz Bernal asegur\u00f3 que el hecho de que fuerzas federales hayan desarmado a la polic\u00eda municipal en Culiac\u00e1n ha dejado m\u00e1s desprotegida a la poblaci\u00f3n de la zona.<\/p>\n<p>\u201cEs triste ver que la misma Sedena y la Guardia Nacional desarman a la polic\u00eda municipal y ahora ni vigilancia tenemos, porque no hay polic\u00eda municipal en las calles o en los negocios y eso preocupa mucho m\u00e1s\u201d, declar\u00f3.<\/p>\n<blockquote><p>Cuando sales a la calle sales solo con la bendici\u00f3n de Dios y esperando regresar\u201d, puntualiz\u00f3.<\/p><\/blockquote>\n<p>Est\u00e1n a punto de cumplirse tres semanas de la\u00a0<strong>violencia<\/strong>\u00a0desatada en\u00a0<strong>Sinaloa<\/strong>, particularmente en Culiac\u00e1n, derivada de las pugnas entrE\u00a0<strong>Los Mayos y Los Chapitos<\/strong>, a ra\u00edz de la detenci\u00f3n en EE.UU. del l\u00edder criminal\u00a0<strong>Ismael\u00a0<em>Mayo<\/em>\u00a0Zambada<\/strong>\u00a0el 25 de julio.<\/p>\n<p>Dichos enfrentamientos han dejado ya m\u00e1s de 100 muertos, seg\u00fan conteos de medios locales.<\/p>\n<p>El Gobierno mexicano ha desplegado m\u00e1s de dos mil 200 elementos de las Fuerzas Armadas ante la violencia, pero el presidente\u00a0<strong>Andr\u00e9s Manuel L\u00f3pez Obrador<\/strong>\u00a0y los militares tambi\u00e9n han sugerido que el fin de los enfrentamientos depende de que el C\u00e1rtel de Sinaloa deje de luchar entre s\u00ed.<\/p>\n<p>Con informaci\u00f3n de Radio F\u00f3rmula<\/p>\n<\/div>\n","protected":false},"excerpt":{"rendered":"<p>La guerra entre facciones del C\u00e1rtel de Sinaloa ha dejado un saldo hasta el momento de 144 personas desaparecidas. Mar\u00eda Isabel Cruz Bernal, presidenta de la asociaci\u00f3n\u00a0Sabuesos Guerreras, est\u00e1 integrada por madres buscadoras, asegur\u00f3 que hay al menos\u00a0144 personas desaparecidas\u00a0tras\u00a018 d\u00edas\u00a0de\u00a0violencia\u00a0entre\u00a0facciones\u00a0del\u00a0C\u00e1rtel de Sinaloa\u00a0en la entidad. \u201cCon esta gran violencia que est\u00e1 padeciendo el estado nosotros como asociaci\u00f3n en los 18 d\u00edas que van de agarres entre estos grupos delincuenciales tenemos contabilizado 144 personas desaparecidas en el estado y creo que es un n\u00famero bastante grande\u201d, expres\u00f3\u00a0 en entrevista con\u00a0Azucena Uresti\u00a0para\u00a0Grupo F\u00f3rmula. \u201cEncuentran tres y desaparecen a diez y esto nos [&hellip;]<\/p>\n","protected":false},"author":3,"featured_media":104615,"comment_status":"open","ping_status":"open","sticky":false,"template":"","format":"standard","meta":{"_jetpack_newsletter_access":"","_jetpack_dont_email_post_to_subs":false,"_jetpack_newsletter_tier_id":0,"_jetpack_memberships_contains_paywalled_content":false,"_jetpack_feature_clip_id":0,"_jetpack_memberships_contains_paid_content":false,"footnotes":"","jetpack_publicize_message":"","jetpack_publicize_feature_enabled":true,"jetpack_social_post_already_shared":true,"jetpack_social_options":{"image_generator_settings":{"template":"highway","default_image_id":0,"font":"","enabled":false},"version":2},"jetpack_post_was_ever_published":false},"categories":[90,72],"tags":[],"class_list":["post-104613","post","type-post","status-publish","format-standard","has-post-thumbnail","hentry","category-estatal","category-portada","post--single"],"jetpack_publicize_connections":[],"jetpack_featured_media_url":"https:\/\/ovelanalista.com\/wp-content\/uploads\/2024\/09\/enfrentamiento-la-campina-culiacan-sinaloa-1-2.webp","jetpack_sharing_enabled":true,"_links":{"self":[{"href":"https:\/\/ovelanalista.com\/index.php?rest_route=\/wp\/v2\/posts\/104613","targetHints":{"allow":["GET"]}}],"collection":[{"href":"https:\/\/ovelanalista.com\/index.php?rest_route=\/wp\/v2\/posts"}],"about":[{"href":"https:\/\/ovelanalista.com\/index.php?rest_route=\/wp\/v2\/types\/post"}],"author":[{"embeddable":true,"href":"https:\/\/ovelanalista.com\/index.php?rest_route=\/wp\/v2\/users\/3"}],"replies":[{"embeddable":true,"href":"https:\/\/ovelanalista.com\/index.php?rest_route=%2Fwp%2Fv2%2Fcomments&post=104613"}],"version-history":[{"count":1,"href":"https:\/\/ovelanalista.com\/index.php?rest_route=\/wp\/v2\/posts\/104613\/revisions"}],"predecessor-version":[{"id":104616,"href":"https:\/\/ovelanalista.com\/index.php?rest_route=\/wp\/v2\/posts\/104613\/revisions\/104616"}],"wp:featuredmedia":[{"embeddable":true,"href":"https:\/\/ovelanalista.com\/index.php?rest_route=\/wp\/v2\/media\/104615"}],"wp:attachment":[{"href":"https:\/\/ovelanalista.com\/index.php?rest_route=%2Fwp%2Fv2%2Fmedia&parent=104613"}],"wp:term":[{"taxonomy":"category","embeddable":true,"href":"https:\/\/ovelanalista.com\/index.php?rest_route=%2Fwp%2Fv2%2Fcategories&post=104613"},{"taxonomy":"post_tag","embeddable":true,"href":"https:\/\/ovelanalista.com\/index.php?rest_route=%2Fwp%2Fv2%2Ftags&post=104613"}],"curies":[{"name":"wp","href":"https:\/\/api.w.org\/{rel}","templated":true}]}}