{"id":104618,"date":"2024-09-27T15:10:14","date_gmt":"2024-09-27T21:10:14","guid":{"rendered":"https:\/\/ovelanalista.com\/?p=104618"},"modified":"2024-09-27T14:32:11","modified_gmt":"2024-09-27T20:32:11","slug":"unesco-condena-el-asesinato-del-periodista-enrique-hernandez-en-taxco","status":"publish","type":"post","link":"https:\/\/ovelanalista.com\/?p=104618","title":{"rendered":"Unesco condena el asesinato del periodista Enrique Hern\u00e1ndez en Taxco"},"content":{"rendered":"<p>La Unesco conden\u00f3 el asesinato en Taxco del periodista Enrique Hern\u00e1ndez, quien permaneci\u00f3 desaparecido durante dos meses.<\/p>\n<p>La directora general de la Organizaci\u00f3n de las Naciones Unidas para la Educaci\u00f3n, la Ciencia y la Cultura (<strong>Unesco<\/strong>), Audrey Azoulay, conden\u00f3 el\u00a0<strong>asesinato<\/strong>\u00a0del\u00a0<strong>periodista Enrique Hern\u00e1ndez Avil\u00e9s<\/strong>, cuyo cuerpo apareci\u00f3 el 31 de agosto en la localidad de\u00a0<strong>Taxco<\/strong>, Guerrero, tras estar\u00a0<strong>desaparecido<\/strong>\u00a0durante m\u00e1s de\u00a0<strong>dos<\/strong>\u00a0<strong>meses<\/strong>.<\/p>\n<p>\u201cCondeno el asesinato de Enrique Hern\u00e1ndez Avil\u00e9s. No podemos permitir que los cr\u00edmenes contra periodistas queden impunes. Por ello, solicito que se realice una investigaci\u00f3n en profundidad para garantizar que se llevan a los autores ante la Justicia\u201d, indic\u00f3 Azoulay en un\u00a0<a href=\"https:\/\/www.unesco.org\/es\/articles\/la-directora-general-de-la-unesco-condena-el-asesinato-del-periodista-enrique-hernandez-avies-en\" target=\"_blank\" rel=\"noopener noreferrer\">comunicado<\/a>.<\/p>\n<p>El periodista de 55 a\u00f1os trabajaba para la\u00a0<strong>revista Contacto Polic\u00edaco<\/strong>\u00a0y es el cuarto comunicador asesinado en lo que va de a\u00f1o en M\u00e9xico luego de las muertes de Alejandro Alfredo Mart\u00ednez Noguez,\u00a0<a href=\"https:\/\/lopezdoriga.com\/nacional\/hallan-muerto-en-chiapas-al-periodista-victor-culebro-morales\/\" target=\"_blank\" rel=\"noopener\">V\u00edctor Alfonso Culebro Morales<\/a>\u00a0y Roberto Carlos Figueroa.<\/p>\n<p>La Unesco se\u00f1ala que en este mismo periodo se ha producido el asesinato de 48 profesionales de la comunicaci\u00f3n en todo el mundo, nueve de ellos en Am\u00e9rica Latina, y muchos de los restantes procedentes de Medio Oriente por el conflicto que all\u00ed mantiene Israel con Palestina y L\u00edbano.<\/p>\n<p>La agresi\u00f3n se denuncia mientras la organizaci\u00f3n Art\u00edculo 19 ha denunciado que desde diciembre de 2018, cuando inici\u00f3 la presidencia de Andr\u00e9s Manuel L\u00f3pez Obrador (2018-2024), han asesinado en M\u00e9xico a 47 comunicadores por su labor, mismo n\u00famero que en el Gobierno de Enrique Pe\u00f1a Nieto (2012-2018).<\/p>\n<p>La Unesco es la principal agencia de las Naciones Unidas para la libertad de expresi\u00f3n y tiene el mandato de monitorear el asesinato de periodistas, casos que se confirman e introducen en el Observatorio con base en reportes desde el terreno por m\u00faltiples fuentes.<\/p>\n<p>El organismo analiza que el periodista haya sido v\u00edctima de un ataque por su labor profesional, algo que en el caso de Enrique Hern\u00e1ndez se cumple.<\/p>\n<p>Con informaci\u00f3n de EFE<\/p>\n<p>&nbsp;<\/p>\n","protected":false},"excerpt":{"rendered":"<p>La Unesco conden\u00f3 el asesinato en Taxco del periodista Enrique Hern\u00e1ndez, quien permaneci\u00f3 desaparecido durante dos meses. La directora general de la Organizaci\u00f3n de las Naciones Unidas para la Educaci\u00f3n, la Ciencia y la Cultura (Unesco), Audrey Azoulay, conden\u00f3 el\u00a0asesinato\u00a0del\u00a0periodista Enrique Hern\u00e1ndez Avil\u00e9s, cuyo cuerpo apareci\u00f3 el 31 de agosto en la localidad de\u00a0Taxco, Guerrero, tras estar\u00a0desaparecido\u00a0durante m\u00e1s de\u00a0dos\u00a0meses. \u201cCondeno el asesinato de Enrique Hern\u00e1ndez Avil\u00e9s. No podemos permitir que los cr\u00edmenes contra periodistas queden impunes. Por ello, solicito que se realice una investigaci\u00f3n en profundidad para garantizar que se llevan a los autores ante la Justicia\u201d, indic\u00f3 Azoulay en [&hellip;]<\/p>\n","protected":false},"author":3,"featured_media":104623,"comment_status":"open","ping_status":"open","sticky":false,"template":"","format":"standard","meta":{"_jetpack_newsletter_access":"","_jetpack_dont_email_post_to_subs":false,"_jetpack_newsletter_tier_id":0,"_jetpack_memberships_contains_paywalled_content":false,"_jetpack_feature_clip_id":0,"_jetpack_memberships_contains_paid_content":false,"footnotes":"","jetpack_publicize_message":"","jetpack_publicize_feature_enabled":true,"jetpack_social_post_already_shared":true,"jetpack_social_options":{"image_generator_settings":{"template":"highway","default_image_id":0,"font":"","enabled":false},"version":2},"jetpack_post_was_ever_published":false},"categories":[75,72],"tags":[],"class_list":["post-104618","post","type-post","status-publish","format-standard","has-post-thumbnail","hentry","category-nacional","category-portada","post--single"],"jetpack_publicize_connections":[],"jetpack_featured_media_url":"https:\/\/ovelanalista.com\/wp-content\/uploads\/2024\/09\/operativo-de-busqueda-del-periodista-enrique-hernandez-aviles.webp","jetpack_sharing_enabled":true,"_links":{"self":[{"href":"https:\/\/ovelanalista.com\/index.php?rest_route=\/wp\/v2\/posts\/104618","targetHints":{"allow":["GET"]}}],"collection":[{"href":"https:\/\/ovelanalista.com\/index.php?rest_route=\/wp\/v2\/posts"}],"about":[{"href":"https:\/\/ovelanalista.com\/index.php?rest_route=\/wp\/v2\/types\/post"}],"author":[{"embeddable":true,"href":"https:\/\/ovelanalista.com\/index.php?rest_route=\/wp\/v2\/users\/3"}],"replies":[{"embeddable":true,"href":"https:\/\/ovelanalista.com\/index.php?rest_route=%2Fwp%2Fv2%2Fcomments&post=104618"}],"version-history":[{"count":1,"href":"https:\/\/ovelanalista.com\/index.php?rest_route=\/wp\/v2\/posts\/104618\/revisions"}],"predecessor-version":[{"id":104624,"href":"https:\/\/ovelanalista.com\/index.php?rest_route=\/wp\/v2\/posts\/104618\/revisions\/104624"}],"wp:featuredmedia":[{"embeddable":true,"href":"https:\/\/ovelanalista.com\/index.php?rest_route=\/wp\/v2\/media\/104623"}],"wp:attachment":[{"href":"https:\/\/ovelanalista.com\/index.php?rest_route=%2Fwp%2Fv2%2Fmedia&parent=104618"}],"wp:term":[{"taxonomy":"category","embeddable":true,"href":"https:\/\/ovelanalista.com\/index.php?rest_route=%2Fwp%2Fv2%2Fcategories&post=104618"},{"taxonomy":"post_tag","embeddable":true,"href":"https:\/\/ovelanalista.com\/index.php?rest_route=%2Fwp%2Fv2%2Ftags&post=104618"}],"curies":[{"name":"wp","href":"https:\/\/api.w.org\/{rel}","templated":true}]}}