{"id":104626,"date":"2024-09-27T15:40:09","date_gmt":"2024-09-27T21:40:09","guid":{"rendered":"https:\/\/ovelanalista.com\/?p=104626"},"modified":"2024-09-27T15:12:08","modified_gmt":"2024-09-27T21:12:08","slug":"mexico-pedia-normalizar-relaciones-con-espana-con-una-ceremonia-de-desagravio-aclara-alicia-barcena","status":"publish","type":"post","link":"https:\/\/ovelanalista.com\/?p=104626","title":{"rendered":"M\u00e9xico ped\u00eda normalizar relaciones con Espa\u00f1a con una \u201cceremonia de desagravio\u201d, aclara Alicia B\u00e1rcena"},"content":{"rendered":"<p>Alicia B\u00e1rcena aclar\u00f3 que M\u00e9xico buscaba una especie de reuni\u00f3n de desagravio con Espa\u00f1a, por La Conquista.<\/p>\n<div class=\"entry-grid__content-area2 entry-main-text\">\n<div class=\"row\">\n<div class=\"col-12 col-lg-8\">\n<div class=\"article-content\">\n<p>La canciller\u00a0<strong>Alicia B\u00e1rcena<\/strong>\u00a0pidi\u00f3 la\u00a0<strong>normalizaci\u00f3n de relaciones<\/strong>\u00a0con\u00a0<strong>Espa\u00f1a<\/strong>, en un imp\u00e1s diplom\u00e1tico por no invitar al rey Felipe VI a la toma de posesi\u00f3n de la presidenta electa, Claudia Sheinbaum, el pr\u00f3ximo martes, a una \u201cceremonia de desagravios\u201d.<\/p>\n<p>\u201cEn M\u00e9xico cuando se descubr\u00eda una ruina arqueol\u00f3gica, por ejemplo Pet\u00e9n o Palenque, las comunidades lo que ped\u00edan era una ceremonia de desagravios porque est\u00e1bamos entrando en su territorio, tierra y cultura. Eso es lo que solicitaba M\u00e9xico, una especie de reuni\u00f3n de desagravio de hace 500 a\u00f1os\u201d, dijo B\u00e1rcena en una rueda de prensa en Naciones Unidas.<\/p>\n<p>Despu\u00e9s de la decisi\u00f3n de Sheinbaum de\u00a0<a href=\"https:\/\/lopezdoriga.com\/nacional\/exclusion-rey-espana-investidura-sheinbaum-por-no-responder-carta-amlo\/\" target=\"_blank\" rel=\"noopener\">no invitar a Felipe VI<\/a>\u00a0a su ceremonia de investidura el 2 de octubre, el\u00a0<a href=\"https:\/\/lopezdoriga.com\/nacional\/mexico-no-invito-al-rey-felipe-vi-de-espana-a-la-investidura-de-claudia-sheinbaum\/\" target=\"_blank\" rel=\"noopener\">Gobierno espa\u00f1ol declin\u00f3 acudir al acto<\/a>, en un nuevo desencuentro diplom\u00e1tico entre ambos pa\u00edses durante el mandato del presidente saliente, Andr\u00e9s Manuel L\u00f3pez Obrador.<\/p>\n<p>En ese sentido, B\u00e1rcena indic\u00f3 que \u201clo m\u00e1s importante\u201d es que \u201ceste tema no es reciente\u201d, sino que llega a colaci\u00f3n de una carta que el gobernante mexicano envi\u00f3 a la jefatura del Estado espa\u00f1ol en 2019 solicitando \u201cuna reuni\u00f3n y un reconocimiento de los pueblos ind\u00edgenas de M\u00e9xico\u201d y que no encontr\u00f3 respuesta.<\/p>\n<p>\u201cEsa era un poco la t\u00f3nica, invitando al rey (Felipe VI) y a las autoridades espa\u00f1olas a que vinieran a M\u00e9xico y nos sent\u00e1ramos a hablar\u201d, a\u00f1adi\u00f3 B\u00e1rcena quien, no obstante, expres\u00f3 que como canciller tiene una relaci\u00f3n \u201cexcelente\u201d con el presidente del Gobierno espa\u00f1ol, Pedro S\u00e1nchez, y con su titular de Exteriores, Jos\u00e9 Manuel Albares.<\/p>\n<p>La pr\u00f3xima responsable de Medio Ambiente en el Gobierno de Sheinbaum asegur\u00f3 tambi\u00e9n que \u201centiende el problema desde la perspectiva de Espa\u00f1a\u201d, con cuyas autoridades, indic\u00f3, se ha reunido durante la semana de Alto Nivel de la ONU, pero ambos pa\u00edses tienen \u201cla soluci\u00f3n\u201d y \u201chay que llevarla adelante\u201d.<\/p>\n<p>B\u00e1rcena calific\u00f3 la\u00a0<strong>relaci\u00f3n<\/strong>\u00a0entre\u00a0<strong>M\u00e9xico<\/strong>\u00a0y\u00a0<strong>Espa\u00f1a<\/strong>\u00a0actualmente como de \u201c<strong>gran dinamismo pol\u00edtico y econ\u00f3mico<\/strong>\u201c, despu\u00e9s de momentos hist\u00f3ricos distintos en los que se produjeron \u201cagravios durante la colonia\u201d, y despu\u00e9s el pa\u00eds latinoamericano \u201crecibi\u00f3 a m\u00e1s de 40 mil espa\u00f1oles en le \u00e9poca de (Francisco) Franco\u201d.<\/p>\n<p>El Gobierno espa\u00f1ol traslad\u00f3 el pasado martes una \u201cnota verbal\u201d (conducto normal de comunicaci\u00f3n escrita entre las embajadas y el Ministerio de Exteriores) para mostrar su queja formal ante la no invitaci\u00f3n al rey Felipe VI.<\/p>\n<p>El Ejecutivo espa\u00f1ol, que no participar\u00e1 a ning\u00fan nivel en la ceremonia de traspaso de poder, evidenciaba as\u00ed su posici\u00f3n ante un hecho sin precedentes en la relaci\u00f3n que Espa\u00f1a y la Corona han tenido con los pa\u00edses de Am\u00e9rica Latina, y en la representaci\u00f3n del monarca en las tomas de posesi\u00f3n de los respectivos mandatarios en la regi\u00f3n.<\/p>\n<p>Con informaci\u00f3n de EFE<\/p>\n<\/div>\n<\/div>\n<\/div>\n<\/div>\n","protected":false},"excerpt":{"rendered":"<p>Alicia B\u00e1rcena aclar\u00f3 que M\u00e9xico buscaba una especie de reuni\u00f3n de desagravio con Espa\u00f1a, por La Conquista. La canciller\u00a0Alicia B\u00e1rcena\u00a0pidi\u00f3 la\u00a0normalizaci\u00f3n de relaciones\u00a0con\u00a0Espa\u00f1a, en un imp\u00e1s diplom\u00e1tico por no invitar al rey Felipe VI a la toma de posesi\u00f3n de la presidenta electa, Claudia Sheinbaum, el pr\u00f3ximo martes, a una \u201cceremonia de desagravios\u201d. \u201cEn M\u00e9xico cuando se descubr\u00eda una ruina arqueol\u00f3gica, por ejemplo Pet\u00e9n o Palenque, las comunidades lo que ped\u00edan era una ceremonia de desagravios porque est\u00e1bamos entrando en su territorio, tierra y cultura. Eso es lo que solicitaba M\u00e9xico, una especie de reuni\u00f3n de desagravio de hace 500 [&hellip;]<\/p>\n","protected":false},"author":3,"featured_media":104630,"comment_status":"open","ping_status":"open","sticky":false,"template":"","format":"standard","meta":{"_jetpack_newsletter_access":"","_jetpack_dont_email_post_to_subs":false,"_jetpack_newsletter_tier_id":0,"_jetpack_memberships_contains_paywalled_content":false,"_jetpack_feature_clip_id":0,"_jetpack_memberships_contains_paid_content":false,"footnotes":"","jetpack_publicize_message":"","jetpack_publicize_feature_enabled":true,"jetpack_social_post_already_shared":true,"jetpack_social_options":{"image_generator_settings":{"template":"highway","default_image_id":0,"font":"","enabled":false},"version":2},"jetpack_post_was_ever_published":false},"categories":[89,75,72],"tags":[],"class_list":["post-104626","post","type-post","status-publish","format-standard","has-post-thumbnail","hentry","category-internacional","category-nacional","category-portada","post--single"],"jetpack_publicize_connections":[],"jetpack_featured_media_url":"https:\/\/ovelanalista.com\/wp-content\/uploads\/2024\/09\/escudos-de-las-banderas-de-mexico-y-espana.webp","jetpack_sharing_enabled":true,"_links":{"self":[{"href":"https:\/\/ovelanalista.com\/index.php?rest_route=\/wp\/v2\/posts\/104626","targetHints":{"allow":["GET"]}}],"collection":[{"href":"https:\/\/ovelanalista.com\/index.php?rest_route=\/wp\/v2\/posts"}],"about":[{"href":"https:\/\/ovelanalista.com\/index.php?rest_route=\/wp\/v2\/types\/post"}],"author":[{"embeddable":true,"href":"https:\/\/ovelanalista.com\/index.php?rest_route=\/wp\/v2\/users\/3"}],"replies":[{"embeddable":true,"href":"https:\/\/ovelanalista.com\/index.php?rest_route=%2Fwp%2Fv2%2Fcomments&post=104626"}],"version-history":[{"count":1,"href":"https:\/\/ovelanalista.com\/index.php?rest_route=\/wp\/v2\/posts\/104626\/revisions"}],"predecessor-version":[{"id":104631,"href":"https:\/\/ovelanalista.com\/index.php?rest_route=\/wp\/v2\/posts\/104626\/revisions\/104631"}],"wp:featuredmedia":[{"embeddable":true,"href":"https:\/\/ovelanalista.com\/index.php?rest_route=\/wp\/v2\/media\/104630"}],"wp:attachment":[{"href":"https:\/\/ovelanalista.com\/index.php?rest_route=%2Fwp%2Fv2%2Fmedia&parent=104626"}],"wp:term":[{"taxonomy":"category","embeddable":true,"href":"https:\/\/ovelanalista.com\/index.php?rest_route=%2Fwp%2Fv2%2Fcategories&post=104626"},{"taxonomy":"post_tag","embeddable":true,"href":"https:\/\/ovelanalista.com\/index.php?rest_route=%2Fwp%2Fv2%2Ftags&post=104626"}],"curies":[{"name":"wp","href":"https:\/\/api.w.org\/{rel}","templated":true}]}}