{"id":104629,"date":"2024-09-27T15:50:48","date_gmt":"2024-09-27T21:50:48","guid":{"rendered":"https:\/\/ovelanalista.com\/?p=104629"},"modified":"2024-09-27T15:14:36","modified_gmt":"2024-09-27T21:14:36","slug":"john-toca-tierra-en-michoacan-como-tormenta-tropical","status":"publish","type":"post","link":"https:\/\/ovelanalista.com\/?p=104629","title":{"rendered":"\u2018John\u2019 toca tierra en Michoac\u00e1n como tormenta tropical"},"content":{"rendered":"<p>La tormenta tropical \u2018John\u2019 impact\u00f3 en el municipio michoacano de Aquila, donde se prev\u00e9n lluvias extraordinarias.<\/p>\n<div class=\"entry-grid__content-area2 entry-main-text\">\n<div class=\"row\">\n<div class=\"col-12 col-lg-8\">\n<div class=\"article-content\">\n<p>\u2018<strong>John<\/strong>\u2018\u00a0<strong>toc\u00f3 tierra<\/strong>\u00a0el mediod\u00eda de este viernes en\u00a0<strong>Michoac\u00e1n<\/strong>, como tormenta tropical.<\/p>\n<p>El cicl\u00f3n impact\u00f3 en el municipio de\u00a0<strong>Aquila<\/strong>. Su centro de ubica a 26 km al este de Punta San Telmo, Michoac\u00e1n, y a 140 km al sureste de Manzanillo, Colima.<\/p>\n<p>https:\/\/x.com\/lopezdoriga\/status\/1839739281805365423?ref_src=twsrc%5Etfw%7Ctwcamp%5Etweetembed%7Ctwterm%5E1839739281805365423%7Ctwgr%5Eec3311247620cb0ecfc066f24fbd9204d436896c%7Ctwcon%5Es1_c10&#038;ref_url=https%3A%2F%2Flopezdoriga.com%2Fnacional%2Fjohn-toca-tierra-michoacan-tormenta-tropical%2F<\/p>\n<p>Avanza hacia el nor-noroeste con rachas de viento de 95 km\/h.<\/p>\n<p>El Servicio Meteorol\u00f3gico Nacional (SMN)\u00a0<a href=\"https:\/\/x.com\/conagua_clima\/status\/1839737496755941840\" target=\"_blank\" rel=\"noopener noreferrer\">advierte<\/a>\u00a0que su amplia circulaci\u00f3n generar\u00e1\u00a0<strong>lluvias<\/strong>\u00a0puntuales extraordinarias en\u00a0<strong>Colima<\/strong>,\u00a0<strong>Michoac\u00e1n<\/strong>\u00a0y\u00a0<strong>Guerrero<\/strong>.<\/p>\n<p>Se esperan tambi\u00e9n lluvias puntuales torrenciales en\u00a0<strong>Jalisco<\/strong>\u00a0y\u00a0<strong>Oaxaca<\/strong>, y lluvias fuertes en el centro y norte del pa\u00eds.<\/p>\n<p>https:\/\/x.com\/DronesMichoacan\/status\/1839672077172785391?ref_src=twsrc%5Etfw%7Ctwcamp%5Etweetembed%7Ctwterm%5E1839672077172785391%7Ctwgr%5Eec3311247620cb0ecfc066f24fbd9204d436896c%7Ctwcon%5Es1_c10&#038;ref_url=https%3A%2F%2Flopezdoriga.com%2Fnacional%2Fjohn-toca-tierra-michoacan-tormenta-tropical%2F<\/p>\n<p>Protecci\u00f3n Civil de Michoac\u00e1n inform\u00f3 que la<strong>\u00a0presa de Cointzio<\/strong>\u00a0alcanz\u00f3 su\u00a0<strong>m\u00e1xima capacidad<\/strong>, por lo que se realiz\u00f3 su desfogue.<\/p>\n<p>Hay 43 colonias de Morelia en riesgo, por lo que se\u00a0habilitaron refugios temporales en el Auditorio Municipal, Auditorio Servando Ch\u00e1vez, Auditorio del DIF, y Estancia Diurna del Adulto Mayor.<\/p>\n<p>https:\/\/x.com\/pcmichoacan\/status\/1839491105777131901?ref_src=twsrc%5Etfw%7Ctwcamp%5Etweetembed%7Ctwterm%5E1839491105777131901%7Ctwgr%5Eec3311247620cb0ecfc066f24fbd9204d436896c%7Ctwcon%5Es1_c10&#038;ref_url=https%3A%2F%2Flopezdoriga.com%2Fnacional%2Fjohn-toca-tierra-michoacan-tormenta-tropical%2F<\/p>\n<p>Con informaci\u00f3n de L\u00f3pez-D\u00f3riga Digital<\/p>\n<\/div>\n<\/div>\n<\/div>\n<\/div>\n","protected":false},"excerpt":{"rendered":"<p>La tormenta tropical \u2018John\u2019 impact\u00f3 en el municipio michoacano de Aquila, donde se prev\u00e9n lluvias extraordinarias. \u2018John\u2018\u00a0toc\u00f3 tierra\u00a0el mediod\u00eda de este viernes en\u00a0Michoac\u00e1n, como tormenta tropical. El cicl\u00f3n impact\u00f3 en el municipio de\u00a0Aquila. Su centro de ubica a 26 km al este de Punta San Telmo, Michoac\u00e1n, y a 140 km al sureste de Manzanillo, Colima. https:\/\/x.com\/lopezdoriga\/status\/1839739281805365423?ref_src=twsrc%5Etfw%7Ctwcamp%5Etweetembed%7Ctwterm%5E1839739281805365423%7Ctwgr%5Eec3311247620cb0ecfc066f24fbd9204d436896c%7Ctwcon%5Es1_c10&#038;ref_url=https%3A%2F%2Flopezdoriga.com%2Fnacional%2Fjohn-toca-tierra-michoacan-tormenta-tropical%2F Avanza hacia el nor-noroeste con rachas de viento de 95 km\/h. El Servicio Meteorol\u00f3gico Nacional (SMN)\u00a0advierte\u00a0que su amplia circulaci\u00f3n generar\u00e1\u00a0lluvias\u00a0puntuales extraordinarias en\u00a0Colima,\u00a0Michoac\u00e1n\u00a0y\u00a0Guerrero. Se esperan tambi\u00e9n lluvias puntuales torrenciales en\u00a0Jalisco\u00a0y\u00a0Oaxaca, y lluvias fuertes en el centro y norte del pa\u00eds. https:\/\/x.com\/DronesMichoacan\/status\/1839672077172785391?ref_src=twsrc%5Etfw%7Ctwcamp%5Etweetembed%7Ctwterm%5E1839672077172785391%7Ctwgr%5Eec3311247620cb0ecfc066f24fbd9204d436896c%7Ctwcon%5Es1_c10&#038;ref_url=https%3A%2F%2Flopezdoriga.com%2Fnacional%2Fjohn-toca-tierra-michoacan-tormenta-tropical%2F Protecci\u00f3n Civil de [&hellip;]<\/p>\n","protected":false},"author":3,"featured_media":104633,"comment_status":"open","ping_status":"open","sticky":false,"template":"","format":"standard","meta":{"_jetpack_newsletter_access":"","_jetpack_dont_email_post_to_subs":false,"_jetpack_newsletter_tier_id":0,"_jetpack_memberships_contains_paywalled_content":false,"_jetpack_feature_clip_id":0,"_jetpack_memberships_contains_paid_content":false,"footnotes":"","jetpack_publicize_message":"","jetpack_publicize_feature_enabled":true,"jetpack_social_post_already_shared":true,"jetpack_social_options":{"image_generator_settings":{"template":"highway","default_image_id":0,"font":"","enabled":false},"version":2},"jetpack_post_was_ever_published":false},"categories":[75,72],"tags":[],"class_list":["post-104629","post","type-post","status-publish","format-standard","has-post-thumbnail","hentry","category-nacional","category-portada","post--single"],"jetpack_publicize_connections":[],"jetpack_featured_media_url":"https:\/\/ovelanalista.com\/wp-content\/uploads\/2024\/09\/proteccion-civil-de-michoacan-en-alerta-por-john.webp","jetpack_sharing_enabled":true,"_links":{"self":[{"href":"https:\/\/ovelanalista.com\/index.php?rest_route=\/wp\/v2\/posts\/104629","targetHints":{"allow":["GET"]}}],"collection":[{"href":"https:\/\/ovelanalista.com\/index.php?rest_route=\/wp\/v2\/posts"}],"about":[{"href":"https:\/\/ovelanalista.com\/index.php?rest_route=\/wp\/v2\/types\/post"}],"author":[{"embeddable":true,"href":"https:\/\/ovelanalista.com\/index.php?rest_route=\/wp\/v2\/users\/3"}],"replies":[{"embeddable":true,"href":"https:\/\/ovelanalista.com\/index.php?rest_route=%2Fwp%2Fv2%2Fcomments&post=104629"}],"version-history":[{"count":1,"href":"https:\/\/ovelanalista.com\/index.php?rest_route=\/wp\/v2\/posts\/104629\/revisions"}],"predecessor-version":[{"id":104634,"href":"https:\/\/ovelanalista.com\/index.php?rest_route=\/wp\/v2\/posts\/104629\/revisions\/104634"}],"wp:featuredmedia":[{"embeddable":true,"href":"https:\/\/ovelanalista.com\/index.php?rest_route=\/wp\/v2\/media\/104633"}],"wp:attachment":[{"href":"https:\/\/ovelanalista.com\/index.php?rest_route=%2Fwp%2Fv2%2Fmedia&parent=104629"}],"wp:term":[{"taxonomy":"category","embeddable":true,"href":"https:\/\/ovelanalista.com\/index.php?rest_route=%2Fwp%2Fv2%2Fcategories&post=104629"},{"taxonomy":"post_tag","embeddable":true,"href":"https:\/\/ovelanalista.com\/index.php?rest_route=%2Fwp%2Fv2%2Ftags&post=104629"}],"curies":[{"name":"wp","href":"https:\/\/api.w.org\/{rel}","templated":true}]}}