{"id":104632,"date":"2024-09-27T16:00:48","date_gmt":"2024-09-27T22:00:48","guid":{"rendered":"https:\/\/ovelanalista.com\/?p=104632"},"modified":"2024-09-27T15:16:22","modified_gmt":"2024-09-27T21:16:22","slug":"agradezco-al-creador-y-a-la-suerte-de-que-no-cometi-muchos-errores-en-el-sexenio-lopez-obrador","status":"publish","type":"post","link":"https:\/\/ovelanalista.com\/?p=104632","title":{"rendered":"\u201cAgradezco al Creador y a la suerte de que no comet\u00ed muchos errores en el sexenio\u201d: L\u00f3pez Obrador"},"content":{"rendered":"<p>L\u00f3pez Obrador dijo que los errores que cometi\u00f3 durante su tiempo en la Presidencia fueron magnificados \u201ccon todo\u201d por sus adversarios.<\/p>\n<p>El presidente\u00a0<a href=\"https:\/\/twitter.com\/lopezobrador_\" target=\"_blank\" rel=\"noreferrer noopener\"><span class=\"s1\"><b>Andr\u00e9s Manuel<\/b><\/span><\/a><b>\u00a0L\u00f3pez Obrador<\/b>\u00a0dio\u00a0<strong>gracias<\/strong>\u00a0a Dios y a la suerte por<strong>\u00a0no haber cometido<\/strong>\u00a0<strong>muchos<\/strong>\u00a0<strong>errores<\/strong>\u00a0durante su\u00a0<a href=\"https:\/\/lopezdoriga.com\/nacional\/no-soy-hipocrita-cuando-digo-me-voy-retirar-es-me-voy-jubilar-lopez-obrador\/\" target=\"_blank\" rel=\"noopener\"><strong>sexenio<\/strong><\/a>, que culminar\u00e1 el \u00faltimo d\u00eda de septiembre.<\/p>\n<p>En la conferencia matutina de Palacio nacional, L\u00f3pez Obrador asever\u00f3 que los errores que cometi\u00f3 durante su tiempo en la Presidencia fueron magnificados \u201ccon todo\u201d por sus adversarios.<\/p>\n<div data-ad-type=\"inread\" data-slot=\"inread\" data-ad-loaded=\"1\" data-ad-setup=\"{&quot;postID&quot;:1654573,&quot;canRefresh&quot;:false,&quot;infinitescroll&quot;:false}\" data-google-query-id=\"CO3lpcqF5IgDFdfdGAId538f9w\">\n<blockquote><p>Yo tengo que agradecer al Creador y a la suerte de que no comet\u00ed muchos errores\u201d, declar\u00f3.<\/p><\/blockquote>\n<p>\u201cS\u00ed se cometieron errores, pero no muchos porque los errores nuestros se magnificaban, pero con todo\u201d, puntualiz\u00f3.<\/p>\n<p>El mandatario mexicano justific\u00f3 los pendientes que deja a tres d\u00edas de finalizar su Administraci\u00f3n \u201cporque fue mucho el tiempo de abandono y humillaci\u00f3n al pueblo, hay que seguir adelante\u201d.<\/p>\n<p>L\u00f3pez Obrador asegur\u00f3 que si se hubiera respetado su triunfo en las elecciones del 2006, las cuales gan\u00f3 Felip Calder\u00f3n, se hubieran evitado \u201cmuchas desgracias\u201d en el pa\u00eds, como la guerra contra el narcotr\u00e1fico.<\/p>\n<p>\u201cNosotros no \u00edbamos a declarar la guerra al narco, hubi\u00e9semos atendido las causas y no \u00edbamos a someternos a recomendaciones del extranjero\u201d, afirm\u00f3.<\/p>\n<\/div>\n<div class=\"ad-container dfp-ad-unit ad-inread ad-slot\" data-ad-type=\"inreadbox\" data-slot=\"inread-multiple\" data-ad-loaded=\"1\" data-ad-setup=\"{&quot;postID&quot;:1654573,&quot;canRefresh&quot;:false,&quot;infinitescroll&quot;:false}\" data-google-query-id=\"COfD882F5IgDFd3dGAIdwrYo4w\">\n<p class=\"sc__font-paragraph\">\u201cComo \u00edbamos a gobernar con legitimidad, no \u00edbamos a tener necesidad de actuar de manera espectacular, se hubiese llevado a cabo el plan de desarrollo en beneficio del pueblo, tambi\u00e9n hubi\u00e9semos impedido las privatizaciones\u201d, sostuvo esta ma\u00f1ana en el Sal\u00f3n Tesorer\u00eda.<\/p>\n<p>Con informaci\u00f3n de L\u00f3pez-D\u00f3riga Digital<\/p>\n<\/div>\n","protected":false},"excerpt":{"rendered":"<p>L\u00f3pez Obrador dijo que los errores que cometi\u00f3 durante su tiempo en la Presidencia fueron magnificados \u201ccon todo\u201d por sus adversarios. El presidente\u00a0Andr\u00e9s Manuel\u00a0L\u00f3pez Obrador\u00a0dio\u00a0gracias\u00a0a Dios y a la suerte por\u00a0no haber cometido\u00a0muchos\u00a0errores\u00a0durante su\u00a0sexenio, que culminar\u00e1 el \u00faltimo d\u00eda de septiembre. En la conferencia matutina de Palacio nacional, L\u00f3pez Obrador asever\u00f3 que los errores que cometi\u00f3 durante su tiempo en la Presidencia fueron magnificados \u201ccon todo\u201d por sus adversarios. Yo tengo que agradecer al Creador y a la suerte de que no comet\u00ed muchos errores\u201d, declar\u00f3. \u201cS\u00ed se cometieron errores, pero no muchos porque los errores nuestros se magnificaban, pero [&hellip;]<\/p>\n","protected":false},"author":3,"featured_media":104635,"comment_status":"open","ping_status":"open","sticky":false,"template":"","format":"standard","meta":{"_jetpack_newsletter_access":"","_jetpack_dont_email_post_to_subs":false,"_jetpack_newsletter_tier_id":0,"_jetpack_memberships_contains_paywalled_content":false,"_jetpack_feature_clip_id":0,"_jetpack_memberships_contains_paid_content":false,"footnotes":"","jetpack_publicize_message":"","jetpack_publicize_feature_enabled":true,"jetpack_social_post_already_shared":true,"jetpack_social_options":{"image_generator_settings":{"template":"highway","default_image_id":0,"font":"","enabled":false},"version":2},"jetpack_post_was_ever_published":false},"categories":[75,72],"tags":[],"class_list":["post-104632","post","type-post","status-publish","format-standard","has-post-thumbnail","hentry","category-nacional","category-portada","post--single"],"jetpack_publicize_connections":[],"jetpack_featured_media_url":"https:\/\/ovelanalista.com\/wp-content\/uploads\/2024\/09\/amlo-lopez-obrador-errores-1.webp","jetpack_sharing_enabled":true,"_links":{"self":[{"href":"https:\/\/ovelanalista.com\/index.php?rest_route=\/wp\/v2\/posts\/104632","targetHints":{"allow":["GET"]}}],"collection":[{"href":"https:\/\/ovelanalista.com\/index.php?rest_route=\/wp\/v2\/posts"}],"about":[{"href":"https:\/\/ovelanalista.com\/index.php?rest_route=\/wp\/v2\/types\/post"}],"author":[{"embeddable":true,"href":"https:\/\/ovelanalista.com\/index.php?rest_route=\/wp\/v2\/users\/3"}],"replies":[{"embeddable":true,"href":"https:\/\/ovelanalista.com\/index.php?rest_route=%2Fwp%2Fv2%2Fcomments&post=104632"}],"version-history":[{"count":1,"href":"https:\/\/ovelanalista.com\/index.php?rest_route=\/wp\/v2\/posts\/104632\/revisions"}],"predecessor-version":[{"id":104637,"href":"https:\/\/ovelanalista.com\/index.php?rest_route=\/wp\/v2\/posts\/104632\/revisions\/104637"}],"wp:featuredmedia":[{"embeddable":true,"href":"https:\/\/ovelanalista.com\/index.php?rest_route=\/wp\/v2\/media\/104635"}],"wp:attachment":[{"href":"https:\/\/ovelanalista.com\/index.php?rest_route=%2Fwp%2Fv2%2Fmedia&parent=104632"}],"wp:term":[{"taxonomy":"category","embeddable":true,"href":"https:\/\/ovelanalista.com\/index.php?rest_route=%2Fwp%2Fv2%2Fcategories&post=104632"},{"taxonomy":"post_tag","embeddable":true,"href":"https:\/\/ovelanalista.com\/index.php?rest_route=%2Fwp%2Fv2%2Ftags&post=104632"}],"curies":[{"name":"wp","href":"https:\/\/api.w.org\/{rel}","templated":true}]}}