{"id":104638,"date":"2024-09-28T10:50:32","date_gmt":"2024-09-28T16:50:32","guid":{"rendered":"https:\/\/ovelanalista.com\/?p=104638"},"modified":"2024-09-28T10:57:53","modified_gmt":"2024-09-28T16:57:53","slug":"diplomacia-de-vodevil","status":"publish","type":"post","link":"https:\/\/ovelanalista.com\/?p=104638","title":{"rendered":"Diplomacia de vodevil"},"content":{"rendered":"<h3 class=\"name-person\">Francisco Garfias<\/h3>\n<p>Mientras la canciller\u00a0<strong>Alicia B\u00e1rcena<\/strong>\u00a0promueve una \u201creuni\u00f3n de desagravio\u201d para resolver el conflicto con Espa\u00f1a,\u00a0<em>El Peje\u00a0<\/em>lo atiza y acusa a\u00a0<strong>Pedro S\u00e1nchez<\/strong>, presidente del gobierno espa\u00f1ol, de \u201cfaltar al respeto\u201d a\u00a0<strong>Claudia Sheinbaum<\/strong>.<\/p>\n<p>\u201c(<strong>S\u00e1nchez<\/strong>) est\u00e1 insinuando que fue una decisi\u00f3n que yo tom\u00e9, como si la Presidenta electa fuera manipulable. Es una falta de respeto adicional\u201d, acus\u00f3 en la ma\u00f1anera.<\/p>\n<div id=\"video-dfp-remix-flow\" data-ads=\"\/35139216\/Excelsior\/Video_InRead_1\" data-target=\"video-ads-custom\">\n<div id=\"video-ads-custom\" data-google-query-id=\"CK7luMKL5ogDFamkpgQdzRMDCg\">\n<div id=\"google_ads_iframe_\/35139216\/Excelsior\/Video_InRead_1_0__container__\"><iframe id=\"google_ads_iframe_\/35139216\/Excelsior\/Video_InRead_1_0\" tabindex=\"0\" title=\"3rd party ad content\" name=\"google_ads_iframe_\/35139216\/Excelsior\/Video_InRead_1_0\" width=\"1\" height=\"1\" frameborder=\"0\" marginwidth=\"0\" marginheight=\"0\" scrolling=\"no\" aria-label=\"Advertisement\" data-load-complete=\"true\" data-google-container-id=\"1\" data-mce-fragment=\"1\"><\/iframe><\/div>\n<\/div>\n<\/div>\n<p>&nbsp;<\/p>\n<p>El conflicto diplom\u00e1tico ya parece una comedia fr\u00edvola, basada en la intriga y la mentira. Fue provocado por la necedad de obtener disculpas por los excesos cometidos durante la Conquista \u00a1hace 500 a\u00f1os!<\/p>\n<p>* El culebr\u00f3n comenz\u00f3 con la exclusi\u00f3n del jefe de Estado espa\u00f1ol de la hist\u00f3rica ceremonia en la que, por primera vez en 200 a\u00f1os, una mujer asumir\u00e1 como Presidenta de M\u00e9xico.<\/p>\n<p>A partir de all\u00ed estall\u00f3 un conflicto diplom\u00e1tico que no tiene una raz\u00f3n real que sustente esa hipersensibilidad estilo\u00a0<strong>Noro\u00f1a<\/strong>\u00a0que trae el gobierno con los espa\u00f1oles.<\/p>\n<p>La pr\u00f3xima Presidenta justifica el desaire por el hecho de que\u00a0<strong>Felipe VI<\/strong>\u00a0no respondi\u00f3 a la carta que le envi\u00f3\u00a0<strong>AMLO<\/strong>\u00a0para exigirle disculpas por lo que hicieron\u00a0<strong>Hern\u00e1n Cort\u00e9s<\/strong>\u00a0y sus hombres.<\/p>\n<p>Me formo en la fila de los que creen, como\u00a0<strong>Pedro S\u00e1nchez<\/strong>, que la exclusi\u00f3n del rey se la sugiri\u00f3\u00a0<strong>L\u00f3pez Obrador<\/strong>\u00a0a quien ser\u00e1 su sucesora dentro de tres d\u00edas.<\/p>\n<div id=\"bd16c46dd34b4ab483bc578a3cf558c1\"><\/div>\n<p>&nbsp;<\/p>\n<p>Ante esa versi\u00f3n,\u00a0<em>El Peje<\/em>\u00a0admiti\u00f3 que\u00a0<strong>Claudia<\/strong>\u00a0le consult\u00f3 la decisi\u00f3n de excluir al monarca. \u201cLe dije que no lo ve\u00eda necesario, pero ella, contrario a lo que se piensa, por eso se equivocan nuestros adversarios, es una mujer con convicciones\u201d, dijo.<\/p>\n<p>\u00bfT\u00fa le crees? Yo tampoco.<\/p>\n<p>* Es un error m\u00e1s grande que la Torre Mayor arrancar la Presidencia de\u00a0<strong>Sheinbaum<\/strong>\u00a0en medio de un pleito con un pa\u00eds que ha mostrado confianza en M\u00e9xico.<\/p>\n<p>Espa\u00f1a ocupa el segundo lugar en inversiones (3 mil 773 millones de d\u00f3lares en 2023), s\u00f3lo detr\u00e1s de Estados Unidos.<\/p>\n<p>Nos hered\u00f3 el castellano y su cultura, la religi\u00f3n y el establecimiento de la primera imprenta en 1537, entre otras muchas cosas. Millones de mexicanos tienen origen hispano.<\/p>\n<p>* Les platic\u00e1bamos ayer sobre la charla que tuvimos con\u00a0<strong>I\u00f1aki Blanco<\/strong>, titular de la Fiscal\u00eda de Guerrero cuando desaparecieron los 43 de Ayotzinapa.<\/p>\n<p>Por falta de espacio s\u00f3lo publicamos lo relativo a la participaci\u00f3n del Ej\u00e9rcito en esos hechos. Hoy hablaremos del funesto papel que, seg\u00fan\u00a0<strong>Blanco<\/strong>, jug\u00f3\u00a0<strong>Omar G\u00f3mez Trejo<\/strong>, extitular de la Unidad Especial para la Investigaci\u00f3n del caso.<\/p>\n<p>El exfiscal le atribuye ser el pivote de la versi\u00f3n de que hubo tortura \u201csistem\u00e1tica o generalizada\u201d en las investigaciones, que despu\u00e9s explotaron los integrantes de los Grupos de Expertos de la Comisi\u00f3n Interamericana de Derechos Humanos.<\/p>\n<p><strong>I\u00f1aki<\/strong>\u00a0lo narra as\u00ed: \u201cEse grupo de expertos quiso materializar esa hip\u00f3tesis a trav\u00e9s de quien fuera parte de ese grupo, en car\u00e1cter de secretario t\u00e9cnico,\u00a0<strong>Omar G\u00f3mez Trejo<\/strong>, quien ya hace algunos meses huy\u00f3 a Estados Unidos\u2026 Este sujeto, estando en condiciones de hacerlo, no aport\u00f3 pruebas en car\u00e1cter superveniente para reforzar las consignaciones de la anterior administraci\u00f3n de la PGR.<\/p>\n<p>\u201cTampoco consigna a los Guerreros Unidos por otros delitos. Exist\u00eda la posibilidad de que algunos fueran liberados, casi 70, por supuestos actos de tortura. \u00c9l, como ministerio p\u00fablico, estaba en posibilidad de investigar y consignar por otros delitos. Los pudo haber consignado por secuestro, extorsi\u00f3n, robo, homicidio\u2026<\/p>\n<p>\u201cEn la indagatoria existen suficientes datos como para que lo hubiera hecho. No lo hizo. El resultado fue que el juez diera por hechos lo actos de tortura y liberara a 70 integrantes de Guerreros Unidos. De esos 70, a unos 20.\u00a0<strong>G\u00f3mez Trejo<\/strong>\u00a0los hizo testigos colaboradores. De all\u00ed surge este sujeto\u00a0<strong>Juan<\/strong>, al que tambi\u00e9n se refiri\u00f3 el Presidente, que no es otro que\u00a0<strong>Gildardo L\u00f3pez Astudillo<\/strong>,\u00a0<em>El Gil<\/em>, autor material e intelectual de la desaparici\u00f3n de los normalistas\u201d.<\/p>\n<p>*\u00a0<strong>AMLO<\/strong>\u00a0respondi\u00f3 en la ma\u00f1anera a una pregunta que el senador de PAN,\u00a0<strong>Marko Cort\u00e9s<\/strong>, le hizo, en sesi\u00f3n del pleno, al l\u00edder de la bancada guinda,\u00a0<strong>Ad\u00e1n Augusto L\u00f3pez Hern\u00e1ndez<\/strong>.<\/p>\n<p>Pregunt\u00f3 el panista: \u00bfEstar\u00edan dispuestos a tipificar el delito de los criminales cuando amedrentan, amenazan, incendian en nuestro pa\u00eds, como terrorismo para que exista colaboraci\u00f3n internacional y se pueda detener a los criminales, como recientemente a\u00a0<strong>El Mayo Zambada<\/strong>?<\/p>\n<p><strong>AMLO<\/strong>\u00a0respondi\u00f3: \u201cLo que est\u00e1 planteando (<strong>Marko<\/strong>) es que los actos criminales que se cometen en el pa\u00eds se consideren como terrorismo y puedan intervenir, s\u00ed, organizaciones del extranjero y otros pa\u00edses\u2026 Esto es una violaci\u00f3n flagrante a nuestra soberan\u00eda. Nunca se debe de permitir\u201d.<\/p>\n<p>Sugiero a\u00a0<strong>Sheinbaum<\/strong>\u00a0una consulta sobre qu\u00e9 prefieren los mexicanos: que el narco y su violencia asesina sigan creciendo o si admiten que se les clasifique como \u201cterroristas\u201d para que expertos extranjeros pisen territorio nacional, bajo supervisi\u00f3n de autoridades mexicanas, para detener ese c\u00e1ncer que ya hizo met\u00e1stasis en varios estados.<\/p>\n<p>&nbsp;<\/p>\n","protected":false},"excerpt":{"rendered":"<p>Francisco Garfias Mientras la canciller\u00a0Alicia B\u00e1rcena\u00a0promueve una \u201creuni\u00f3n de desagravio\u201d para resolver el conflicto con Espa\u00f1a,\u00a0El Peje\u00a0lo atiza y acusa a\u00a0Pedro S\u00e1nchez, presidente del gobierno espa\u00f1ol, de \u201cfaltar al respeto\u201d a\u00a0Claudia Sheinbaum. \u201c(S\u00e1nchez) est\u00e1 insinuando que fue una decisi\u00f3n que yo tom\u00e9, como si la Presidenta electa fuera manipulable. Es una falta de respeto adicional\u201d, acus\u00f3 en la ma\u00f1anera. &nbsp; El conflicto diplom\u00e1tico ya parece una comedia fr\u00edvola, basada en la intriga y la mentira. Fue provocado por la necedad de obtener disculpas por los excesos cometidos durante la Conquista \u00a1hace 500 a\u00f1os! * El culebr\u00f3n comenz\u00f3 con la exclusi\u00f3n [&hellip;]<\/p>\n","protected":false},"author":3,"featured_media":104284,"comment_status":"open","ping_status":"open","sticky":false,"template":"","format":"standard","meta":{"_jetpack_newsletter_access":"","_jetpack_dont_email_post_to_subs":false,"_jetpack_newsletter_tier_id":0,"_jetpack_memberships_contains_paywalled_content":false,"_jetpack_feature_clip_id":0,"_jetpack_memberships_contains_paid_content":false,"footnotes":"","jetpack_publicize_message":"","jetpack_publicize_feature_enabled":true,"jetpack_social_post_already_shared":true,"jetpack_social_options":{"image_generator_settings":{"template":"highway","default_image_id":0,"font":"","enabled":false},"version":2},"jetpack_post_was_ever_published":false},"categories":[79],"tags":[],"class_list":["post-104638","post","type-post","status-publish","format-standard","has-post-thumbnail","hentry","category-columnistas-nacionales","post--single"],"jetpack_publicize_connections":[],"jetpack_featured_media_url":"https:\/\/ovelanalista.com\/wp-content\/uploads\/2024\/09\/Garfias-5-2.jpg","jetpack_sharing_enabled":true,"_links":{"self":[{"href":"https:\/\/ovelanalista.com\/index.php?rest_route=\/wp\/v2\/posts\/104638","targetHints":{"allow":["GET"]}}],"collection":[{"href":"https:\/\/ovelanalista.com\/index.php?rest_route=\/wp\/v2\/posts"}],"about":[{"href":"https:\/\/ovelanalista.com\/index.php?rest_route=\/wp\/v2\/types\/post"}],"author":[{"embeddable":true,"href":"https:\/\/ovelanalista.com\/index.php?rest_route=\/wp\/v2\/users\/3"}],"replies":[{"embeddable":true,"href":"https:\/\/ovelanalista.com\/index.php?rest_route=%2Fwp%2Fv2%2Fcomments&post=104638"}],"version-history":[{"count":2,"href":"https:\/\/ovelanalista.com\/index.php?rest_route=\/wp\/v2\/posts\/104638\/revisions"}],"predecessor-version":[{"id":104644,"href":"https:\/\/ovelanalista.com\/index.php?rest_route=\/wp\/v2\/posts\/104638\/revisions\/104644"}],"wp:featuredmedia":[{"embeddable":true,"href":"https:\/\/ovelanalista.com\/index.php?rest_route=\/wp\/v2\/media\/104284"}],"wp:attachment":[{"href":"https:\/\/ovelanalista.com\/index.php?rest_route=%2Fwp%2Fv2%2Fmedia&parent=104638"}],"wp:term":[{"taxonomy":"category","embeddable":true,"href":"https:\/\/ovelanalista.com\/index.php?rest_route=%2Fwp%2Fv2%2Fcategories&post=104638"},{"taxonomy":"post_tag","embeddable":true,"href":"https:\/\/ovelanalista.com\/index.php?rest_route=%2Fwp%2Fv2%2Ftags&post=104638"}],"curies":[{"name":"wp","href":"https:\/\/api.w.org\/{rel}","templated":true}]}}