{"id":104642,"date":"2024-09-28T11:03:05","date_gmt":"2024-09-28T17:03:05","guid":{"rendered":"https:\/\/ovelanalista.com\/?p=104642"},"modified":"2024-09-28T11:03:05","modified_gmt":"2024-09-28T17:03:05","slug":"lopez-obrador-se-despidio-ayer-de-sinaloa-mintiendo-al-asegurar-que-ya-se-esta-poniendo-orden","status":"publish","type":"post","link":"https:\/\/ovelanalista.com\/?p=104642","title":{"rendered":"L\u00f3pez Obrador se despidi\u00f3 ayer de Sinaloa mintiendo, al asegurar que \u201cya se est\u00e1 poniendo orden\u201d"},"content":{"rendered":"<p class=\"entry-title\"><strong>En el Blanco por Fernando Zepeda<\/strong><\/p>\n<p class=\"p1\">*L\u00f3pez Obrador se despidi\u00f3 ayer de Sinaloa mintiendo, al asegurar que \u201cya se est\u00e1 poniendo orden\u201d<\/p>\n<p class=\"p1\"><span class=\"s1\">*Con dos mensajes recibieron ayer a L\u00f3pez Obrador y a Sheinbaum. Uno con el lanzamiento de volantes que cayeron del cielo y el hallazgo en Culiac\u00e1n de 8 cuerpos apilados en el interior de una camioneta con una leyenda: \u201cbienvenidos a Culiac\u00e1n\u201d<\/span><\/p>\n<div class=\"google-auto-placed ap_container\">\n<p class=\"p1\"><em><strong><span class=\"s1\">*En el volante que cay\u00f3 del cielo se menciona al Gobernador y al exsecretario general de gobierno. Rocha Moya responde que son infundios<\/span><\/strong><\/em><\/p>\n<p class=\"p1\"><em><strong><span class=\"s1\">*El gobierno que se autoproclama del pueblo, cerca la C\u00e1mara de Diputados para mantener lejos al pueblo en la ceremonia de toma de protesta de la nueva Presidenta<\/span><\/strong><\/em><\/p>\n<p class=\"p1\"><em><strong><span class=\"s1\">*En\u00a0<a class=\"google-anno\" href=\"https:\/\/sinaloaenlinea.com\/en-el-blanco-por-fernando-zepeda-9\/#\">\u00a0<span class=\"google-anno-t\">Mazatl\u00e1n<\/span><\/a>\u00a0hay temor. La gente comenz\u00f3 a evitar salir por las noches.<\/span><\/strong><\/em><\/p>\n<p class=\"p1\"><span class=\"s1\"><em><strong>Se despide mintiendo.<\/strong><\/em>\u00a0El Presidente L\u00f3pez Obrador asegur\u00f3 ayer desde El Rosario, que \u201cya se est\u00e1 poniendo orden en Sinaloa\u201d. Y horas despu\u00e9s en Culiac\u00e1n se report\u00f3 el hallazgo de 8 cuerpos de hombres asesinados, en el interior de una camioneta abandonada a la salida al sur de la capital sinaloense. \u00bfCu\u00e1l orden?.<\/span><\/p>\n<p><iframe id=\"instagram-embed-0\" class=\"instagram-media instagram-media-rendered\" src=\"https:\/\/www.instagram.com\/reel\/DAc2O_0uabe\/embed\/?cr=1&amp;v=14&amp;wp=1080&amp;rd=https%3A%2F%2Fsinaloaenlinea.com&amp;rp=%2Fen-el-blanco-por-fernando-zepeda-9%2F#%7B%22ci%22%3A0%2C%22os%22%3A920.9000000022352%2C%22ls%22%3A412.20000000298023%2C%22le%22%3A914.3000000007451%7D\" height=\"597\" frameborder=\"0\" scrolling=\"no\" allowfullscreen=\"allowfullscreen\" data-instgrm-payload-id=\"instagram-media-payload-0\" data-mce-fragment=\"1\"><\/iframe><\/p>\n<p>&nbsp;<\/p>\n<p class=\"p1\"><span class=\"s1\">En lo que fue su \u00faltima gira como presidente a Sinaloa, L\u00f3pez Obrador a cuatro d\u00edas de entregar su cargo, vino a inaugurar los distritos de riesgo de la Presa Santa Mar\u00eda. Y lo hizo acompa\u00f1ado por la Presidenta electa Claudia Sheinbaum. L\u00f3pez Obrador volvi\u00f3 a reiterar el prop\u00f3sito de la presencia militar en Sinaloa de \u201cevitar las confrontaciones\u201d. Apunt\u00f3 \u201cevitar los enfrentamientos porque no queremos que nadie pierda la vida\u201d.<\/span><\/p>\n<p class=\"p1\"><span class=\"s1\">El Presidente nunca entendi\u00f3 que el reclamo de los mexicanos era y es simplemente \u201caplicar la Ley\u201d. El volver a Sinaloa y reiterar que las fuerzas armadas en Sinaloa han venido para \u201cproteger a los sinaloenses\u201d y \u201cque puedan ir los ni\u00f1os y ni\u00f1as a la escuela y andar con libertad por las calles\u201d. \u00a1Por favor!. Que alguien le diga c\u00f3mo se vive la realidad en estos momentos en Sinaloa. Todos en su sano juicio rechazamos la guerra. Pero todos estamos de acuerdo de que existe una Ley y que se debe de hacer respetar. As\u00ed como el Presidente ha desatado en todo su sexenio una intensa campa\u00f1a en contra de los medios de comunicaci\u00f3n, de algunos periodistas, de empresarios, que han sufrido persecuci\u00f3n de parte del Gobierno Federal, as\u00ed ojal\u00e1 hubiera actuado contra el crimen organizado. Contra los carteles que hoy tienen sumidos en la violencia a muchos estados del pa\u00eds, incluido claro est\u00e1 Sinaloa.<\/span><\/p>\n<p><iframe id=\"instagram-embed-1\" class=\"instagram-media instagram-media-rendered\" src=\"https:\/\/www.instagram.com\/p\/DAcFkWTS_9m\/embed\/?cr=1&amp;v=14&amp;wp=1080&amp;rd=https%3A%2F%2Fsinaloaenlinea.com&amp;rp=%2Fen-el-blanco-por-fernando-zepeda-9%2F#%7B%22ci%22%3A1%2C%22os%22%3A924%2C%22ls%22%3A412.20000000298023%2C%22le%22%3A914.3000000007451%7D\" height=\"900\" frameborder=\"0\" scrolling=\"no\" allowfullscreen=\"allowfullscreen\" data-instgrm-payload-id=\"instagram-media-payload-1\" data-mce-fragment=\"1\"><\/iframe><\/p>\n<p>&nbsp;<\/p>\n<p class=\"p1\"><span class=\"s1\">El Gobernador Rub\u00e9n Rocha Moya en el evento de ayer pidi\u00f3 a la Presidenta electa Claudia Sheinbaum que contin\u00fae apoyando a Sinaloa para el restablecimiento de la paz. No han entendido que por m\u00e1s militares que concentran aqu\u00ed, han sido incapaces de frenar la ola de violencia que se vive. Que le avisen al Presidente que en Culiac\u00e1n y otros municipios azotados por la violencia, las ni\u00f1as y ni\u00f1os no acuden a clases presenciales por el temor de sus padres de quedar en medio de las balaceras. La realidad nunca la vio L\u00f3pez Obrador, ni en los \u00faltimos momentos de dejar el cargo. Habr\u00e1 que esperar si la Presidenta electa tiene esa visi\u00f3n real y otra forma de buscar resolver el grave flagelo de la violencia con todas sus secuelas que han lastimado y siguen presentes en estos momentos.<\/span><\/p>\n<p class=\"p1\"><span class=\"s1\">Los mensajes\u2026\u00bfPara qui\u00e9n?. Dos fueron los hechos que marcaron ayer la visita del Presidente L\u00f3pez Obrador y la Presidenta electa Claudia Sheinbaum a Sinaloa. El primero lleg\u00f3 desde el cielo. Miles de volantes cayeron del cielo volantes. Unos dicen que fueron lanzados desde avionetas. Otros desde drones. Lo cierto es que cubrieron pr\u00e1cticamente todo Sinaloa y m\u00e1s all\u00e1.<\/span><\/p>\n<p class=\"p1\"><span class=\"s1\">En el volante se muestra fotograf\u00edas con nombres de personas acusadas en ese escrito de formar parte de las redes de los conocidos como \u201cLos chapitos\u201d. Lo mismo mencionan a supuestos gatilleros que a supuestos inversionistas inmobiliarios. Los acusan de cobro de cuotas, de invadir el estado con maquinitas tragamonedas, de controlar expendios de cerveza, distribuci\u00f3n de cigarros. Tambi\u00e9n de secuestro, asesinato y de estar levantando a personas inocentes. Presentan n\u00fameros telef\u00f3nicos en donde piden a la ciudadan\u00eda denunciar la presencia de esas personas. Y lo tambi\u00e9n igualmente grave es que el mismo volante incluyeron al Gobernador y al exsecretario general de gobierno.<\/span><\/p>\n<p><iframe id=\"instagram-embed-2\" class=\"instagram-media instagram-media-rendered\" src=\"https:\/\/www.instagram.com\/p\/DAcqXezMqZO\/embed\/?cr=1&amp;v=14&amp;wp=1080&amp;rd=https%3A%2F%2Fsinaloaenlinea.com&amp;rp=%2Fen-el-blanco-por-fernando-zepeda-9%2F#%7B%22ci%22%3A2%2C%22os%22%3A926.1000000014901%2C%22ls%22%3A412.20000000298023%2C%22le%22%3A914.3000000007451%7D\" height=\"900\" frameborder=\"0\" scrolling=\"no\" allowfullscreen=\"allowfullscreen\" data-instgrm-payload-id=\"instagram-media-payload-2\" data-mce-fragment=\"1\"><\/iframe><\/p>\n<p>&nbsp;<\/p>\n<p class=\"p1\"><span class=\"s1\">El otro mensaje fue desde Culiac\u00e1n en donde por la tarde-noche de ayer viernes se report\u00f3 el hallazgo de una camioneta en cuyo interior se encontraron ocho cuerpos de personas asesinadas. En un costado de la camioneta se escribi\u00f3 un mensaje: \u201cBienvenidos a Culiac\u00e1n\u201d. \u00bfPara qui\u00e9n ser\u00eda el mensaje?. Para L\u00f3pez Obrador y Sheinbaum que precisamente ayer visitaron Sinaloa. O para el otro grupo que pelea por el control del Cartel de Sinaloa.<\/span><\/p>\n<div class=\"autors-widget\">\n<div>\n<p class=\"p1\"><span class=\"s1\">Son infundios dice el Gobernador. En clara alusi\u00f3n a los mensajes que cayeron ayer desde el cielo. El Gobernador Rub\u00e9n Rocha Moya volvi\u00f3 a aprovechar la visita del Presidente y de la Presidenta electa para asegurar que \u201cson infundios\u201d los que se dicen. Y adelant\u00f3 que la situaci\u00f3n va caminando para restablecer el orden Sinaloa.<\/span><\/p>\n<p class=\"p1\"><span class=\"s1\">El discurso vertical en el manejo del tema de la violencia que azota a Sinaloa, no concuerda con la realidad que se vive. Con lo que en estos momentos pasa con cientos de familias sinaloenses. Con el cierre algunos temporales y otros definitivos de comercios en Culiac\u00e1n. Con la resistencia de los padres de familia en enviar a clases presenciales a sus hijos. Porque precisamente los hechos violentos no acaban.<\/span><\/p>\n<p class=\"p1\"><span class=\"s1\"><em><strong>Cercan C\u00e1mara de Diputados.<\/strong><\/em>\u00a0Entre los preparativos para la toma de protesta de Claudia Sheinbaum como Presidenta de M\u00e9xico este 1 de octubre, est\u00e1 la instalaci\u00f3n de vallas met\u00e1licas alrededor de la C\u00e1mara de Diputados. No quieren en Morena y sus aliados tener dolores de cabeza en esa ceremonia.<\/span><\/p>\n<p class=\"p1\"><span class=\"s1\">Atr\u00e1s quedaron aquellas proclamas de la izquierda de que el pueblo tiene derecho a tener acceso. Hoy son los que han ordenado aislar al pueblo de la ceremonia curiosamente de la proclamada \u201cpresidenta del pueblo\u201d. Pero tambi\u00e9n paralelamente a esta orden, lleg\u00f3 la otra de cerrar el recinto legislativo de San L\u00e1zaro a los mism\u00edsimos empleados. A todos ellos se les dio el d\u00eda de asueto. Pero el fondo de la orden fue para evitar que gente extra\u00f1a se introdujera al recinto y les eche a perder la fiesta. \u00bfCu\u00e1ntos ser\u00e1n los invitados especiales\u201d?<\/span><\/p>\n<p class=\"p1\"><span class=\"s1\"><em><strong>Los representantes y Presidentes de otros pa\u00edses.<\/strong><\/em>\u00a0Habr\u00e1 que verlo, pero se menciona que apenas el 30 por ciento de los invitados o pa\u00edses del Mundo asistir\u00e1n. Uno de los excluidos es Espa\u00f1a, por un pleito de lavadero sin sustento real. Porque Espa\u00f1a no respondi\u00f3 a la carta que envi\u00f3 L\u00f3pez Obrador para que pidieran una disculpa al pueblo de M\u00e9xico por los abusos cometidos en la conquista. \u00a1Por favor!.<\/span><\/p>\n<h3><img loading=\"lazy\" decoding=\"async\" class=\"alignright size-full wp-image-187545\" src=\"https:\/\/sinaloaenlinea.com\/wp-content\/uploads\/2024\/09\/cnne-1757817-sheinbaum-rey.jpg\" sizes=\"auto, (max-width: 800px) 100vw, 800px\" srcset=\"https:\/\/sinaloaenlinea.com\/wp-content\/uploads\/2024\/09\/cnne-1757817-sheinbaum-rey.jpg 800w, https:\/\/sinaloaenlinea.com\/wp-content\/uploads\/2024\/09\/cnne-1757817-sheinbaum-rey-300x169.jpg 300w, https:\/\/sinaloaenlinea.com\/wp-content\/uploads\/2024\/09\/cnne-1757817-sheinbaum-rey-768x432.jpg 768w, https:\/\/sinaloaenlinea.com\/wp-content\/uploads\/2024\/09\/cnne-1757817-sheinbaum-rey-747x420.jpg 747w, https:\/\/sinaloaenlinea.com\/wp-content\/uploads\/2024\/09\/cnne-1757817-sheinbaum-rey-150x84.jpg 150w, https:\/\/sinaloaenlinea.com\/wp-content\/uploads\/2024\/09\/cnne-1757817-sheinbaum-rey-696x392.jpg 696w\" alt=\"\" width=\"800\" height=\"450\" \/><\/h3>\n<p class=\"p1\"><span class=\"s1\">Lo peor es que esta demanda la secund\u00f3 Sheinbaum, que con eso se bajo al nivel del pleito de lavadero, cuando ella est\u00e1 llamada para elevar la visi\u00f3n de un pa\u00eds como el nuestro y rescatar el respeto que en los \u00faltimos a\u00f1os ha perdido M\u00e9xico.<\/span><\/p>\n<\/div>\n<div class=\"google-auto-placed ap_container\">\n<p class=\"p1\"><span class=\"s1\"><em><strong>Hay temor.<\/strong>\u00a0<\/em>Ciertos o falsos los llamados a una especie de \u201ctoque de queda\u201d est\u00e1n surtiendo efecto en\u00a0<a class=\"google-anno\" href=\"https:\/\/sinaloaenlinea.com\/en-el-blanco-por-fernando-zepeda-9\/#\">\u00a0<span class=\"google-anno-t\">Mazatl\u00e1n<\/span><\/a>. Pero lo contundente son los \u201clevantones\u201d que por redes sociales se cuentan en gran n\u00famero.<\/span><\/p>\n<p><iframe id=\"instagram-embed-3\" class=\"instagram-media instagram-media-rendered\" src=\"https:\/\/www.instagram.com\/reel\/DAciYlWs2IE\/embed\/?cr=1&amp;v=14&amp;wp=1080&amp;rd=https%3A%2F%2Fsinaloaenlinea.com&amp;rp=%2Fen-el-blanco-por-fernando-zepeda-9%2F#%7B%22ci%22%3A3%2C%22os%22%3A2877.2000000029802%2C%22ls%22%3A412.20000000298023%2C%22le%22%3A914.3000000007451%7D\" height=\"1073\" frameborder=\"0\" scrolling=\"no\" allowfullscreen=\"allowfullscreen\" data-instgrm-payload-id=\"instagram-media-payload-3\"><\/iframe>&nbsp;<\/p>\n<p class=\"p1\"><span class=\"s1\">Apenas cae la noche la vida de Mazatl\u00e1n registra un poco afluencia en las avenidas del puerto. Las taquer\u00edas se muestran pr\u00e1cticamente desiertas. Hay negocios que han decidido a cerrar m\u00e1s temprano que lo normal.<\/span><\/p>\n<p class=\"p1\"><span class=\"s1\"><em><strong>Ajustaron horarios.<\/strong><\/em>\u00a0El temor cabalga por las avenidas, calles, colonias y fraccionamientos de Mazatl\u00e1n. En la zona rural ni se diga. Los reportes son de que las familias se recogen en sus casas desde temprana hora. Nadie se quiere exponer. El Gobierno tendr\u00e1 que hacer algo m\u00e1s de lo que ha hecho y est\u00e1 realizando. Reponer la tranquilidad no es poca cosa. Pero se puede, para evitar en lo posible un mayor da\u00f1o a la econom\u00eda del puerto.<\/span><\/p>\n<\/div>\n<\/div>\n<\/div>\n","protected":false},"excerpt":{"rendered":"<p>En el Blanco por Fernando Zepeda *L\u00f3pez Obrador se despidi\u00f3 ayer de Sinaloa mintiendo, al asegurar que \u201cya se est\u00e1 poniendo orden\u201d *Con dos mensajes recibieron ayer a L\u00f3pez Obrador y a Sheinbaum. Uno con el lanzamiento de volantes que cayeron del cielo y el hallazgo en Culiac\u00e1n de 8 cuerpos apilados en el interior de una camioneta con una leyenda: \u201cbienvenidos a Culiac\u00e1n\u201d *En el volante que cay\u00f3 del cielo se menciona al Gobernador y al exsecretario general de gobierno. Rocha Moya responde que son infundios *El gobierno que se autoproclama del pueblo, cerca la C\u00e1mara de Diputados para [&hellip;]<\/p>\n","protected":false},"author":3,"featured_media":92500,"comment_status":"open","ping_status":"open","sticky":false,"template":"","format":"standard","meta":{"_jetpack_newsletter_access":"","_jetpack_dont_email_post_to_subs":false,"_jetpack_newsletter_tier_id":0,"_jetpack_memberships_contains_paywalled_content":false,"_jetpack_feature_clip_id":0,"_jetpack_memberships_contains_paid_content":false,"footnotes":"","jetpack_publicize_message":"","jetpack_publicize_feature_enabled":true,"jetpack_social_post_already_shared":true,"jetpack_social_options":{"image_generator_settings":{"template":"highway","default_image_id":0,"font":"","enabled":false},"version":2},"jetpack_post_was_ever_published":false},"categories":[79],"tags":[],"class_list":["post-104642","post","type-post","status-publish","format-standard","has-post-thumbnail","hentry","category-columnistas-nacionales","post--single"],"jetpack_publicize_connections":[],"jetpack_featured_media_url":"https:\/\/ovelanalista.com\/wp-content\/uploads\/2024\/03\/Fernando-Zepeda-Hurtado-300x150-1.png","jetpack_sharing_enabled":true,"_links":{"self":[{"href":"https:\/\/ovelanalista.com\/index.php?rest_route=\/wp\/v2\/posts\/104642","targetHints":{"allow":["GET"]}}],"collection":[{"href":"https:\/\/ovelanalista.com\/index.php?rest_route=\/wp\/v2\/posts"}],"about":[{"href":"https:\/\/ovelanalista.com\/index.php?rest_route=\/wp\/v2\/types\/post"}],"author":[{"embeddable":true,"href":"https:\/\/ovelanalista.com\/index.php?rest_route=\/wp\/v2\/users\/3"}],"replies":[{"embeddable":true,"href":"https:\/\/ovelanalista.com\/index.php?rest_route=%2Fwp%2Fv2%2Fcomments&post=104642"}],"version-history":[{"count":1,"href":"https:\/\/ovelanalista.com\/index.php?rest_route=\/wp\/v2\/posts\/104642\/revisions"}],"predecessor-version":[{"id":104645,"href":"https:\/\/ovelanalista.com\/index.php?rest_route=\/wp\/v2\/posts\/104642\/revisions\/104645"}],"wp:featuredmedia":[{"embeddable":true,"href":"https:\/\/ovelanalista.com\/index.php?rest_route=\/wp\/v2\/media\/92500"}],"wp:attachment":[{"href":"https:\/\/ovelanalista.com\/index.php?rest_route=%2Fwp%2Fv2%2Fmedia&parent=104642"}],"wp:term":[{"taxonomy":"category","embeddable":true,"href":"https:\/\/ovelanalista.com\/index.php?rest_route=%2Fwp%2Fv2%2Fcategories&post=104642"},{"taxonomy":"post_tag","embeddable":true,"href":"https:\/\/ovelanalista.com\/index.php?rest_route=%2Fwp%2Fv2%2Ftags&post=104642"}],"curies":[{"name":"wp","href":"https:\/\/api.w.org\/{rel}","templated":true}]}}