{"id":104646,"date":"2024-09-28T11:08:32","date_gmt":"2024-09-28T17:08:32","guid":{"rendered":"https:\/\/ovelanalista.com\/?p=104646"},"modified":"2024-09-28T11:08:32","modified_gmt":"2024-09-28T17:08:32","slug":"la-semana-termina-en-domingo-y-con-las-ultimas-horas-en-palacio","status":"publish","type":"post","link":"https:\/\/ovelanalista.com\/?p=104646","title":{"rendered":"La semana termina en domingo y con las \u00faltimas horas en Palacio"},"content":{"rendered":"<p><strong>CAF\u00c9 DE MA\u00d1ANA<\/strong><\/p>\n<p><strong>Por Jos\u00e9 Luis Enr\u00edquez Ambell<\/strong><\/p>\n<p>&nbsp;<\/p>\n<p>La mudanza suele anunciar un cambio de domicilio y, a veces, de localidad, ciudad o pa\u00eds en esta \u00e9poca globalizadora.<\/p>\n<p>En unas horas, el presidente L\u00f3pez Obrador dejar\u00e1 su alojamiento como jefe del Poder Ejecutivo en Palacio Nacional, en la CDMX, y justo con el mes patrio: septiembre.<\/p>\n<p>Los d\u00edas amanecer\u00e1n diferentes sin saber, ver y o\u00edr a don Andr\u00e9s Manuel entre las siete y nueve de la ma\u00f1ana casi a diario, y sobre todo desde ese recinto presidencial que significa y es el Palacio Nacional para toda la comunidad mexicana y extranjera.<\/p>\n<p>En este sexenio por terminar, el presidente ha vivido en Palacio Nacional durante todo su mandato, y este cambio en t\u00e9rminos de administraci\u00f3n y jefe del Poder Ejecutivo tambi\u00e9n marca la transici\u00f3n hacia su vida privada, misma que, a diferencia de la vida p\u00fablica, solo \u00e9l y su familia sabr\u00e1n y habr\u00e1n de definir. Se quede en la CDMX, vaya a su natal Tabasco o Chiapas, como ha dicho, o viaje al extranjero, lo que \u00e9l decida al final de cuentas.<\/p>\n<p>Supongo que habr\u00e1 quienes vayan a la \u00faltima ma\u00f1anera o acto p\u00fablico visible \u2014cerrado o abierto\u2014 en busca de despedirlo y despedirse. Quiz\u00e1 haya quien busque ver al presidente L\u00f3pez Obrador salir por \u00faltima vez desde Palacio Nacional, o estar afuera de su departamento en el sur de la CDMX \u2014donde se sab\u00eda vivi\u00f3 antes\u2014 o, tal vez, haya hasta quien trate de esperar su arribo en Palenque, Chiapas. Pero, finalmente, don Andr\u00e9s Manuel marc\u00f3 toda una \u00e9poca con su estilo y conducta, y creo que pasar\u00e1 un gran tiempo antes de que deje de estar en el radar entre la poblaci\u00f3n en su conjunto.<\/p>\n<p>Incluso, pienso que el ofrecimiento del se\u00f1or presidente en torno a que develar\u00e1 su retrato y realizar\u00e1 la rifa de un reloj personal entre los comunicadores que cubrieron las ma\u00f1aneras el \u00faltimo d\u00eda de su ma\u00f1anera, igualmente ser\u00e1n hechos para la historia de M\u00e9xico.<\/p>\n<p>Ya tan solo el anuncio de la entrega oficial del gobierno a las 12 de la noche, y con la imposici\u00f3n de la banda presidencial a do\u00f1a Claudia Sheinbaum, se estar\u00e1 firmando el final del sexenio 2018-2024, pasando a ser el presidente L\u00f3pez Obrador, pero no en funciones de jefe del Estado mexicano.<\/p>\n<p><strong>DE SOBREMESA<\/strong><\/p>\n<p>\u201cMy Way\u201d (\u201cA mi manera\u201d) es una canci\u00f3n muy popular adaptada al ingl\u00e9s por Paul Anka en 1969. La original es una canci\u00f3n francesa de 1967, \u201cComme d\u2019habitude\u201d, escrita por Claude Fran\u00e7ois y Jacques Revaux. La letra en ingl\u00e9s fue reescrita, y se dice que casi totalmente, por Paul Anka de la original en franc\u00e9s. Muchos cantantes la han interpretado y hecho m\u00e1s famosa, incluso mexicanos como Vicente Fern\u00e1ndez.<\/p>\n<p><strong>UN CAF\u00c9 LECHERO LIGHT<\/strong><\/p>\n<p>Presiento que el presidente Andr\u00e9s Manuel L\u00f3pez Obrador har\u00e1 ocasionales viajes de turista por algunos sitios de M\u00e9xico, y no descarto que pronto nos visite en Veracruz, con un relajamiento propio que casi todos los exmandatarios han hecho, ante la vista expectante y los ojos de la poblaci\u00f3n que reconocen estar cerca de una figura como lo es un presidente.<\/p>\n<p><strong>UN CAF\u00c9 CON PILONCILLO<\/strong><\/p>\n<p>Y, por cierto, en el Puerto de Alvarado habr\u00e1 de estar en unas horas la Sra. Gobernadora Electa Roc\u00edo Nahle, en gira de trabajo, y se espera que haya anuncios de inter\u00e9s para la comunidad en su conjunto, sobre todo en materia del desarrollo de toda esa rica regi\u00f3n del Sotavento veracruzano.<\/p>\n<p><strong>UN CAF\u00c9 HELADO<\/strong><\/p>\n<p>Palabra presidencial cumplida, cerrando en definitiva el basurero \u201cLas Matas\u201d en el sur (Coatzacoalcos-Minatitl\u00e1n-Cosoleacaque), y as\u00ed abatir da\u00f1os a la poblaci\u00f3n, y llevarlo a la construcci\u00f3n de rellenos sanitarios como una ruta de soluci\u00f3n ambiental. Ha sido una misi\u00f3n que involucr\u00f3 a los tres niveles de gobierno y a los particulares. Quiz\u00e1 ahora, a trav\u00e9s del impuesto a la n\u00f3mina \u2014que naci\u00f3 para la obra p\u00fablica\u2014, puede ser opci\u00f3n en materia de los trabajos de infraestructura en la educaci\u00f3n ambiental, la gesti\u00f3n de residuos s\u00f3lidos urbanos, el consumo responsable, la generaci\u00f3n de basura y separaci\u00f3n de desechos, as\u00ed como el reciclaje y la reutilizaci\u00f3n de los mismos.<\/p>\n<p>\u00a1ES CUANTO!<\/p>\n<p>enriquezambell@gmail.com<br \/>\nenamjl62@gmail.com<\/p>\n","protected":false},"excerpt":{"rendered":"<p>CAF\u00c9 DE MA\u00d1ANA Por Jos\u00e9 Luis Enr\u00edquez Ambell &nbsp; La mudanza suele anunciar un cambio de domicilio y, a veces, de localidad, ciudad o pa\u00eds en esta \u00e9poca globalizadora. En unas horas, el presidente L\u00f3pez Obrador dejar\u00e1 su alojamiento como jefe del Poder Ejecutivo en Palacio Nacional, en la CDMX, y justo con el mes patrio: septiembre. Los d\u00edas amanecer\u00e1n diferentes sin saber, ver y o\u00edr a don Andr\u00e9s Manuel entre las siete y nueve de la ma\u00f1ana casi a diario, y sobre todo desde ese recinto presidencial que significa y es el Palacio Nacional para toda la comunidad mexicana [&hellip;]<\/p>\n","protected":false},"author":3,"featured_media":91558,"comment_status":"open","ping_status":"open","sticky":false,"template":"","format":"standard","meta":{"_jetpack_newsletter_access":"","_jetpack_dont_email_post_to_subs":false,"_jetpack_newsletter_tier_id":0,"_jetpack_memberships_contains_paywalled_content":false,"_jetpack_feature_clip_id":0,"_jetpack_memberships_contains_paid_content":false,"footnotes":"","jetpack_publicize_message":"","jetpack_publicize_feature_enabled":true,"jetpack_social_post_already_shared":true,"jetpack_social_options":{"image_generator_settings":{"template":"highway","default_image_id":0,"font":"","enabled":false},"version":2},"jetpack_post_was_ever_published":false},"categories":[79],"tags":[],"class_list":["post-104646","post","type-post","status-publish","format-standard","has-post-thumbnail","hentry","category-columnistas-nacionales","post--single"],"jetpack_publicize_connections":[],"jetpack_featured_media_url":"https:\/\/ovelanalista.com\/wp-content\/uploads\/2024\/03\/jose_luis_enriquez_ambell.jpeg","jetpack_sharing_enabled":true,"_links":{"self":[{"href":"https:\/\/ovelanalista.com\/index.php?rest_route=\/wp\/v2\/posts\/104646","targetHints":{"allow":["GET"]}}],"collection":[{"href":"https:\/\/ovelanalista.com\/index.php?rest_route=\/wp\/v2\/posts"}],"about":[{"href":"https:\/\/ovelanalista.com\/index.php?rest_route=\/wp\/v2\/types\/post"}],"author":[{"embeddable":true,"href":"https:\/\/ovelanalista.com\/index.php?rest_route=\/wp\/v2\/users\/3"}],"replies":[{"embeddable":true,"href":"https:\/\/ovelanalista.com\/index.php?rest_route=%2Fwp%2Fv2%2Fcomments&post=104646"}],"version-history":[{"count":1,"href":"https:\/\/ovelanalista.com\/index.php?rest_route=\/wp\/v2\/posts\/104646\/revisions"}],"predecessor-version":[{"id":104649,"href":"https:\/\/ovelanalista.com\/index.php?rest_route=\/wp\/v2\/posts\/104646\/revisions\/104649"}],"wp:featuredmedia":[{"embeddable":true,"href":"https:\/\/ovelanalista.com\/index.php?rest_route=\/wp\/v2\/media\/91558"}],"wp:attachment":[{"href":"https:\/\/ovelanalista.com\/index.php?rest_route=%2Fwp%2Fv2%2Fmedia&parent=104646"}],"wp:term":[{"taxonomy":"category","embeddable":true,"href":"https:\/\/ovelanalista.com\/index.php?rest_route=%2Fwp%2Fv2%2Fcategories&post=104646"},{"taxonomy":"post_tag","embeddable":true,"href":"https:\/\/ovelanalista.com\/index.php?rest_route=%2Fwp%2Fv2%2Ftags&post=104646"}],"curies":[{"name":"wp","href":"https:\/\/api.w.org\/{rel}","templated":true}]}}