{"id":104660,"date":"2024-09-28T12:10:23","date_gmt":"2024-09-28T18:10:23","guid":{"rendered":"https:\/\/ovelanalista.com\/?p=104660"},"modified":"2024-09-28T11:48:39","modified_gmt":"2024-09-28T17:48:39","slug":"alerta-bloqueo-y-vehiculos-incendiados-en-la-autopista-mazatlan-culiacan","status":"publish","type":"post","link":"https:\/\/ovelanalista.com\/?p=104660","title":{"rendered":"Alerta: bloqueo y veh\u00edculos incendiados en la autopista Mazatl\u00e1n-Culiac\u00e1n"},"content":{"rendered":"<div class=\"lead font-1 fs18\"><strong>Los hechos ocurrieron durante la ma\u00f1ana de este s\u00e1bado.<\/strong><\/div>\n<div><\/div>\n<div>\n<p>Un bloqueo con al menos cinco tr\u00e1ileres incendiados se reporta sobre la autopista Mazatl\u00e1n-Culiac\u00e1n en estos momentos.<\/p>\n<p>La Guardia Nacional Carretera emiti\u00f3 la alerta.<\/p>\n<p>\u201cEvite la zona. En Sinaloa contin\u00faa cierre total de circulaci\u00f3n por veh\u00edculos incendiados cerca del kil\u00f3metro 103 autopista Mazatl\u00e1n-Culiac\u00e1n\u201d, public\u00f3 la corporaci\u00f3n hace unos momentos, a las 7:32 horas de esta ma\u00f1ana de s\u00e1bado.<\/p>\n<p><img loading=\"lazy\" decoding=\"async\" class=\"wp-image-104664 aligncenter\" src=\"https:\/\/ovelanalista.com\/wp-content\/uploads\/2024\/09\/Captura-de-Pantalla-2024-09-28-a-las-10.39.09-300x161.png\" alt=\"\" width=\"525\" height=\"282\" srcset=\"https:\/\/ovelanalista.com\/wp-content\/uploads\/2024\/09\/Captura-de-Pantalla-2024-09-28-a-las-10.39.09-300x161.png 300w, https:\/\/ovelanalista.com\/wp-content\/uploads\/2024\/09\/Captura-de-Pantalla-2024-09-28-a-las-10.39.09-1024x549.png 1024w, https:\/\/ovelanalista.com\/wp-content\/uploads\/2024\/09\/Captura-de-Pantalla-2024-09-28-a-las-10.39.09-768x412.png 768w, https:\/\/ovelanalista.com\/wp-content\/uploads\/2024\/09\/Captura-de-Pantalla-2024-09-28-a-las-10.39.09-400x214.png 400w, https:\/\/ovelanalista.com\/wp-content\/uploads\/2024\/09\/Captura-de-Pantalla-2024-09-28-a-las-10.39.09-750x402.png 750w, https:\/\/ovelanalista.com\/wp-content\/uploads\/2024\/09\/Captura-de-Pantalla-2024-09-28-a-las-10.39.09-1140x611.png 1140w, https:\/\/ovelanalista.com\/wp-content\/uploads\/2024\/09\/Captura-de-Pantalla-2024-09-28-a-las-10.39.09.png 1172w\" sizes=\"auto, (max-width: 525px) 100vw, 525px\" \/><\/p>\n<div class=\"multimediaMacroWrapper\">\n<div class=\"contentMedia art-img\">\n<figure class=\"cutlineShow\">\n<div><img loading=\"lazy\" decoding=\"async\" title=\"Alerta: bloqueo y veh\u00edculos incendiados en la autopista Mazatl\u00e1n-Culiac\u00e1n\" src=\"https:\/\/www.noroeste.com.mx\/binrepository\/1261x568\/0c0\/0d0\/none\/12707\/JBFR\/elota3_1-8245267_20240928085514.png\" sizes=\"auto, 1000\" srcset=\"\/\/www.noroeste.com.mx\/binrepository\/1261x568\/0c0\/0d0\/none\/12707\/JBFR\/elota3_1-8245267_20240928085514.png 1261w,\/\/www.noroeste.com.mx\/binrepository\/1051x473\/0c0\/0d0\/none\/12707\/JBLR\/elota3_1-8245267_20240928085514.png 1051w,\/\/www.noroeste.com.mx\/binrepository\/841x379\/0c0\/0d0\/none\/12707\/JBFM\/elota3_1-8245267_20240928085514.png 841w,\/\/www.noroeste.com.mx\/binrepository\/631x284\/0c0\/0d0\/none\/12707\/JBDE\/elota3_1-8245267_20240928085514.png 631w,\/\/www.noroeste.com.mx\/binrepository\/420x189\/0c0\/0d0\/none\/12707\/JBGF\/elota3_1-8245267_20240928085514.png 420w,\/\/www.noroeste.com.mx\/binrepository\/300x135\/0c0\/0d0\/none\/12707\/JBNA\/elota3_1-8245267_20240928085514.png 300w\" alt=\"$!Alerta: bloqueo y veh\u00edculos incendiados en la autopista Mazatl\u00e1n-Culiac\u00e1n\" width=\"1261\" height=\"568\" \/><\/div>\n<\/figure>\n<\/div>\n<\/div>\n<div class=\"paragraph\">\n<p>La Secretar\u00eda de Seguridad P\u00fablica de Sinaloa tambi\u00e9n public\u00f3 un post en la red social X:<\/p>\n<p>\u201cInformar que elementos de la Guardia Nacional divisi\u00f3n Caminos, en coordinaci\u00f3n con los cuerpos policiales, trabajan para la remoci\u00f3n de algunas unidades que bloquean el tr\u00e1nsito sobre la Maxipista Mazatl\u00e1n-Culiac\u00e1n, a la altura de Elota, en ambos sentidos\u201d.<\/p>\n<\/div>\n<\/div>\n<div class=\"html\"><img loading=\"lazy\" decoding=\"async\" class=\"alignnone  wp-image-104665\" src=\"https:\/\/ovelanalista.com\/wp-content\/uploads\/2024\/09\/Captura-de-Pantalla-2024-09-28-a-las-10.46.29-300x204.png\" alt=\"\" width=\"624\" height=\"424\" srcset=\"https:\/\/ovelanalista.com\/wp-content\/uploads\/2024\/09\/Captura-de-Pantalla-2024-09-28-a-las-10.46.29-300x204.png 300w, https:\/\/ovelanalista.com\/wp-content\/uploads\/2024\/09\/Captura-de-Pantalla-2024-09-28-a-las-10.46.29-1024x697.png 1024w, https:\/\/ovelanalista.com\/wp-content\/uploads\/2024\/09\/Captura-de-Pantalla-2024-09-28-a-las-10.46.29-768x523.png 768w, https:\/\/ovelanalista.com\/wp-content\/uploads\/2024\/09\/Captura-de-Pantalla-2024-09-28-a-las-10.46.29-400x272.png 400w, https:\/\/ovelanalista.com\/wp-content\/uploads\/2024\/09\/Captura-de-Pantalla-2024-09-28-a-las-10.46.29-750x511.png 750w, https:\/\/ovelanalista.com\/wp-content\/uploads\/2024\/09\/Captura-de-Pantalla-2024-09-28-a-las-10.46.29.png 1128w\" sizes=\"auto, (max-width: 624px) 100vw, 624px\" \/><\/div>\n<div><\/div>\n<div>Tambi\u00e9n informan que hay una unidad bloqueando el camino a Potrerillo del Norote.<\/div>\n<div><\/div>\n<div>\n<p>\u201cHay una unidad en camino a Potrerillo del Norote. Se trabaja en ese punto para librar la r\u00faa\u201d.<\/p>\n<p>Trascendi\u00f3 que hubo un enfrentamiento en esa zona, en Boscoso.<\/p>\n<p>Con informaci\u00f3n de Noroeste<\/p>\n<\/div>\n","protected":false},"excerpt":{"rendered":"<p>Los hechos ocurrieron durante la ma\u00f1ana de este s\u00e1bado. Un bloqueo con al menos cinco tr\u00e1ileres incendiados se reporta sobre la autopista Mazatl\u00e1n-Culiac\u00e1n en estos momentos. La Guardia Nacional Carretera emiti\u00f3 la alerta. \u201cEvite la zona. En Sinaloa contin\u00faa cierre total de circulaci\u00f3n por veh\u00edculos incendiados cerca del kil\u00f3metro 103 autopista Mazatl\u00e1n-Culiac\u00e1n\u201d, public\u00f3 la corporaci\u00f3n hace unos momentos, a las 7:32 horas de esta ma\u00f1ana de s\u00e1bado. La Secretar\u00eda de Seguridad P\u00fablica de Sinaloa tambi\u00e9n public\u00f3 un post en la red social X: \u201cInformar que elementos de la Guardia Nacional divisi\u00f3n Caminos, en coordinaci\u00f3n con los cuerpos policiales, trabajan para [&hellip;]<\/p>\n","protected":false},"author":3,"featured_media":104667,"comment_status":"open","ping_status":"open","sticky":false,"template":"","format":"standard","meta":{"_jetpack_newsletter_access":"","_jetpack_dont_email_post_to_subs":false,"_jetpack_newsletter_tier_id":0,"_jetpack_memberships_contains_paywalled_content":false,"_jetpack_feature_clip_id":0,"_jetpack_memberships_contains_paid_content":false,"footnotes":"","jetpack_publicize_message":"","jetpack_publicize_feature_enabled":true,"jetpack_social_post_already_shared":true,"jetpack_social_options":{"image_generator_settings":{"template":"highway","default_image_id":0,"font":"","enabled":false},"version":2},"jetpack_post_was_ever_published":false},"categories":[90,72],"tags":[],"class_list":["post-104660","post","type-post","status-publish","format-standard","has-post-thumbnail","hentry","category-estatal","category-portada","post--single"],"jetpack_publicize_connections":[],"jetpack_featured_media_url":"https:\/\/ovelanalista.com\/wp-content\/uploads\/2024\/09\/571fd7bb-6821-4d45-b61f-d5409c5d3b02_1-8245104_20240928090442.jpg","jetpack_sharing_enabled":true,"_links":{"self":[{"href":"https:\/\/ovelanalista.com\/index.php?rest_route=\/wp\/v2\/posts\/104660","targetHints":{"allow":["GET"]}}],"collection":[{"href":"https:\/\/ovelanalista.com\/index.php?rest_route=\/wp\/v2\/posts"}],"about":[{"href":"https:\/\/ovelanalista.com\/index.php?rest_route=\/wp\/v2\/types\/post"}],"author":[{"embeddable":true,"href":"https:\/\/ovelanalista.com\/index.php?rest_route=\/wp\/v2\/users\/3"}],"replies":[{"embeddable":true,"href":"https:\/\/ovelanalista.com\/index.php?rest_route=%2Fwp%2Fv2%2Fcomments&post=104660"}],"version-history":[{"count":1,"href":"https:\/\/ovelanalista.com\/index.php?rest_route=\/wp\/v2\/posts\/104660\/revisions"}],"predecessor-version":[{"id":104668,"href":"https:\/\/ovelanalista.com\/index.php?rest_route=\/wp\/v2\/posts\/104660\/revisions\/104668"}],"wp:featuredmedia":[{"embeddable":true,"href":"https:\/\/ovelanalista.com\/index.php?rest_route=\/wp\/v2\/media\/104667"}],"wp:attachment":[{"href":"https:\/\/ovelanalista.com\/index.php?rest_route=%2Fwp%2Fv2%2Fmedia&parent=104660"}],"wp:term":[{"taxonomy":"category","embeddable":true,"href":"https:\/\/ovelanalista.com\/index.php?rest_route=%2Fwp%2Fv2%2Fcategories&post=104660"},{"taxonomy":"post_tag","embeddable":true,"href":"https:\/\/ovelanalista.com\/index.php?rest_route=%2Fwp%2Fv2%2Ftags&post=104660"}],"curies":[{"name":"wp","href":"https:\/\/api.w.org\/{rel}","templated":true}]}}