{"id":104669,"date":"2024-09-28T14:11:03","date_gmt":"2024-09-28T20:11:03","guid":{"rendered":"https:\/\/ovelanalista.com\/?p=104669"},"modified":"2024-09-28T14:11:03","modified_gmt":"2024-09-28T20:11:03","slug":"rocha-moya-llama-brotes-de-violencia-a-la-guerra-entre-chapitos-y-mayiza-hemos-estado-controlando-la-situacion","status":"publish","type":"post","link":"https:\/\/ovelanalista.com\/?p=104669","title":{"rendered":"Rocha Moya llama \u201cbrotes\u201d de violencia a la guerra entre Chapitos y Mayiza: \u201cHemos estado controlando la situaci\u00f3n\u201d"},"content":{"rendered":"<p class=\"article-subheadline left\">El titular del Ejecutivo local pidi\u00f3 a Claudia Sheinbaum les ayude a \u201csofocar de manera definitiva la violencia y poderle dar tranquilidad, paz a las y los sinaloenses\u201d.<\/p>\n<div class=\"byline\">\n<p class=\"authors-name-txt-ctn\">Con casi 100 asesinatos y una cifra similar de personas desaparecidas en\u00a0<b>Culiac\u00e1n<\/b>\u00a0tras una guerra interna del\u00a0<b>C\u00e1rtel del Pac\u00edfico<\/b>\u00a0entre\u00a0<b>Los Chapitos<\/b>\u00a0y\u00a0<b>Los Mayitos<\/b>, el gobernador de\u00a0<b>Sinaloa<\/b>,\u00a0<b>Rub\u00e9n Rocha Moya<\/b>, consider\u00f3 este viernes que en la entidad hay \u201cbrotes de violencia\u201d los cuales, dice, se est\u00e1n controlando en conjunto con las dependencias de seguridad federales.<\/p>\n<p class=\"paragraph\" data-mrf-recirculation=\"Links inline\">Durante la inauguraci\u00f3n de la zona de riego de la presa\u00a0<b>Santa Mar\u00eda<\/b>, donde estuvo presente el presidente\u00a0<a href=\"https:\/\/www.infobae.com\/mexico\/2024\/09\/27\/amnistia-internacional-urge-al-gobierno-de-amlo-a-atender-crisis-de-violencia-en-sinaloa-hay-decenas-de-desaparecidos\/\" target=\"_blank\" rel=\"noopener noreferrer\" data-mrf-link=\"https:\/\/www.infobae.com\/mexico\/2024\/09\/27\/amnistia-internacional-urge-al-gobierno-de-amlo-a-atender-crisis-de-violencia-en-sinaloa-hay-decenas-de-desaparecidos\/\"><b>Andr\u00e9s Manuel L\u00f3pez Obrador<\/b><\/a>\u00a0y la presidenta electa\u00a0<b>Claudia Sheinbaum<\/b>, el mandatario local destac\u00f3 que los y las sinaloenses se distinguen por producir alimentos ya que ocupan el primer lugar en la\u00a0<b>Rep\u00fablica Mexicana<\/b>, aunque existan \u201cpersonas y grupos que gustan de la violencia\u201d.<\/p>\n<div class=\"inline ad-wrapper\">\n<div class=\"dfpAd ad-inline\"><\/div>\n<\/div>\n<p class=\"paragraph\" data-mrf-recirculation=\"Links inline\"><b>\u201cHay como en todas partes personas y grupos que gustan de la violencia, que generan o son generadores de violencia, aqu\u00ed los estamos teniendo ahora, pero hemos tenido la fortuna de estar apoyados por el presidente Andr\u00e9s Manuel\u201d<\/b>\u00a0dijo.<\/p>\n<div class=\"recommended-card__image-container\">\n<p class=\"paragraph\" data-mrf-recirculation=\"Links inline\"><b>Rocha Moya<\/b>\u00a0agradeci\u00f3 el apoyo del presidente\u00a0<b>L\u00f3pez Obrador<\/b>\u00a0y la solidaridad de la presidenta electa, as\u00ed como el de las\u00a0<b>Fuerzas Armadas<\/b>, ante los conflictos violentos que han \u201cestado controlando\u201d.<\/p>\n<div class=\" visual__image\"><picture><source srcset=\"https:\/\/www.infobae.com\/resizer\/v2\/JM7462BJCBB5NOLYH2IAG45CIE.jpeg?auth=664f625262d1e09b7604acf1f7e4c39034f330183a97c88d2e7c2967d4a3bdf3&amp;smart=true&amp;width=992&amp;height=661&amp;quality=85\" media=\"(min-width: 1000px)\" \/><source srcset=\"https:\/\/www.infobae.com\/resizer\/v2\/JM7462BJCBB5NOLYH2IAG45CIE.jpeg?auth=664f625262d1e09b7604acf1f7e4c39034f330183a97c88d2e7c2967d4a3bdf3&amp;smart=true&amp;width=768&amp;height=512&amp;quality=85\" media=\"(min-width: 768px)\" \/><source srcset=\"https:\/\/www.infobae.com\/resizer\/v2\/JM7462BJCBB5NOLYH2IAG45CIE.jpeg?auth=664f625262d1e09b7604acf1f7e4c39034f330183a97c88d2e7c2967d4a3bdf3&amp;smart=true&amp;width=577&amp;height=385&amp;quality=85\" media=\"(min-width: 580px)\" \/><source srcset=\"https:\/\/www.infobae.com\/resizer\/v2\/JM7462BJCBB5NOLYH2IAG45CIE.jpeg?auth=664f625262d1e09b7604acf1f7e4c39034f330183a97c88d2e7c2967d4a3bdf3&amp;smart=true&amp;width=420&amp;height=280&amp;quality=85\" media=\"(min-width: 350px)\" \/><source srcset=\"https:\/\/www.infobae.com\/resizer\/v2\/JM7462BJCBB5NOLYH2IAG45CIE.jpeg?auth=664f625262d1e09b7604acf1f7e4c39034f330183a97c88d2e7c2967d4a3bdf3&amp;smart=true&amp;width=350&amp;height=233&amp;quality=85\" media=\"(min-width: 80px)\" \/><img loading=\"lazy\" decoding=\"async\" class=\"global-image\" src=\"https:\/\/www.infobae.com\/resizer\/v2\/JM7462BJCBB5NOLYH2IAG45CIE.jpeg?auth=664f625262d1e09b7604acf1f7e4c39034f330183a97c88d2e7c2967d4a3bdf3&amp;smart=true&amp;width=350&amp;height=233&amp;quality=85\" alt=\"Los funcionarios inauguraron la zona de riego de la presa Santa Mar\u00eda. Foto: Semarnat\" width=\"1280\" height=\"853\" data-wp-editing=\"1\" \/><\/picture><\/div>\n<\/div>\n<\/div>\n<div><\/div>\n<div><b>\u201cYa est\u00e1 pasando, no ha pasado, no quiero ser irresponsable, todav\u00eda tenemos brotes. (&#8230;) Tenemos ahora la posibilidad de contener los brotes de violencia que se han generado por grupos de la delincuencia organizada en disputa, pero ah\u00ed estamos, no hemos dejado de tener el apoyo del presidente\u201d<\/b>\u00a0destac\u00f3.<\/div>\n<div><\/div>\n<div>\n<p class=\"paragraph\" data-mrf-recirculation=\"Links inline\">El titular del Ejecutivo local dijo que ni\u00f1as, ni\u00f1os, j\u00f3venes, madres, maestras, maestros, empresarias y empresarios, le encargaron que le pidiera a\u00a0<b>Claudia Sheinbaum<\/b>\u00a0les ayude a \u201csofocar de manera definitiva la violencia y poderle dar tranquilidad, paz a las y los sinaloenses\u201d.<\/p>\n<p class=\"paragraph\" data-mrf-recirculation=\"Links inline\">Las declaraciones de\u00a0<b>Rocha Moya<\/b>\u00a0se dan luego de 19 d\u00edas de enfrentamientos entre sicarios de ambas facciones del\u00a0<b>C\u00e1rtel de Sinaloa<\/b>, mismos que han dejado un total de 88 v\u00edctimas, seg\u00fan datos de la\u00a0<b>Fiscal\u00eda General Estatal de Sinaloa<\/b>, aunque no se contemplan los asesinatos ocurridos en enfrentamientos con las\u00a0<b>Fuerzas Armadas<\/b>, por lo que la cifra podr\u00eda ser de casi 100 personas fallecidas. Esto sumado a las personas desaparecidas que, de acuerdo con el\u00a0<b>Ministerio P\u00fablico local<\/b>\u00a0ten\u00eda registrados unos 57 casos hasta el 20 de septiembre.<\/p>\n<p class=\"paragraph\" data-mrf-recirculation=\"Links inline\">Aunque de acuerdo con la organizaci\u00f3n Sabuesos Guerreras A.C., desde que comenzaron estos hechos violentos, la madrugada del 9 de septiembre, se han registrado 144 personas desaparecidas.<\/p>\n<div class=\" visual__image\"><picture><source srcset=\"https:\/\/www.infobae.com\/resizer\/v2\/BMC5YZIBPKHQZ6OFTE22A6OPJE.jpg?auth=2c9f6fe801efcf6c975cbb80678e575ffa08909a0640dead6a2d61dd8d486ca8&amp;smart=true&amp;width=992&amp;height=661&amp;quality=85\" media=\"(min-width: 1000px)\" \/><source srcset=\"https:\/\/www.infobae.com\/resizer\/v2\/BMC5YZIBPKHQZ6OFTE22A6OPJE.jpg?auth=2c9f6fe801efcf6c975cbb80678e575ffa08909a0640dead6a2d61dd8d486ca8&amp;smart=true&amp;width=768&amp;height=512&amp;quality=85\" media=\"(min-width: 768px)\" \/><source srcset=\"https:\/\/www.infobae.com\/resizer\/v2\/BMC5YZIBPKHQZ6OFTE22A6OPJE.jpg?auth=2c9f6fe801efcf6c975cbb80678e575ffa08909a0640dead6a2d61dd8d486ca8&amp;smart=true&amp;width=577&amp;height=385&amp;quality=85\" media=\"(min-width: 580px)\" \/><source srcset=\"https:\/\/www.infobae.com\/resizer\/v2\/BMC5YZIBPKHQZ6OFTE22A6OPJE.jpg?auth=2c9f6fe801efcf6c975cbb80678e575ffa08909a0640dead6a2d61dd8d486ca8&amp;smart=true&amp;width=420&amp;height=280&amp;quality=85\" media=\"(min-width: 350px)\" \/><source srcset=\"https:\/\/www.infobae.com\/resizer\/v2\/BMC5YZIBPKHQZ6OFTE22A6OPJE.jpg?auth=2c9f6fe801efcf6c975cbb80678e575ffa08909a0640dead6a2d61dd8d486ca8&amp;smart=true&amp;width=350&amp;height=233&amp;quality=85\" media=\"(min-width: 80px)\" \/><img loading=\"lazy\" decoding=\"async\" class=\"global-image\" src=\"https:\/\/www.infobae.com\/resizer\/v2\/BMC5YZIBPKHQZ6OFTE22A6OPJE.jpg?auth=2c9f6fe801efcf6c975cbb80678e575ffa08909a0640dead6a2d61dd8d486ca8&amp;smart=true&amp;width=350&amp;height=233&amp;quality=85\" alt=\"Imagen de archivo de soldados desplegados tras un enfrentamiento entre polic\u00edas y hombres armados en Culiac\u00e1n, M\u00e9xico. 21 septiembre 2024. REUTERS\/Jes\u00fas Bustamante\" width=\"800\" height=\"533\" \/><\/picture>Imagen de archivo de soldados desplegados tras un enfrentamiento entre polic\u00edas y hombres armados en Culiac\u00e1n, M\u00e9xico. 21 septiembre 2024. REUTERS\/Jes\u00fas Bustamante<\/div>\n<p class=\"paragraph\" data-mrf-recirculation=\"Links inline\">Este viernes se dio a conocer que decenas de folletos contra\u00a0<b>Los Chapitos<\/b>\u00a0fueron distribuidos en varios municipios de\u00a0<b>Sinaloa<\/b>.<\/p>\n<p class=\"paragraph\" data-mrf-recirculation=\"Links inline\">En estos volantes aparecen 19 nombres de personajes, incluido el gobernador\u00a0<b>Rocha Moya<\/b>, a quienes los acusan de varios delitos.<\/p>\n<p class=\"paragraph\" data-mrf-recirculation=\"Links inline\">Los volantes presuntamente fueron lanzados desde avionetas en\u00a0<b>Culiac\u00e1n<\/b>,\u00a0<b>Los Mochis<\/b>\u00a0y\u00a0<b>Mazatl\u00e1n<\/b>.\u00a0<b>\u201cC\u00e1rtel Los Sapitos. \u00bfLos conoces? Den\u00fancialos\u201d<\/b>, se lee en una de las caras del folleto.<\/p>\n<div class=\" visual__image\"><picture><source srcset=\"https:\/\/www.infobae.com\/resizer\/v2\/A5WDKIABI5CEPG3BAJG7FU3ANQ.jpg?auth=88890287d938516fa2f9feedb2423fc8e96152abaff7b818cf4da50e5caddc83&amp;smart=true&amp;width=992&amp;height=558&amp;quality=85\" media=\"(min-width: 1000px)\" \/><source srcset=\"https:\/\/www.infobae.com\/resizer\/v2\/A5WDKIABI5CEPG3BAJG7FU3ANQ.jpg?auth=88890287d938516fa2f9feedb2423fc8e96152abaff7b818cf4da50e5caddc83&amp;smart=true&amp;width=768&amp;height=432&amp;quality=85\" media=\"(min-width: 768px)\" \/><source srcset=\"https:\/\/www.infobae.com\/resizer\/v2\/A5WDKIABI5CEPG3BAJG7FU3ANQ.jpg?auth=88890287d938516fa2f9feedb2423fc8e96152abaff7b818cf4da50e5caddc83&amp;smart=true&amp;width=577&amp;height=325&amp;quality=85\" media=\"(min-width: 580px)\" \/><source srcset=\"https:\/\/www.infobae.com\/resizer\/v2\/A5WDKIABI5CEPG3BAJG7FU3ANQ.jpg?auth=88890287d938516fa2f9feedb2423fc8e96152abaff7b818cf4da50e5caddc83&amp;smart=true&amp;width=420&amp;height=236&amp;quality=85\" media=\"(min-width: 350px)\" \/><source srcset=\"https:\/\/www.infobae.com\/resizer\/v2\/A5WDKIABI5CEPG3BAJG7FU3ANQ.jpg?auth=88890287d938516fa2f9feedb2423fc8e96152abaff7b818cf4da50e5caddc83&amp;smart=true&amp;width=350&amp;height=197&amp;quality=85\" media=\"(min-width: 80px)\" \/><img loading=\"lazy\" decoding=\"async\" class=\"global-image\" src=\"https:\/\/www.infobae.com\/resizer\/v2\/A5WDKIABI5CEPG3BAJG7FU3ANQ.jpg?auth=88890287d938516fa2f9feedb2423fc8e96152abaff7b818cf4da50e5caddc83&amp;smart=true&amp;width=350&amp;height=197&amp;quality=85\" alt=\"Habitantes de varias zonas de Sinaloa comparti\u00f3 fotograf\u00edas de los folletos. (@Cristian1to0)\" width=\"1920\" height=\"1080\" \/><\/picture>Habitantes de varias zonas de Sinaloa comparti\u00f3 fotograf\u00edas de los folletos. (@Cristian1to0)<\/div>\n<p class=\"paragraph\" data-mrf-recirculation=\"Links inline\"><b>\u201cSinaloa, nos enfrentamos a un desaf\u00edo sin precedentes. Las sombras de la violencia y el miedo han invadido nuestros hogares, amenazando la paz y la armon\u00eda que tanto valoramos. Un narco gobernador asesino y corrupto ha entregado nuestro estado a criminales, brindando protecci\u00f3n a quienes envenenan a nuestra sociedad con drogas y extorsionan sin piedad a familias inocentes\u201d<\/b>, se lee en el reverso del volante donde hay un listado de los supuestos delitos que cometen estas personas: \u201ccobro de cuotas a los empresarios inmobiliarios\u201d, \u201crobos de veh\u00edculos a los ciudadanos\u201d, \u201ccobro en canales de riego\u201d, \u201ccobro a camiones de carga\u201d, \u201cventa de cigarros y vapeadores\u201d, entre otros.<\/p>\n<div class=\" visual__image\"><picture><source srcset=\"https:\/\/www.infobae.com\/resizer\/v2\/AZM5J2G4AVCGPEROWWC2Y2CAYM.jfif?auth=1e91c3c77455c96c2ea008ad6b9b4febe060042ed520fccc8faba906f8e759b2&amp;smart=true&amp;width=992&amp;height=606&amp;quality=85\" media=\"(min-width: 1000px)\" \/><source srcset=\"https:\/\/www.infobae.com\/resizer\/v2\/AZM5J2G4AVCGPEROWWC2Y2CAYM.jfif?auth=1e91c3c77455c96c2ea008ad6b9b4febe060042ed520fccc8faba906f8e759b2&amp;smart=true&amp;width=768&amp;height=469&amp;quality=85\" media=\"(min-width: 768px)\" \/><source srcset=\"https:\/\/www.infobae.com\/resizer\/v2\/AZM5J2G4AVCGPEROWWC2Y2CAYM.jfif?auth=1e91c3c77455c96c2ea008ad6b9b4febe060042ed520fccc8faba906f8e759b2&amp;smart=true&amp;width=577&amp;height=353&amp;quality=85\" media=\"(min-width: 580px)\" \/><source srcset=\"https:\/\/www.infobae.com\/resizer\/v2\/AZM5J2G4AVCGPEROWWC2Y2CAYM.jfif?auth=1e91c3c77455c96c2ea008ad6b9b4febe060042ed520fccc8faba906f8e759b2&amp;smart=true&amp;width=420&amp;height=257&amp;quality=85\" media=\"(min-width: 350px)\" \/><source srcset=\"https:\/\/www.infobae.com\/resizer\/v2\/AZM5J2G4AVCGPEROWWC2Y2CAYM.jfif?auth=1e91c3c77455c96c2ea008ad6b9b4febe060042ed520fccc8faba906f8e759b2&amp;smart=true&amp;width=350&amp;height=214&amp;quality=85\" media=\"(min-width: 80px)\" \/><img loading=\"lazy\" decoding=\"async\" class=\"global-image\" src=\"https:\/\/www.infobae.com\/resizer\/v2\/AZM5J2G4AVCGPEROWWC2Y2CAYM.jfif?auth=1e91c3c77455c96c2ea008ad6b9b4febe060042ed520fccc8faba906f8e759b2&amp;smart=true&amp;width=350&amp;height=214&amp;quality=85\" alt=\"En el volante tambi\u00e9n se difundieron datos de inmobiliarias que presuntamente operan junto a Los Chapitos. (Redes sociales)\" width=\"1601\" height=\"1010\" \/><\/picture><\/div>\n<\/div>\n<div><\/div>\n<div><\/div>\n<div>Con informaci\u00f3n de Infobae<\/div>\n","protected":false},"excerpt":{"rendered":"<p>El titular del Ejecutivo local pidi\u00f3 a Claudia Sheinbaum les ayude a \u201csofocar de manera definitiva la violencia y poderle dar tranquilidad, paz a las y los sinaloenses\u201d. Con casi 100 asesinatos y una cifra similar de personas desaparecidas en\u00a0Culiac\u00e1n\u00a0tras una guerra interna del\u00a0C\u00e1rtel del Pac\u00edfico\u00a0entre\u00a0Los Chapitos\u00a0y\u00a0Los Mayitos, el gobernador de\u00a0Sinaloa,\u00a0Rub\u00e9n Rocha Moya, consider\u00f3 este viernes que en la entidad hay \u201cbrotes de violencia\u201d los cuales, dice, se est\u00e1n controlando en conjunto con las dependencias de seguridad federales. Durante la inauguraci\u00f3n de la zona de riego de la presa\u00a0Santa Mar\u00eda, donde estuvo presente el presidente\u00a0Andr\u00e9s Manuel L\u00f3pez Obrador\u00a0y la presidenta [&hellip;]<\/p>\n","protected":false},"author":3,"featured_media":104675,"comment_status":"open","ping_status":"open","sticky":false,"template":"","format":"standard","meta":{"_jetpack_newsletter_access":"","_jetpack_dont_email_post_to_subs":false,"_jetpack_newsletter_tier_id":0,"_jetpack_memberships_contains_paywalled_content":false,"_jetpack_feature_clip_id":0,"_jetpack_memberships_contains_paid_content":false,"footnotes":"","jetpack_publicize_message":"","jetpack_publicize_feature_enabled":true,"jetpack_social_post_already_shared":true,"jetpack_social_options":{"image_generator_settings":{"template":"highway","default_image_id":0,"font":"","enabled":false},"version":2},"jetpack_post_was_ever_published":false},"categories":[90,72],"tags":[],"class_list":["post-104669","post","type-post","status-publish","format-standard","has-post-thumbnail","hentry","category-estatal","category-portada","post--single"],"jetpack_publicize_connections":[],"jetpack_featured_media_url":"https:\/\/ovelanalista.com\/wp-content\/uploads\/2024\/09\/Captura-de-Pantalla-2024-09-28-a-las-13.09.26.png","jetpack_sharing_enabled":true,"_links":{"self":[{"href":"https:\/\/ovelanalista.com\/index.php?rest_route=\/wp\/v2\/posts\/104669","targetHints":{"allow":["GET"]}}],"collection":[{"href":"https:\/\/ovelanalista.com\/index.php?rest_route=\/wp\/v2\/posts"}],"about":[{"href":"https:\/\/ovelanalista.com\/index.php?rest_route=\/wp\/v2\/types\/post"}],"author":[{"embeddable":true,"href":"https:\/\/ovelanalista.com\/index.php?rest_route=\/wp\/v2\/users\/3"}],"replies":[{"embeddable":true,"href":"https:\/\/ovelanalista.com\/index.php?rest_route=%2Fwp%2Fv2%2Fcomments&post=104669"}],"version-history":[{"count":1,"href":"https:\/\/ovelanalista.com\/index.php?rest_route=\/wp\/v2\/posts\/104669\/revisions"}],"predecessor-version":[{"id":104676,"href":"https:\/\/ovelanalista.com\/index.php?rest_route=\/wp\/v2\/posts\/104669\/revisions\/104676"}],"wp:featuredmedia":[{"embeddable":true,"href":"https:\/\/ovelanalista.com\/index.php?rest_route=\/wp\/v2\/media\/104675"}],"wp:attachment":[{"href":"https:\/\/ovelanalista.com\/index.php?rest_route=%2Fwp%2Fv2%2Fmedia&parent=104669"}],"wp:term":[{"taxonomy":"category","embeddable":true,"href":"https:\/\/ovelanalista.com\/index.php?rest_route=%2Fwp%2Fv2%2Fcategories&post=104669"},{"taxonomy":"post_tag","embeddable":true,"href":"https:\/\/ovelanalista.com\/index.php?rest_route=%2Fwp%2Fv2%2Ftags&post=104669"}],"curies":[{"name":"wp","href":"https:\/\/api.w.org\/{rel}","templated":true}]}}