{"id":104670,"date":"2024-09-28T14:07:15","date_gmt":"2024-09-28T20:07:15","guid":{"rendered":"https:\/\/ovelanalista.com\/?p=104670"},"modified":"2024-09-28T14:07:15","modified_gmt":"2024-09-28T20:07:15","slug":"lanzan-folletos-con-narcomensajes-en-culiacan","status":"publish","type":"post","link":"https:\/\/ovelanalista.com\/?p=104670","title":{"rendered":"Lanzan folletos con \u201cnarcomensajes\u201d en Culiac\u00e1n"},"content":{"rendered":"<p><strong class=\"bajada\">Los volantes contienen acusaciones contra la facci\u00f3n de \u201cLos Chapitos\u201d, as\u00ed como contra el gobernador Rub\u00e9n Rocha Moya.<\/strong><\/p>\n<p>Durante las primeras horas de este d\u00eda, folletos con \u201cnarcomensajes\u201d fueron dispersados en diferentes puntos de la ciudad, sobre todo en el sector Tres R\u00edos, en donde acusan al grupo de los Chapitos de actuar en contubernio con el gobierno estatal de Sinaloa.<\/p>\n<p>Una de las caras del volante contiene rostros de integrantes del grupo de \u201cLos Chapitos\u201d, pero tambi\u00e9n del gobernador Rub\u00e9n Rocha Moya, as\u00ed como del alcalde de Badiraguato Jos\u00e9 Paz L\u00f3pez Elenes y del secretario de gobierno electo Senador, Enrique Inzunza Cazarez, todos de extracci\u00f3n morenista.<\/p>\n<p>&nbsp;<\/p>\n<p>Con informaci\u00f3n de Proceso<\/p>\n","protected":false},"excerpt":{"rendered":"<p>Los volantes contienen acusaciones contra la facci\u00f3n de \u201cLos Chapitos\u201d, as\u00ed como contra el gobernador Rub\u00e9n Rocha Moya. Durante las primeras horas de este d\u00eda, folletos con \u201cnarcomensajes\u201d fueron dispersados en diferentes puntos de la ciudad, sobre todo en el sector Tres R\u00edos, en donde acusan al grupo de los Chapitos de actuar en contubernio con el gobierno estatal de Sinaloa. Una de las caras del volante contiene rostros de integrantes del grupo de \u201cLos Chapitos\u201d, pero tambi\u00e9n del gobernador Rub\u00e9n Rocha Moya, as\u00ed como del alcalde de Badiraguato Jos\u00e9 Paz L\u00f3pez Elenes y del secretario de gobierno electo Senador, [&hellip;]<\/p>\n","protected":false},"author":3,"featured_media":104672,"comment_status":"open","ping_status":"open","sticky":false,"template":"","format":"standard","meta":{"_jetpack_newsletter_access":"","_jetpack_dont_email_post_to_subs":false,"_jetpack_newsletter_tier_id":0,"_jetpack_memberships_contains_paywalled_content":false,"_jetpack_feature_clip_id":0,"_jetpack_memberships_contains_paid_content":false,"footnotes":"","jetpack_publicize_message":"","jetpack_publicize_feature_enabled":true,"jetpack_social_post_already_shared":true,"jetpack_social_options":{"image_generator_settings":{"template":"highway","default_image_id":0,"font":"","enabled":false},"version":2},"jetpack_post_was_ever_published":false},"categories":[90,72],"tags":[],"class_list":["post-104670","post","type-post","status-publish","format-standard","has-post-thumbnail","hentry","category-estatal","category-portada","post--single"],"jetpack_publicize_connections":[],"jetpack_featured_media_url":"https:\/\/ovelanalista.com\/wp-content\/uploads\/2024\/09\/f685x385-208190_245883_2551.webp","jetpack_sharing_enabled":true,"_links":{"self":[{"href":"https:\/\/ovelanalista.com\/index.php?rest_route=\/wp\/v2\/posts\/104670","targetHints":{"allow":["GET"]}}],"collection":[{"href":"https:\/\/ovelanalista.com\/index.php?rest_route=\/wp\/v2\/posts"}],"about":[{"href":"https:\/\/ovelanalista.com\/index.php?rest_route=\/wp\/v2\/types\/post"}],"author":[{"embeddable":true,"href":"https:\/\/ovelanalista.com\/index.php?rest_route=\/wp\/v2\/users\/3"}],"replies":[{"embeddable":true,"href":"https:\/\/ovelanalista.com\/index.php?rest_route=%2Fwp%2Fv2%2Fcomments&post=104670"}],"version-history":[{"count":1,"href":"https:\/\/ovelanalista.com\/index.php?rest_route=\/wp\/v2\/posts\/104670\/revisions"}],"predecessor-version":[{"id":104673,"href":"https:\/\/ovelanalista.com\/index.php?rest_route=\/wp\/v2\/posts\/104670\/revisions\/104673"}],"wp:featuredmedia":[{"embeddable":true,"href":"https:\/\/ovelanalista.com\/index.php?rest_route=\/wp\/v2\/media\/104672"}],"wp:attachment":[{"href":"https:\/\/ovelanalista.com\/index.php?rest_route=%2Fwp%2Fv2%2Fmedia&parent=104670"}],"wp:term":[{"taxonomy":"category","embeddable":true,"href":"https:\/\/ovelanalista.com\/index.php?rest_route=%2Fwp%2Fv2%2Fcategories&post=104670"},{"taxonomy":"post_tag","embeddable":true,"href":"https:\/\/ovelanalista.com\/index.php?rest_route=%2Fwp%2Fv2%2Ftags&post=104670"}],"curies":[{"name":"wp","href":"https:\/\/api.w.org\/{rel}","templated":true}]}}