{"id":104674,"date":"2024-09-28T14:13:50","date_gmt":"2024-09-28T20:13:50","guid":{"rendered":"https:\/\/ovelanalista.com\/?p=104674"},"modified":"2024-09-28T14:14:43","modified_gmt":"2024-09-28T20:14:43","slug":"violencia-en-sinaloa-sigue-todavia-reconoce-gobernador-rocha-moya-pide-apoyo-a-claudia-sheinbaum-para-garantizar-la-seguridad-de-la-poblacion","status":"publish","type":"post","link":"https:\/\/ovelanalista.com\/?p=104674","title":{"rendered":"Violencia en Sinaloa sigue todav\u00eda, reconoce gobernador Rocha Moya; pide apoyo a Claudia Sheinbaum para garantizar la seguridad de la poblaci\u00f3n"},"content":{"rendered":"<div class=\"sc__header mx-auto lg:max-w-screen-lg \">\n<p class=\"subTitle text-2xl mb-5\">\u201cHemos estado controlando la violencia que tenemos y est\u00e1 pasando, no ha pasado, no quiero ser irresponsable, todav\u00eda hay brotes\u201d, declar\u00f3 el mandatario estatal.<\/p>\n<p class=\"sc__font-paragraph\">El Rosario, Sinaloa.\u00a0<a href=\"https:\/\/www.eluniversal.com.mx\/estados\/ruben-rocha-llama-a-maestros-a-retornar-a-las-aulas-afirma-que-existen-condiciones-para-asistir-a-clases-con-seguridad\/\" target=\"_blank\" rel=\"noopener\" data-mrf-link=\"https:\/\/www.eluniversal.com.mx\/estados\/ruben-rocha-llama-a-maestros-a-retornar-a-las-aulas-afirma-que-existen-condiciones-para-asistir-a-clases-con-seguridad\/\"><b>Rub\u00e9n Rocha Moya<\/b><\/a>, gobernador de Sinaloa, reconoci\u00f3 esta noche que contin\u00faa la situaci\u00f3n de violencia que vive la entidad tras la entrega y captura de\u00a0<b>Ismael \u201c<\/b><a href=\"https:\/\/www.eluniversal.com.mx\/mundo\/el-mayo-zambada-aparece-oficialmente-en-el-centro-correccional-metropolitano-de-brooklyn\/\" target=\"_blank\" rel=\"noopener\" data-mrf-link=\"https:\/\/www.eluniversal.com.mx\/mundo\/el-mayo-zambada-aparece-oficialmente-en-el-centro-correccional-metropolitano-de-brooklyn\/\"><b>El Mayo<\/b><\/a><b>\u201d Zambada<\/b>\u00a0y Joaqu\u00edn Guzm\u00e1n L\u00f3pez, hijo de Joaqu\u00edn \u201c<a href=\"https:\/\/www.eluniversal.com.mx\/nacion\/amlo-acusa-que-eu-es-corresponsable-de-violencia-en-sinaloa-por-caso-de-el-mayo-zambada-e-hijo-del-chapo\/\" target=\"_blank\" rel=\"noopener\" data-mrf-link=\"https:\/\/www.eluniversal.com.mx\/nacion\/amlo-acusa-que-eu-es-corresponsable-de-violencia-en-sinaloa-por-caso-de-el-mayo-zambada-e-hijo-del-chapo\/\"><b>El Chapo<\/b><\/a>\u201d Guzm\u00e1n, y que todav\u00eda hay brotes, pero afirm\u00f3 que est\u00e1 siendo controlada.<\/p>\n<p class=\"sc__font-paragraph\">Frente al presidente\u00a0<a href=\"https:\/\/www.eluniversal.com.mx\/nacion\/amlo-a-tres-dias-de-dejar-la-presidencia-no-cometi-muchos-errores\/\" target=\"_blank\" rel=\"noopener\" data-mrf-link=\"https:\/\/www.eluniversal.com.mx\/nacion\/amlo-a-tres-dias-de-dejar-la-presidencia-no-cometi-muchos-errores\/\"><b>Andr\u00e9s Manuel L\u00f3pez Obrador<\/b><\/a>\u00a0y la presidenta electa,\u00a0<a href=\"https:\/\/www.eluniversal.com.mx\/nacion\/sheinbaum-defiende-postura-de-no-invitar-al-rey-de-espana-recuerda-que-en-cambio-amlo-pidio-perdon-a-los-yaquis-por-atrocidades-del-pasado\/\" target=\"_blank\" rel=\"noopener\" data-mrf-link=\"https:\/\/www.eluniversal.com.mx\/nacion\/sheinbaum-defiende-postura-de-no-invitar-al-rey-de-espana-recuerda-que-en-cambio-amlo-pidio-perdon-a-los-yaquis-por-atrocidades-del-pasado\/\"><b>Claudia Sheinbaum<\/b><\/a>, en la ceremonia de inauguraci\u00f3n de la zona de riego de la presa de Santa Mar\u00eda, el gobernador pidi\u00f3 al Mandatario federal continuar apoyando al estado hasta el \u00faltimo d\u00eda de su gesti\u00f3n y a la pr\u00f3xima presidenta le pidi\u00f3 su ayuda para poder sofocar de manera definitiva la violencia y que llegue la paz en la entidad.<\/p>\n<p class=\"sc__font-paragraph\">\u201cComo en todas partes hay personas y grupos que gustan de la violencia, que son generadores de violencia. Aqu\u00ed los estamos teniendo ahora, pero hemos tenido la fortuna de estar apoyados por el presidente Andr\u00e9s Manuel L\u00f3pez Obrador, Claudia Sheinbaum y el Ej\u00e9rcito, la Guardia Nacional, la Marina, la Fuerza A\u00e9rea y nuestra polic\u00eda.<\/p>\n<p class=\"sc__font-paragraph\">\u201cHemos estado controlando la violencia que tenemos y est\u00e1 pasando, no ha pasado, no quiero ser irresponsable, todav\u00eda hay brotes\u201d, admiti\u00f3.<\/p>\n<p class=\"sc__font-paragraph\">El gobernador sinaloense le pidi\u00f3 a Sheinbaum Pardo que siga el apoyo que ha dado el gobierno del presidente L\u00f3pez Obrador \u201cpara poder sofocar de manera definitiva y dejar tranquilidad y paz para las y los sinaloenses porque los sinaloenses somos hombres de paz, de buen, hombres que amamos al pr\u00f3jimo\u201d.<\/p>\n<\/div>\n<p>Con informaci\u00f3n de El Universal<\/p>\n<div class=\"story-image mx-auto lg:max-w-screen-lg\"><picture class=\"story__pic block w-full justify-center flex\"><source class=\" lazyloading\" srcset=\"https:\/\/www.eluniversal.com.mx\/resizer\/v2\/DF5YSJM5M5DGDLQ7PNRK2BEGJQ.jpg?auth=588a941410caf98b22f20a6df88fee6c41527b27a154c5f9c3d3f54f4102c079&amp;smart=true&amp;width=300&amp;height=165\" media=\"(max-width: 360px)\" data-srcset=\"https:\/\/www.eluniversal.com.mx\/resizer\/v2\/DF5YSJM5M5DGDLQ7PNRK2BEGJQ.jpg?auth=588a941410caf98b22f20a6df88fee6c41527b27a154c5f9c3d3f54f4102c079&amp;smart=true&amp;width=300&amp;height=165\" \/><\/picture><\/div>\n","protected":false},"excerpt":{"rendered":"<p>\u201cHemos estado controlando la violencia que tenemos y est\u00e1 pasando, no ha pasado, no quiero ser irresponsable, todav\u00eda hay brotes\u201d, declar\u00f3 el mandatario estatal. El Rosario, Sinaloa.\u00a0Rub\u00e9n Rocha Moya, gobernador de Sinaloa, reconoci\u00f3 esta noche que contin\u00faa la situaci\u00f3n de violencia que vive la entidad tras la entrega y captura de\u00a0Ismael \u201cEl Mayo\u201d Zambada\u00a0y Joaqu\u00edn Guzm\u00e1n L\u00f3pez, hijo de Joaqu\u00edn \u201cEl Chapo\u201d Guzm\u00e1n, y que todav\u00eda hay brotes, pero afirm\u00f3 que est\u00e1 siendo controlada. Frente al presidente\u00a0Andr\u00e9s Manuel L\u00f3pez Obrador\u00a0y la presidenta electa,\u00a0Claudia Sheinbaum, en la ceremonia de inauguraci\u00f3n de la zona de riego de la presa de Santa Mar\u00eda, [&hellip;]<\/p>\n","protected":false},"author":3,"featured_media":104678,"comment_status":"open","ping_status":"open","sticky":false,"template":"","format":"standard","meta":{"_jetpack_newsletter_access":"","_jetpack_dont_email_post_to_subs":false,"_jetpack_newsletter_tier_id":0,"_jetpack_memberships_contains_paywalled_content":false,"_jetpack_feature_clip_id":0,"_jetpack_memberships_contains_paid_content":false,"footnotes":"","jetpack_publicize_message":"","jetpack_publicize_feature_enabled":true,"jetpack_social_post_already_shared":true,"jetpack_social_options":{"image_generator_settings":{"template":"highway","default_image_id":0,"font":"","enabled":false},"version":2},"jetpack_post_was_ever_published":false},"categories":[90,75,72],"tags":[],"class_list":["post-104674","post","type-post","status-publish","format-standard","has-post-thumbnail","hentry","category-estatal","category-nacional","category-portada","post--single"],"jetpack_publicize_connections":[],"jetpack_featured_media_url":"https:\/\/ovelanalista.com\/wp-content\/uploads\/2024\/09\/Captura-de-Pantalla-2024-09-28-a-las-13.11.28.png","jetpack_sharing_enabled":true,"_links":{"self":[{"href":"https:\/\/ovelanalista.com\/index.php?rest_route=\/wp\/v2\/posts\/104674","targetHints":{"allow":["GET"]}}],"collection":[{"href":"https:\/\/ovelanalista.com\/index.php?rest_route=\/wp\/v2\/posts"}],"about":[{"href":"https:\/\/ovelanalista.com\/index.php?rest_route=\/wp\/v2\/types\/post"}],"author":[{"embeddable":true,"href":"https:\/\/ovelanalista.com\/index.php?rest_route=\/wp\/v2\/users\/3"}],"replies":[{"embeddable":true,"href":"https:\/\/ovelanalista.com\/index.php?rest_route=%2Fwp%2Fv2%2Fcomments&post=104674"}],"version-history":[{"count":1,"href":"https:\/\/ovelanalista.com\/index.php?rest_route=\/wp\/v2\/posts\/104674\/revisions"}],"predecessor-version":[{"id":104680,"href":"https:\/\/ovelanalista.com\/index.php?rest_route=\/wp\/v2\/posts\/104674\/revisions\/104680"}],"wp:featuredmedia":[{"embeddable":true,"href":"https:\/\/ovelanalista.com\/index.php?rest_route=\/wp\/v2\/media\/104678"}],"wp:attachment":[{"href":"https:\/\/ovelanalista.com\/index.php?rest_route=%2Fwp%2Fv2%2Fmedia&parent=104674"}],"wp:term":[{"taxonomy":"category","embeddable":true,"href":"https:\/\/ovelanalista.com\/index.php?rest_route=%2Fwp%2Fv2%2Fcategories&post=104674"},{"taxonomy":"post_tag","embeddable":true,"href":"https:\/\/ovelanalista.com\/index.php?rest_route=%2Fwp%2Fv2%2Ftags&post=104674"}],"curies":[{"name":"wp","href":"https:\/\/api.w.org\/{rel}","templated":true}]}}