{"id":104681,"date":"2024-09-28T14:18:10","date_gmt":"2024-09-28T20:18:10","guid":{"rendered":"https:\/\/ovelanalista.com\/?p=104681"},"modified":"2024-09-28T14:18:10","modified_gmt":"2024-09-28T20:18:10","slug":"gobernador-reconoce-que-no-ha-pasado-violencia-en-sinaloa-todavia-tenemos-brotes","status":"publish","type":"post","link":"https:\/\/ovelanalista.com\/?p=104681","title":{"rendered":"Gobernador reconoce que no ha pasado violencia en Sinaloa: &#8216;todav\u00eda tenemos brotes&#8217;"},"content":{"rendered":"<p>Rub\u00e9n Rocha, gobernador de Sinaloa, reconoci\u00f3 este viernes 28 de septiembre que no ha pasado la situaci\u00f3n violenta en el estado, pues afirm\u00f3 que &#8220;a\u00fan hay brotes&#8221;.<\/p>\n<p>Durante su participaci\u00f3n\u00a0en la inauguraci\u00f3n de la Zona de Riego-Presa Santa Mar\u00eda, Rocha Moya pidi\u00f3 a la presidenta electa, Claudia Sheinbaum, mantener los apoyos en materia de seguridad, como lo ha hecho el mandatario Andr\u00e9s Manuel L\u00f3pez Obrador.<\/p>\n<p>&#8220;Y con el ej\u00e9rcito, la Guardia Nacional, la Marina, la Fuerza A\u00e9rea y nuestras polic\u00edas, hemos estado controlando la situaci\u00f3n violenta que tenemos, ya est\u00e1 pasando, no ha pasado, no quiero ser irresponsables, todav\u00eda tenemos brotes&#8221;, dijo.<\/p>\n<p>Asimismo, el mandatario sonaloense\u00a0agradeci\u00f3 a L\u00f3pez Obrador\u00a0 que siga apoyando a su estado hasta el \u00faltimo minuto de su administraci\u00f3n.<\/p>\n<p>Rocha explic\u00f3 que los sinaloenses no deben permitir que se les endilgue ninguna patra\u00f1a o infundio por los grupos violentos que hay en la entidad.<\/p>\n<p>Y pidi\u00f3 que se les distinga como gente trabajadora y como productores de alimentos.<\/p>\n<p>&#8220;Ese es nuestro distintivo, no es otro, el de ser hombres y mujeres de bien, los sinaloenses, que nos dedicamos a producir para la patria.<\/p>\n<p>&#8220;Hay, como en todas partes, personas y grupos que gustan de la violencia, que generan o son generadores de la violencia, aqu\u00ed los estamos teniendo ahora, pero hemos tenido la fortuna de estar apoyados por el presidente&#8221;, expres\u00f3.<\/p>\n<p>Con informaci\u00f3n de Xeu<\/p>\n","protected":false},"excerpt":{"rendered":"<p>Rub\u00e9n Rocha, gobernador de Sinaloa, reconoci\u00f3 este viernes 28 de septiembre que no ha pasado la situaci\u00f3n violenta en el estado, pues afirm\u00f3 que &#8220;a\u00fan hay brotes&#8221;. Durante su participaci\u00f3n\u00a0en la inauguraci\u00f3n de la Zona de Riego-Presa Santa Mar\u00eda, Rocha Moya pidi\u00f3 a la presidenta electa, Claudia Sheinbaum, mantener los apoyos en materia de seguridad, como lo ha hecho el mandatario Andr\u00e9s Manuel L\u00f3pez Obrador. &#8220;Y con el ej\u00e9rcito, la Guardia Nacional, la Marina, la Fuerza A\u00e9rea y nuestras polic\u00edas, hemos estado controlando la situaci\u00f3n violenta que tenemos, ya est\u00e1 pasando, no ha pasado, no quiero ser irresponsables, todav\u00eda tenemos [&hellip;]<\/p>\n","protected":false},"author":3,"featured_media":104685,"comment_status":"open","ping_status":"open","sticky":false,"template":"","format":"standard","meta":{"_jetpack_newsletter_access":"","_jetpack_dont_email_post_to_subs":false,"_jetpack_newsletter_tier_id":0,"_jetpack_memberships_contains_paywalled_content":false,"_jetpack_feature_clip_id":0,"_jetpack_memberships_contains_paid_content":false,"footnotes":"","jetpack_publicize_message":"","jetpack_publicize_feature_enabled":true,"jetpack_social_post_already_shared":true,"jetpack_social_options":{"image_generator_settings":{"template":"highway","default_image_id":0,"font":"","enabled":false},"version":2},"jetpack_post_was_ever_published":false},"categories":[90,72],"tags":[],"class_list":["post-104681","post","type-post","status-publish","format-standard","has-post-thumbnail","hentry","category-estatal","category-portada","post--single"],"jetpack_publicize_connections":[],"jetpack_featured_media_url":"https:\/\/ovelanalista.com\/wp-content\/uploads\/2024\/09\/rocha_moya.webp","jetpack_sharing_enabled":true,"_links":{"self":[{"href":"https:\/\/ovelanalista.com\/index.php?rest_route=\/wp\/v2\/posts\/104681","targetHints":{"allow":["GET"]}}],"collection":[{"href":"https:\/\/ovelanalista.com\/index.php?rest_route=\/wp\/v2\/posts"}],"about":[{"href":"https:\/\/ovelanalista.com\/index.php?rest_route=\/wp\/v2\/types\/post"}],"author":[{"embeddable":true,"href":"https:\/\/ovelanalista.com\/index.php?rest_route=\/wp\/v2\/users\/3"}],"replies":[{"embeddable":true,"href":"https:\/\/ovelanalista.com\/index.php?rest_route=%2Fwp%2Fv2%2Fcomments&post=104681"}],"version-history":[{"count":1,"href":"https:\/\/ovelanalista.com\/index.php?rest_route=\/wp\/v2\/posts\/104681\/revisions"}],"predecessor-version":[{"id":104687,"href":"https:\/\/ovelanalista.com\/index.php?rest_route=\/wp\/v2\/posts\/104681\/revisions\/104687"}],"wp:featuredmedia":[{"embeddable":true,"href":"https:\/\/ovelanalista.com\/index.php?rest_route=\/wp\/v2\/media\/104685"}],"wp:attachment":[{"href":"https:\/\/ovelanalista.com\/index.php?rest_route=%2Fwp%2Fv2%2Fmedia&parent=104681"}],"wp:term":[{"taxonomy":"category","embeddable":true,"href":"https:\/\/ovelanalista.com\/index.php?rest_route=%2Fwp%2Fv2%2Fcategories&post=104681"},{"taxonomy":"post_tag","embeddable":true,"href":"https:\/\/ovelanalista.com\/index.php?rest_route=%2Fwp%2Fv2%2Ftags&post=104681"}],"curies":[{"name":"wp","href":"https:\/\/api.w.org\/{rel}","templated":true}]}}