{"id":104686,"date":"2024-09-28T14:23:11","date_gmt":"2024-09-28T20:23:11","guid":{"rendered":"https:\/\/ovelanalista.com\/?p=104686"},"modified":"2024-09-28T14:23:11","modified_gmt":"2024-09-28T20:23:11","slug":"como-es-el-rosario-municipio-de-sinaloa-que-visito-amlo-en-su-ultima-gira-como-presidente","status":"publish","type":"post","link":"https:\/\/ovelanalista.com\/?p=104686","title":{"rendered":"\u00bfC\u00f3mo es El Rosario, municipio de Sinaloa que visit\u00f3 AMLO en su \u00faltima gira como presidente?"},"content":{"rendered":"<div class=\"sc__header mx-auto  lg:max-w-screen-lg \">\n<p class=\"subTitle text-2xl mb-5\">El Mandatario estuvo acompa\u00f1ado por la presidenta electa, Claudia Sheinbaum, quien portar\u00e1 la banda presidencial el pr\u00f3ximo 1 de octubre.<\/p>\n<p class=\"sc__font-paragraph\">La noche del 27 de septiembre, el presidente\u00a0<a href=\"https:\/\/www.eluniversal.com.mx\/tag\/amlo\/\" target=\"_blank\" rel=\"noopener\" data-mrf-link=\"https:\/\/www.eluniversal.com.mx\/tag\/amlo\/\"><b>Andr\u00e9s Manuel L\u00f3pez Obrador\u00a0<\/b><\/a>asisti\u00f3 al municipio de\u00a0<b>El Rosario\u00a0<\/b>en\u00a0<b>Sinaloa<\/b>, para inaugurar la zona de riego de la\u00a0<b>presa Santa Mar\u00eda<\/b>, como parte de su \u00faltima gira de trabajo de fin de semana.<\/p>\n<p class=\"sc__font-paragraph\">El Mandatario estuvo acompa\u00f1ado por la presidenta electa,\u00a0<a href=\"https:\/\/www.eluniversal.com.mx\/tendencias\/\" target=\"_blank\" rel=\"noopener\" data-mrf-link=\"https:\/\/www.eluniversal.com.mx\/tendencias\/\"><b>Claudia Sheinbaum<\/b><\/a>, quien portar\u00e1 la<b>\u00a0banda presidencial<\/b>\u00a0el pr\u00f3ximo\u00a0<b>1 de octubre<\/b>.<\/p>\n<p class=\"sc__font-paragraph\">Aunado a ello, el presidente L\u00f3pez Obrador se\u00f1al\u00f3 que de esta misma manera se pondr\u00e1 orden en el pa\u00eds pero en materia de seguridad p\u00fablica, principalmente atendiendo las causas que originan la\u00a0<b>violencia en M\u00e9xico<\/b>.<\/p>\n<p class=\"sc__font-paragraph\">&#8220;Y pongo este ejemplo, te lo digo a ti puerta para que lo escuches t\u00fa, ventana, no se vayan a confundir, porque va a seguir habiendo orden, va a seguir promovi\u00e9ndose la paz, desde luego, atendiendo las causas que originan la violencia, la paz es fruto de la justicia. Se va a continuar con esa pol\u00edtica porque no se puede enfrentar la violencia con la violencia, el mal con el mal, el mal hay que enfrentarlo haciendo el bien&#8221;, puntualiz\u00f3.<\/p>\n<h2 class=\"sc__header\">\u00bfC\u00f3mo es El Rosario, municipio de Sinaloa que visit\u00f3 AMLO?<\/h2>\n<p class=\"sc__font-paragraph\">De acuerdo con la\u00a0<b>Secretario de Turismo<\/b>, El Rosario ha sido reconocido como\u00a0<b>Pueblo M\u00e1gico\u00a0<\/b>gracias a su vasta riqueza hist\u00f3rica que se remonta a m\u00e1s de tres siglos. Fundado en 1655 como un asentamiento minero, este pueblo alcanz\u00f3 su mayor esplendor econ\u00f3mico y pol\u00edtico durante el siglo XVIII. A poca distancia de all\u00ed, en Chametla, es posible explorar un importante sitio ceremonial ind\u00edgena.<\/p>\n<p class=\"sc__font-paragraph\">El municipio de Rosario est\u00e1 ubicado en el sur del estado de Sinaloa. Limita al norte con los municipios de\u00a0<b>Mazatl\u00e1n<\/b>, Concordia y el estado de Durango; al este, con Durango y Nayarit; al sur, con Escuinapa; y al oeste, con el Oc\u00e9ano Pac\u00edfico.<\/p>\n<p>Uno de los principales puntos de inter\u00e9s es la\u00a0<b>Parroquia de la Virgen del Rosario<\/b>, un emblema de la fe y la uni\u00f3n de sus habitantes. La iglesia original, construida en el siglo XVIII, fue gravemente afectada por la actividad minera, lo que llev\u00f3 a la comunidad a erigir una nueva edificaci\u00f3n en la que se conserva el retablo original, elaborado en hoja de oro, cuando El Rosario era una de las m\u00e1s ricas vetas mineras del pa\u00eds.<\/p>\n<p class=\"sc__font-paragraph\">M\u00e1s all\u00e1 de su historia, El Rosario tambi\u00e9n ofrece bellos paisajes, como la Laguna del Iguanero, hogar de iguanas y tortugas, y a pocos kil\u00f3metros, se encuentran hermosas playas y esteros.<\/p>\n<div class=\"story-image mx-auto  lg:max-w-screen-lg\"><picture class=\"story__pic block w-full justify-center flex\"><source class=\" lazyloading\" srcset=\"https:\/\/www.eluniversal.com.mx\/resizer\/v2\/POVM3VFELNETLCGTOAUJK52Y6U.jpg?auth=6035d91dae6ec30f08dde6c93b18f3af3803589f1d652343a7938e4b06cdddb5&amp;smart=true&amp;width=340\" media=\"(max-width: 360px)\" data-srcset=\"https:\/\/www.eluniversal.com.mx\/resizer\/v2\/POVM3VFELNETLCGTOAUJK52Y6U.jpg?auth=6035d91dae6ec30f08dde6c93b18f3af3803589f1d652343a7938e4b06cdddb5&amp;smart=true&amp;width=340\" \/><source class=\" lazyloading\" srcset=\"https:\/\/www.eluniversal.com.mx\/resizer\/v2\/POVM3VFELNETLCGTOAUJK52Y6U.jpg?auth=6035d91dae6ec30f08dde6c93b18f3af3803589f1d652343a7938e4b06cdddb5&amp;smart=true&amp;width=482\" media=\"(max-width: 768px)\" data-srcset=\"https:\/\/www.eluniversal.com.mx\/resizer\/v2\/POVM3VFELNETLCGTOAUJK52Y6U.jpg?auth=6035d91dae6ec30f08dde6c93b18f3af3803589f1d652343a7938e4b06cdddb5&amp;smart=true&amp;width=482\" \/><img loading=\"lazy\" decoding=\"async\" class=\"story__img block w-full h-auto md:h-full object-cover lazyloaded\" src=\"https:\/\/www.eluniversal.com.mx\/resizer\/v2\/POVM3VFELNETLCGTOAUJK52Y6U.jpg?auth=6035d91dae6ec30f08dde6c93b18f3af3803589f1d652343a7938e4b06cdddb5&amp;smart=true&amp;height=620\" alt=\"Foto: Secretaria de Turismo\" width=\"0\" height=\"620\" data-src=\"https:\/\/www.eluniversal.com.mx\/resizer\/v2\/POVM3VFELNETLCGTOAUJK52Y6U.jpg?auth=6035d91dae6ec30f08dde6c93b18f3af3803589f1d652343a7938e4b06cdddb5&amp;smart=true&amp;height=620\" \/><\/picture>\n<div class=\"story-image__subtitle text-white text-[14px] \">Foto: Secretaria de Turismo<\/div>\n<\/div>\n<p class=\"sc__font-paragraph\">La gastronom\u00eda local es otro atractivo destacado, especialmente los mariscos. Probar los platillos a base de camar\u00f3n y el tradicional pescado zarandeado es una experiencia obligada. La cocina sinaloense es, sin duda, una raz\u00f3n m\u00e1s para visitar este encantador destino.<\/p>\n<\/div>\n<p>&nbsp;<\/p>\n<p>Con informaci\u00f3n de El Universal<\/p>\n<div class=\"story-image mx-auto  lg:max-w-screen-lg\"><picture class=\"story__pic block w-full justify-center flex\"><source class=\" lazyloading\" srcset=\"https:\/\/www.eluniversal.com.mx\/resizer\/v2\/MN4KIGN6MFEAZL2DZEIDS7LGZE.jpg?auth=8068a2937e488e3eaffcc2fc9d5f831d156a2abb1231b0cd76f1cae4ce941802&amp;smart=true&amp;width=300&amp;height=165\" media=\"(max-width: 360px)\" data-srcset=\"https:\/\/www.eluniversal.com.mx\/resizer\/v2\/MN4KIGN6MFEAZL2DZEIDS7LGZE.jpg?auth=8068a2937e488e3eaffcc2fc9d5f831d156a2abb1231b0cd76f1cae4ce941802&amp;smart=true&amp;width=300&amp;height=165\" \/><\/picture><\/div>\n","protected":false},"excerpt":{"rendered":"<p>El Mandatario estuvo acompa\u00f1ado por la presidenta electa, Claudia Sheinbaum, quien portar\u00e1 la banda presidencial el pr\u00f3ximo 1 de octubre. La noche del 27 de septiembre, el presidente\u00a0Andr\u00e9s Manuel L\u00f3pez Obrador\u00a0asisti\u00f3 al municipio de\u00a0El Rosario\u00a0en\u00a0Sinaloa, para inaugurar la zona de riego de la\u00a0presa Santa Mar\u00eda, como parte de su \u00faltima gira de trabajo de fin de semana. El Mandatario estuvo acompa\u00f1ado por la presidenta electa,\u00a0Claudia Sheinbaum, quien portar\u00e1 la\u00a0banda presidencial\u00a0el pr\u00f3ximo\u00a01 de octubre. Aunado a ello, el presidente L\u00f3pez Obrador se\u00f1al\u00f3 que de esta misma manera se pondr\u00e1 orden en el pa\u00eds pero en materia de seguridad p\u00fablica, principalmente atendiendo [&hellip;]<\/p>\n","protected":false},"author":3,"featured_media":104690,"comment_status":"open","ping_status":"open","sticky":false,"template":"","format":"standard","meta":{"_jetpack_newsletter_access":"","_jetpack_dont_email_post_to_subs":false,"_jetpack_newsletter_tier_id":0,"_jetpack_memberships_contains_paywalled_content":false,"_jetpack_feature_clip_id":0,"_jetpack_memberships_contains_paid_content":false,"footnotes":"","jetpack_publicize_message":"","jetpack_publicize_feature_enabled":true,"jetpack_social_post_already_shared":true,"jetpack_social_options":{"image_generator_settings":{"template":"highway","default_image_id":0,"font":"","enabled":false},"version":2},"jetpack_post_was_ever_published":false},"categories":[90,72],"tags":[],"class_list":["post-104686","post","type-post","status-publish","format-standard","has-post-thumbnail","hentry","category-estatal","category-portada","post--single"],"jetpack_publicize_connections":[],"jetpack_featured_media_url":"https:\/\/ovelanalista.com\/wp-content\/uploads\/2024\/09\/Captura-de-Pantalla-2024-09-28-a-las-13.21.18.png","jetpack_sharing_enabled":true,"_links":{"self":[{"href":"https:\/\/ovelanalista.com\/index.php?rest_route=\/wp\/v2\/posts\/104686","targetHints":{"allow":["GET"]}}],"collection":[{"href":"https:\/\/ovelanalista.com\/index.php?rest_route=\/wp\/v2\/posts"}],"about":[{"href":"https:\/\/ovelanalista.com\/index.php?rest_route=\/wp\/v2\/types\/post"}],"author":[{"embeddable":true,"href":"https:\/\/ovelanalista.com\/index.php?rest_route=\/wp\/v2\/users\/3"}],"replies":[{"embeddable":true,"href":"https:\/\/ovelanalista.com\/index.php?rest_route=%2Fwp%2Fv2%2Fcomments&post=104686"}],"version-history":[{"count":1,"href":"https:\/\/ovelanalista.com\/index.php?rest_route=\/wp\/v2\/posts\/104686\/revisions"}],"predecessor-version":[{"id":104692,"href":"https:\/\/ovelanalista.com\/index.php?rest_route=\/wp\/v2\/posts\/104686\/revisions\/104692"}],"wp:featuredmedia":[{"embeddable":true,"href":"https:\/\/ovelanalista.com\/index.php?rest_route=\/wp\/v2\/media\/104690"}],"wp:attachment":[{"href":"https:\/\/ovelanalista.com\/index.php?rest_route=%2Fwp%2Fv2%2Fmedia&parent=104686"}],"wp:term":[{"taxonomy":"category","embeddable":true,"href":"https:\/\/ovelanalista.com\/index.php?rest_route=%2Fwp%2Fv2%2Fcategories&post=104686"},{"taxonomy":"post_tag","embeddable":true,"href":"https:\/\/ovelanalista.com\/index.php?rest_route=%2Fwp%2Fv2%2Ftags&post=104686"}],"curies":[{"name":"wp","href":"https:\/\/api.w.org\/{rel}","templated":true}]}}