{"id":104689,"date":"2024-09-28T14:24:55","date_gmt":"2024-09-28T20:24:55","guid":{"rendered":"https:\/\/ovelanalista.com\/?p=104689"},"modified":"2024-09-28T14:24:55","modified_gmt":"2024-09-28T20:24:55","slug":"suma-118-muertos-sinaloa-en-19-dias","status":"publish","type":"post","link":"https:\/\/ovelanalista.com\/?p=104689","title":{"rendered":"Suma 118 muertos Sinaloa en 19 d\u00edas"},"content":{"rendered":"<p>En tan s\u00f3lo 19 d\u00edas, Sinaloa ya sum\u00f3<strong>\u00a0118 cr\u00edmenes<\/strong>\u00a0en medio de la narcoguerra entre las facciones del<strong>\u00a0C\u00e1rtel de Sinaloa<\/strong>, tras la detenci\u00f3n de Ismael &#8220;El Mayo&#8221; Zambada.<\/p>\n<div id=\"Bloque_IN_SegundoTexto\">\n<div class=\"gr_texto_articulo\">Del 9 al 27 de septiembre, la confrontaci\u00f3n entre el grupo de ese capo con &#8216;Los Chapitos&#8217;, hijos de\u00a0<strong>Joaqu\u00edn &#8220;El Chapo&#8221; Guzm\u00e1n<\/strong>, ha dejado un promedio de seis muertes por d\u00eda, sobre todo en Culiac\u00e1n y alrededores.<\/p>\n<p>De acuerdo con la<strong>\u00a0Fiscal\u00eda de Sinaloa<\/strong>, en 2023 se contabilizaron 566 asesinatos, con lo que ahora, en menos de un mes, se registr\u00f3 m\u00e1s de una quinta parte de esa cifra.<\/p>\n<p>Las autoridades hab\u00edan reportado<strong>\u00a0350 homicidios<\/strong>\u00a0dolosos hasta agosto pasado, previo a esta guerra.<\/div>\n<\/div>\n<div id=\"Bloque_IN_TercerTexto\">\n<div class=\"gr_texto_articulo\">Entre los muertos hay cinco mujeres, dos militares, dos ex polic\u00edas municipales y al menos dos v\u00edctimas inocentes.<\/p>\n<p>En el caso de los\u00a0<strong>desaparecidos<\/strong>,<strong>\u00a0suman 135<\/strong>\u00a0v\u00edctimas en el mismo periodo.<\/div>\n<\/div>\n<div><\/div>\n<div>Con informaci\u00f3n de Reforma<\/div>\n","protected":false},"excerpt":{"rendered":"<p>En tan s\u00f3lo 19 d\u00edas, Sinaloa ya sum\u00f3\u00a0118 cr\u00edmenes\u00a0en medio de la narcoguerra entre las facciones del\u00a0C\u00e1rtel de Sinaloa, tras la detenci\u00f3n de Ismael &#8220;El Mayo&#8221; Zambada. Del 9 al 27 de septiembre, la confrontaci\u00f3n entre el grupo de ese capo con &#8216;Los Chapitos&#8217;, hijos de\u00a0Joaqu\u00edn &#8220;El Chapo&#8221; Guzm\u00e1n, ha dejado un promedio de seis muertes por d\u00eda, sobre todo en Culiac\u00e1n y alrededores. De acuerdo con la\u00a0Fiscal\u00eda de Sinaloa, en 2023 se contabilizaron 566 asesinatos, con lo que ahora, en menos de un mes, se registr\u00f3 m\u00e1s de una quinta parte de esa cifra. Las autoridades hab\u00edan reportado\u00a0350 homicidios\u00a0dolosos [&hellip;]<\/p>\n","protected":false},"author":3,"featured_media":104693,"comment_status":"open","ping_status":"open","sticky":false,"template":"","format":"standard","meta":{"_jetpack_newsletter_access":"","_jetpack_dont_email_post_to_subs":false,"_jetpack_newsletter_tier_id":0,"_jetpack_memberships_contains_paywalled_content":false,"_jetpack_feature_clip_id":0,"_jetpack_memberships_contains_paid_content":false,"footnotes":"","jetpack_publicize_message":"","jetpack_publicize_feature_enabled":true,"jetpack_social_post_already_shared":true,"jetpack_social_options":{"image_generator_settings":{"template":"highway","default_image_id":0,"font":"","enabled":false},"version":2},"jetpack_post_was_ever_published":false},"categories":[75,72],"tags":[],"class_list":["post-104689","post","type-post","status-publish","format-standard","has-post-thumbnail","hentry","category-nacional","category-portada","post--single"],"jetpack_publicize_connections":[],"jetpack_featured_media_url":"https:\/\/ovelanalista.com\/wp-content\/uploads\/2024\/09\/cinta.webp","jetpack_sharing_enabled":true,"_links":{"self":[{"href":"https:\/\/ovelanalista.com\/index.php?rest_route=\/wp\/v2\/posts\/104689","targetHints":{"allow":["GET"]}}],"collection":[{"href":"https:\/\/ovelanalista.com\/index.php?rest_route=\/wp\/v2\/posts"}],"about":[{"href":"https:\/\/ovelanalista.com\/index.php?rest_route=\/wp\/v2\/types\/post"}],"author":[{"embeddable":true,"href":"https:\/\/ovelanalista.com\/index.php?rest_route=\/wp\/v2\/users\/3"}],"replies":[{"embeddable":true,"href":"https:\/\/ovelanalista.com\/index.php?rest_route=%2Fwp%2Fv2%2Fcomments&post=104689"}],"version-history":[{"count":1,"href":"https:\/\/ovelanalista.com\/index.php?rest_route=\/wp\/v2\/posts\/104689\/revisions"}],"predecessor-version":[{"id":104695,"href":"https:\/\/ovelanalista.com\/index.php?rest_route=\/wp\/v2\/posts\/104689\/revisions\/104695"}],"wp:featuredmedia":[{"embeddable":true,"href":"https:\/\/ovelanalista.com\/index.php?rest_route=\/wp\/v2\/media\/104693"}],"wp:attachment":[{"href":"https:\/\/ovelanalista.com\/index.php?rest_route=%2Fwp%2Fv2%2Fmedia&parent=104689"}],"wp:term":[{"taxonomy":"category","embeddable":true,"href":"https:\/\/ovelanalista.com\/index.php?rest_route=%2Fwp%2Fv2%2Fcategories&post=104689"},{"taxonomy":"post_tag","embeddable":true,"href":"https:\/\/ovelanalista.com\/index.php?rest_route=%2Fwp%2Fv2%2Ftags&post=104689"}],"curies":[{"name":"wp","href":"https:\/\/api.w.org\/{rel}","templated":true}]}}