{"id":104691,"date":"2024-09-28T14:27:05","date_gmt":"2024-09-28T20:27:05","guid":{"rendered":"https:\/\/ovelanalista.com\/?p=104691"},"modified":"2024-09-28T14:27:05","modified_gmt":"2024-09-28T20:27:05","slug":"vinculan-a-proceso-y-dictan-prision-justificada-al-el-piyi-jefe-de-seguridad-del-lider-de-los-chapitos","status":"publish","type":"post","link":"https:\/\/ovelanalista.com\/?p=104691","title":{"rendered":"Vinculan a proceso y dictan prisi\u00f3n justificada al &#8220;El Piyi&#8221;, jefe de seguridad del l\u00edder de \u201cLos Chapitos\u201d"},"content":{"rendered":"<div class=\"sc__header mx-auto  lg:max-w-screen-lg \">\n<p class=\"subTitle text-2xl mb-5\">En audiencia se determin\u00f3 que hab\u00eda suficientes datos de prueba presentados por la FGR para proc\u00e9salo a \u00e9l y a sus c\u00f3mplices detenidos la semana pasada.<\/p>\n<p class=\"sc__font-paragraph\">Un juez de control vincul\u00f3 a proceso y dict\u00f3 prisi\u00f3n preventiva justificada contra Fernando P\u00e9rez Medina, &#8220;Piyi&#8221;, presunto jefe de seguridad de\u00a0<b>Iv\u00e1n Archivaldo Guzm\u00e1n Salazar<\/b>, l\u00edder de la facci\u00f3n de &#8220;<a href=\"https:\/\/www.eluniversal.com.mx\/estados\/detiene-a-el-piyi-operador-de-los-chapitos-en-culiacan-sinaloa\/\" target=\"_blank\" rel=\"noopener\" data-mrf-link=\"https:\/\/www.eluniversal.com.mx\/estados\/detiene-a-el-piyi-operador-de-los-chapitos-en-culiacan-sinaloa\/\"><b>Los Chapitos<\/b><\/a>&#8221; del\u00a0<a href=\"https:\/\/www.eluniversal.com.mx\/estados\/terror-en-sinaloa-levantamientos-ejecuciones-y-violencia-no-se-detienen-hay-dos-nuevos-homicidios\/\" target=\"_blank\" rel=\"noopener\" data-mrf-link=\"https:\/\/www.eluniversal.com.mx\/estados\/terror-en-sinaloa-levantamientos-ejecuciones-y-violencia-no-se-detienen-hay-dos-nuevos-homicidios\/\"><b>C\u00e1rtel de Sinaloa<\/b><\/a>, y a seis de sus c\u00f3mplices detenidos la semana pasada por la Guardia Nacional (GN) en la ciudad de Culiac\u00e1n.<\/p>\n<p class=\"sc__font-paragraph\">En audiencia de imputaci\u00f3n, el juzgador del Centro de Justicia Penal Federal, con residencia en Almoloya de Ju\u00e1rez, determin\u00f3 suficientes los datos de prueba presentados por la Fiscal\u00eda General de la Rep\u00fablica (<b>FGR<\/b>), a trav\u00e9s de la Fiscal\u00eda Especializada en materia de Delincuencia Organizada (FEMDO), para procesar al &#8220;Piyi&#8221; y sus c\u00f3mplices Kevin \u201cG\u201d, Carlos \u201cZ\u201d, Jos\u00e9 \u201cS\u201d, Cristian \u201cC\u201d, Jorge \u201cR\u201d, Mario \u201cG&#8221; por su probable responsabilidad en los delitos de portaci\u00f3n y acopio de\u00a0<b>armas de fuego<\/b>, posesi\u00f3n de cartuchos y cargadores, todos de uso exclusivo del\u00a0<b>Ej\u00e9rcito<\/b>, Armada y Fuerza A\u00e9rea; tambi\u00e9n se les acus\u00f3 de delitos contra la salud en la modalidad de posesi\u00f3n con fines de comercio, operaciones con recursos de procedencia il\u00edcita (lavado de dinero) en su modalidad de posesi\u00f3n, y cohecho.<\/p>\n<p>El 19 de septiembre pasado, derivado de una denuncia an\u00f3nima, en la localidad de El Alto, en Culiacancito, Sinaloa, elementos de la\u00a0<b>Guardia Nacional<\/b>\u00a0detuvieron a los imputados, en flagrancia al portar diversas armas de uso exclusivo del Ej\u00e9rcito, Armada y Fuerza A\u00e9rea, as\u00ed como cartuchos, cargadores y diversos\u00a0<b>narc\u00f3ticos<\/b>.<\/p>\n<p>Los siete presuntos integrantes del\u00a0<a href=\"https:\/\/www.eluniversal.com.mx\/tendencias\/las-corridos-de-peso-pluma-y-fuerza-regida-relacionadas-a-el-nini-jefe-de-seguridad-de-los-chapitos\/\" target=\"_blank\" rel=\"noopener\" data-mrf-link=\"https:\/\/www.eluniversal.com.mx\/tendencias\/las-corridos-de-peso-pluma-y-fuerza-regida-relacionadas-a-el-nini-jefe-de-seguridad-de-los-chapitos\/\"><b>C\u00e1rtel de Sinaloa<\/b><\/a><b>\u00a0<\/b>quedaron recluidos en el penal de m\u00e1xima seguridad del Altiplano, en el Estado de M\u00e9xico, y el juez de la causa otorg\u00f3 a la Fiscal\u00eda General de la Rep\u00fablica un plazo de cuatro meses de investigaci\u00f3n complementaria.<\/p>\n<p>Con informaci\u00f3n de El Universal<\/p>\n<\/div>\n<div class=\"story-image mx-auto  lg:max-w-screen-lg\"><picture class=\"story__pic block w-full justify-center flex\"><source class=\" lazyloading\" srcset=\"https:\/\/www.eluniversal.com.mx\/resizer\/v2\/5KM7RJKQHVCBRHW3MKMRC4WQKA.jpeg?auth=6334e112545a375059efaf1db6f1f1ef85a2800240f362c7df7f0e5a2aef2852&amp;smart=true&amp;width=300&amp;height=165\" media=\"(max-width: 360px)\" data-srcset=\"https:\/\/www.eluniversal.com.mx\/resizer\/v2\/5KM7RJKQHVCBRHW3MKMRC4WQKA.jpeg?auth=6334e112545a375059efaf1db6f1f1ef85a2800240f362c7df7f0e5a2aef2852&amp;smart=true&amp;width=300&amp;height=165\" \/><\/picture><\/div>\n","protected":false},"excerpt":{"rendered":"<p>En audiencia se determin\u00f3 que hab\u00eda suficientes datos de prueba presentados por la FGR para proc\u00e9salo a \u00e9l y a sus c\u00f3mplices detenidos la semana pasada. Un juez de control vincul\u00f3 a proceso y dict\u00f3 prisi\u00f3n preventiva justificada contra Fernando P\u00e9rez Medina, &#8220;Piyi&#8221;, presunto jefe de seguridad de\u00a0Iv\u00e1n Archivaldo Guzm\u00e1n Salazar, l\u00edder de la facci\u00f3n de &#8220;Los Chapitos&#8221; del\u00a0C\u00e1rtel de Sinaloa, y a seis de sus c\u00f3mplices detenidos la semana pasada por la Guardia Nacional (GN) en la ciudad de Culiac\u00e1n. En audiencia de imputaci\u00f3n, el juzgador del Centro de Justicia Penal Federal, con residencia en Almoloya de Ju\u00e1rez, determin\u00f3 [&hellip;]<\/p>\n","protected":false},"author":3,"featured_media":104696,"comment_status":"open","ping_status":"open","sticky":false,"template":"","format":"standard","meta":{"_jetpack_newsletter_access":"","_jetpack_dont_email_post_to_subs":false,"_jetpack_newsletter_tier_id":0,"_jetpack_memberships_contains_paywalled_content":false,"_jetpack_feature_clip_id":0,"_jetpack_memberships_contains_paid_content":false,"footnotes":"","jetpack_publicize_message":"","jetpack_publicize_feature_enabled":true,"jetpack_social_post_already_shared":true,"jetpack_social_options":{"image_generator_settings":{"template":"highway","default_image_id":0,"font":"","enabled":false},"version":2},"jetpack_post_was_ever_published":false},"categories":[90,72],"tags":[],"class_list":["post-104691","post","type-post","status-publish","format-standard","has-post-thumbnail","hentry","category-estatal","category-portada","post--single"],"jetpack_publicize_connections":[],"jetpack_featured_media_url":"https:\/\/ovelanalista.com\/wp-content\/uploads\/2024\/09\/Captura-de-Pantalla-2024-09-28-a-las-13.26.19.png","jetpack_sharing_enabled":true,"_links":{"self":[{"href":"https:\/\/ovelanalista.com\/index.php?rest_route=\/wp\/v2\/posts\/104691","targetHints":{"allow":["GET"]}}],"collection":[{"href":"https:\/\/ovelanalista.com\/index.php?rest_route=\/wp\/v2\/posts"}],"about":[{"href":"https:\/\/ovelanalista.com\/index.php?rest_route=\/wp\/v2\/types\/post"}],"author":[{"embeddable":true,"href":"https:\/\/ovelanalista.com\/index.php?rest_route=\/wp\/v2\/users\/3"}],"replies":[{"embeddable":true,"href":"https:\/\/ovelanalista.com\/index.php?rest_route=%2Fwp%2Fv2%2Fcomments&post=104691"}],"version-history":[{"count":1,"href":"https:\/\/ovelanalista.com\/index.php?rest_route=\/wp\/v2\/posts\/104691\/revisions"}],"predecessor-version":[{"id":104697,"href":"https:\/\/ovelanalista.com\/index.php?rest_route=\/wp\/v2\/posts\/104691\/revisions\/104697"}],"wp:featuredmedia":[{"embeddable":true,"href":"https:\/\/ovelanalista.com\/index.php?rest_route=\/wp\/v2\/media\/104696"}],"wp:attachment":[{"href":"https:\/\/ovelanalista.com\/index.php?rest_route=%2Fwp%2Fv2%2Fmedia&parent=104691"}],"wp:term":[{"taxonomy":"category","embeddable":true,"href":"https:\/\/ovelanalista.com\/index.php?rest_route=%2Fwp%2Fv2%2Fcategories&post=104691"},{"taxonomy":"post_tag","embeddable":true,"href":"https:\/\/ovelanalista.com\/index.php?rest_route=%2Fwp%2Fv2%2Ftags&post=104691"}],"curies":[{"name":"wp","href":"https:\/\/api.w.org\/{rel}","templated":true}]}}