{"id":104698,"date":"2024-09-28T14:31:56","date_gmt":"2024-09-28T20:31:56","guid":{"rendered":"https:\/\/ovelanalista.com\/?p=104698"},"modified":"2024-09-28T14:31:56","modified_gmt":"2024-09-28T20:31:56","slug":"la-decision-de-entregar-a-el-mayo-no-fue-correcta-amlo","status":"publish","type":"post","link":"https:\/\/ovelanalista.com\/?p=104698","title":{"rendered":"La decisi\u00f3n de entregar a \u201cEl Mayo\u201d no fue correcta: AMLO"},"content":{"rendered":"<header class=\"main-article--header\">\n<p class=\"bajada\">El presidente se\u00f1al\u00f3 que por esta acci\u00f3n Sinaloa est\u00e1 sumido actualmente en una ola de violencia, pero se busca que vuela la paz.<\/p>\n<p>El conflicto de\u00a0<a href=\"https:\/\/lasillarota.com\/temas\/sinaloa-1350.html\" target=\"_blank\" rel=\"noopener\"><strong>Sinaloa<\/strong><\/a>tiene lugar debido a que\u00a0<span class=\"marker\">la decisi\u00f3n de capturar a<strong>\u00a0Ismael \u201cEl Mayo\u201d Zambada\u00a0<\/strong>no fue la correcta\u00a0<\/span>y se fragu\u00f3 en el extranjero, se\u00f1al\u00f3 el presidente\u00a0<strong>Andr\u00e9s Manuel L\u00f3pez Obrador.<\/strong><\/p>\n<p>Aunque no dijo el nombre de quien fuera uno de los l\u00edderes del\u00a0<strong>C\u00e1rtel de Sinaloa<\/strong>, el presidente hizo alusi\u00f3n al hecho, pues fue a partir de la captura de\u00a0<strong>Zambada\u00a0<\/strong>que inici\u00f3 el conflicto entre\u00a0<strong>Los Chapitos y La Mayiza<\/strong>, el cual se acord\u00f3 desde el extranjero.<\/p>\n<p>El conflicto ha tenido lugar luego de que\u00a0<strong>Joaqu\u00edn Guzm\u00e1n L\u00f3pez<\/strong>, hijo de\u00a0<strong>Joaqu\u00edn \u201cEl Chapo\u201d Guzm\u00e1n\u201d<\/strong>, entreg\u00f3 al gobierno de Estados Unidos a\u00a0<strong>\u201cEl Mayo\u201d<\/strong>.<\/p>\n<p>Durante su visita a El Rosario para inaugurar los distritos de riego de la presa Santa Mar\u00eda, el presidente se refiri\u00f3 a los hechos de violencia que ocurren en el estado y se\u00f1al\u00f3 que, aunque todos en\u00a0<strong>Sinaloa\u00a0<\/strong>quieren la paz, el gobierno no quiere que nadie pierda la vida.<\/p>\n<blockquote><p>\u201cNo queremos que nadie pierda la vida. Nosotros lo que queremos es la paz y que todos podamos vivir con tranquilidad en nuestro pa\u00eds, por eso proclamamos el humanismo mexicano\u201d, manifest\u00f3.<\/p><\/blockquote>\n<p>Asimismo, se\u00f1al\u00f3 que el gobierno federal continuar\u00e1 en\u00a0<strong>Sinaloa\u00a0<\/strong>a trav\u00e9s de las fuerzas armadas para garantizar que los sinaloenses puedan vivir en armon\u00eda.<\/p>\n<blockquote><p>\u201cNos duelen todas las p\u00e9rdidas de vidas humanas y vamos a seguir participando en Sinaloa con las fuerzas armadas para evitar los choques, los enfrentamientos. Ojala se entienda que todos queremos vivir en paz\u201d, asegur\u00f3.<\/p><\/blockquote>\n<p>El presidente se\u00f1al\u00f3 que, a pesar de que el gobierno de Estados Unidos recomienda a sus nacionales no viajar a Sinaloa, \u00e9l seguir\u00e1 viniendo<\/p>\n<blockquote><p>\u201cLa embajada de Estados Unidos puso un warning para que la gente no venga, pero aqu\u00ed estamos, \u00bfc\u00f3mo no vamos a venir?\u201d, asever\u00f3.<\/p><\/blockquote>\n<div class=\"image-align-center\">\n<figure class=\"image\"><img decoding=\"async\" class=\"i-amphtml-fill-content i-amphtml-replaced-content\" src=\"https:\/\/lasillarota.com\/u\/fotografias\/m\/2024\/9\/27\/f768x1-643895_644022_5050.jpg\" alt=\"\" \/><figcaption>Ram\u00f3n Aispuro | Corresponsal LSR<\/figcaption><\/figure>\n<\/div>\n<h2>Mientras tanto, en Sinaloa\u2026<\/h2>\n<p>Esta tarde, mientras el presidente daba su discurso en la presa Santa Mar\u00eda, en Barras de Piaxtla, San Ignacio, se registr\u00f3 un\u00a0<strong>enfrentamiento entre civiles armados y elementos del Ej\u00e9rcito<\/strong>\u00a0cuyo saldo fue de un militar muerto, tres civiles heridos y uno m\u00e1s muerto.<\/p>\n<p>De acuerdo a la informaci\u00f3n oficial, el soldado ca\u00eddo fue trasladado muri\u00f3 en el hospital del Issste en Culiac\u00e1n, a donde hab\u00eda sido trasladado para recibir atenci\u00f3n m\u00e9dica.<\/p>\n<p>Los elementos del Ej\u00e9rcito, en conjunto con la Guardia Nacional, sostuvieron un\u00a0<strong>enfrentamiento\u00a0<\/strong>por varias horas contra una\u00a0<strong>c\u00e9lula del crimen organizado<\/strong>\u00a0cuyos miembros se trasladaban en varias camionetas.<\/p>\n<p>Al encontrarse con un convoy del Ej\u00e9rcito y la Guardia Nacional, se inici\u00f3 un\u00a0<strong>enfrentamiento\u00a0<\/strong>en el sitio, del cual todav\u00eda se desconocen los detalles.<\/p>\n<p>Se dijo que en el sitio quedaron varios veh\u00edculos abandonados con impactos de bala, en su mayor\u00eda camionetas de color blanco.<\/p>\n<\/header>\n<p>&nbsp;<\/p>\n<p>Con informaci\u00f3n de La Silla Rota<\/p>\n","protected":false},"excerpt":{"rendered":"<p>El presidente se\u00f1al\u00f3 que por esta acci\u00f3n Sinaloa est\u00e1 sumido actualmente en una ola de violencia, pero se busca que vuela la paz. El conflicto de\u00a0Sinaloatiene lugar debido a que\u00a0la decisi\u00f3n de capturar a\u00a0Ismael \u201cEl Mayo\u201d Zambada\u00a0no fue la correcta\u00a0y se fragu\u00f3 en el extranjero, se\u00f1al\u00f3 el presidente\u00a0Andr\u00e9s Manuel L\u00f3pez Obrador. Aunque no dijo el nombre de quien fuera uno de los l\u00edderes del\u00a0C\u00e1rtel de Sinaloa, el presidente hizo alusi\u00f3n al hecho, pues fue a partir de la captura de\u00a0Zambada\u00a0que inici\u00f3 el conflicto entre\u00a0Los Chapitos y La Mayiza, el cual se acord\u00f3 desde el extranjero. El conflicto ha tenido lugar [&hellip;]<\/p>\n","protected":false},"author":3,"featured_media":104700,"comment_status":"open","ping_status":"open","sticky":false,"template":"","format":"standard","meta":{"_jetpack_newsletter_access":"","_jetpack_dont_email_post_to_subs":false,"_jetpack_newsletter_tier_id":0,"_jetpack_memberships_contains_paywalled_content":false,"_jetpack_feature_clip_id":0,"_jetpack_memberships_contains_paid_content":false,"footnotes":"","jetpack_publicize_message":"","jetpack_publicize_feature_enabled":true,"jetpack_social_post_already_shared":true,"jetpack_social_options":{"image_generator_settings":{"template":"highway","default_image_id":0,"font":"","enabled":false},"version":2},"jetpack_post_was_ever_published":false},"categories":[90,75,72],"tags":[],"class_list":["post-104698","post","type-post","status-publish","format-standard","has-post-thumbnail","hentry","category-estatal","category-nacional","category-portada","post--single"],"jetpack_publicize_connections":[],"jetpack_featured_media_url":"https:\/\/ovelanalista.com\/wp-content\/uploads\/2024\/09\/mayo_amlo.webp","jetpack_sharing_enabled":true,"_links":{"self":[{"href":"https:\/\/ovelanalista.com\/index.php?rest_route=\/wp\/v2\/posts\/104698","targetHints":{"allow":["GET"]}}],"collection":[{"href":"https:\/\/ovelanalista.com\/index.php?rest_route=\/wp\/v2\/posts"}],"about":[{"href":"https:\/\/ovelanalista.com\/index.php?rest_route=\/wp\/v2\/types\/post"}],"author":[{"embeddable":true,"href":"https:\/\/ovelanalista.com\/index.php?rest_route=\/wp\/v2\/users\/3"}],"replies":[{"embeddable":true,"href":"https:\/\/ovelanalista.com\/index.php?rest_route=%2Fwp%2Fv2%2Fcomments&post=104698"}],"version-history":[{"count":1,"href":"https:\/\/ovelanalista.com\/index.php?rest_route=\/wp\/v2\/posts\/104698\/revisions"}],"predecessor-version":[{"id":104701,"href":"https:\/\/ovelanalista.com\/index.php?rest_route=\/wp\/v2\/posts\/104698\/revisions\/104701"}],"wp:featuredmedia":[{"embeddable":true,"href":"https:\/\/ovelanalista.com\/index.php?rest_route=\/wp\/v2\/media\/104700"}],"wp:attachment":[{"href":"https:\/\/ovelanalista.com\/index.php?rest_route=%2Fwp%2Fv2%2Fmedia&parent=104698"}],"wp:term":[{"taxonomy":"category","embeddable":true,"href":"https:\/\/ovelanalista.com\/index.php?rest_route=%2Fwp%2Fv2%2Fcategories&post=104698"},{"taxonomy":"post_tag","embeddable":true,"href":"https:\/\/ovelanalista.com\/index.php?rest_route=%2Fwp%2Fv2%2Ftags&post=104698"}],"curies":[{"name":"wp","href":"https:\/\/api.w.org\/{rel}","templated":true}]}}