{"id":104704,"date":"2024-09-28T14:35:24","date_gmt":"2024-09-28T20:35:24","guid":{"rendered":"https:\/\/ovelanalista.com\/?p=104704"},"modified":"2024-09-28T14:35:24","modified_gmt":"2024-09-28T20:35:24","slug":"accidente-en-la-autopista-saltillo-monterrey-deja-al-menos-4-muertos","status":"publish","type":"post","link":"https:\/\/ovelanalista.com\/?p=104704","title":{"rendered":"Accidente en la autopista Saltillo-Monterrey deja al menos 4 muertos"},"content":{"rendered":"<p>Protecci\u00f3n Civil de Nuevo Le\u00f3n inform\u00f3 que la autopista Saltillo-Monterrey fue cerrada a la circulaci\u00f3n en ambos sentidos tras el accidente.<\/p>\n<p>Un\u00a0<strong>accidente<\/strong>\u00a0este s\u00e1bado en la\u00a0<strong>autopista Saltillo-Monterrey<\/strong>, en\u00a0<strong>Santa Catarina<\/strong>, deja al menos\u00a0<strong>cuatro muertos<\/strong>\u00a0y dos personas m\u00e1s heridas.<\/p>\n<div class=\"fb-video\" data-href=\"https:\/\/www.facebook.com\/proteccioncivilnuevoleon\/videos\/872210038207007\/\" data-data-show-text=\"false\">\n<blockquote class=\"fb-xfbml-parse-ignore\" cite=\"https:\/\/www.facebook.com\/proteccioncivilnuevoleon\/videos\/872210038207007\/\"><p>\ud83d\udea8 Accidente vial con lesionados \ud83d\udea8<\/p>\n<p>Elementos de Protecci\u00f3n Civil Nuevo Le\u00f3n atienden en estos momentos reporte de accidente vial donde un tracto cami\u00f3n con carga con material para construccion se impacta contra una camioneta y trabajadores de la autopista posterior comienza a incendiar el tracto cami\u00f3n en Autopista A Saltillo\/Av Morones Prieto, Municipio de Santa Catarina NL.<\/p>\n<p>Bomberos de Nuevo Le\u00f3n logra sofocar dicho incendio.<\/p>\n<p>En el lugar se registran 2 lesionados trasladados y una persona con crisis de histeria valorada, se confirman 4 personas sin vida. Elementos contin\u00faan en la b\u00fasqueda de otro un trabajador el cual se encuentra desaparecido en lugar de los hechos<\/p>\n<p>Se mantiene cerrada la circulaci\u00f3n en ambos sentidos<\/p>\n<p>Actualizamos.<\/p>\n<p>Acude:<br \/>\n\u2022 Protecci\u00f3n Civil Nuevo Le\u00f3n<br \/>\n\u2022 Protecci\u00f3n Civil Santa Catarina<br \/>\n\u2022 Bomberos NL<br \/>\n\u2022 Cruz Roja<br \/>\n* \u2060CRUM<\/p>\n<p>Publicado por\u00a0<a href=\"https:\/\/www.facebook.com\/proteccioncivilnuevoleon\" target=\"_blank\" rel=\"noreferrer noopener\">Protecci\u00f3n Civil Nuevo Le\u00f3n<\/a>\u00a0en S\u00e1bado, 28 de septiembre de 2024<\/p><\/blockquote>\n<\/div>\n<p>Los hechos ocurrieron justo\u00a0en la curva que se ubica a la altura de la avenida Miguel Alem\u00e1n y la entrada a\u00a0<strong>La Huasteca<\/strong>, sitio a donde acudieron servicios de emergencia.<\/p>\n<p>Protecci\u00f3n Civil de Nuevo Le\u00f3n inform\u00f3 por redes sociales que un tracto cami\u00f3n se impact\u00f3 contra al menos una camioneta y trabajadores de la autopista.<\/p>\n<p>\u201cEn el lugar se registran 2 lesionados trasladados y una persona con crisis de histeria valorada, se confirman 4 personas sin vida\u201d, se indic\u00f3.<\/p>\n<p>\u201cElementos contin\u00faan en la b\u00fasqueda de otro un trabajador el cual se encuentra desaparecido en lugar de los hechos\u201d, puntualiz\u00f3.<\/p>\n<p>La dependencia estatal detall\u00f3 que se mantiene cerrada la circulaci\u00f3n en ambos sentidos tras este accidente.<\/p>\n<p>En el liugar de los hechos tambi\u00e9n se encuentran Protecci\u00f3n Civil Santa Catarina, Bomberos de Nuevo Le\u00f3n, Cruz Roja, y \u2060CRUM estatal.<\/p>\n<div class=\"col-12 col-lg-8\">\n<div class=\"article-content\">\n<div class=\"x11i5rnm xat24cr x1mh8g0r x1vvkbs xtlvy1s x126k92a\">\n<div dir=\"auto\">Con informaci\u00f3n de L\u00f3pez-D\u00f3riga Digital<\/div>\n<\/div>\n<\/div>\n<\/div>\n<div class=\"col-12 col-lg-4 d-none d-lg-block\">\n<div class=\"sidebar-content-area\">\n<div id=\"ros-box-a-66f867ea17825\" class=\"ad-container dfp-ad-unit ad-custom ad-boxbanner ad-slot\" data-ad-type=\"custom\" data-slot=\"ros-box-a\" data-ad-setup=\"{&quot;postID&quot;:1654779,&quot;css&quot;:&quot;ad-boxbanner&quot;,&quot;canRefresh&quot;:true,&quot;mappings&quot;:{&quot;sizes&quot;:[[300,250],[300,600]],&quot;desktop&quot;:[[300,250],[300,600]],&quot;mobile&quot;:[],&quot;all&quot;:[]},&quot;infinitescroll&quot;:false}\" data-ad-loaded=\"1\" data-google-query-id=\"CL3J6J6-5ogDFcLt9QId5gglOA\"><\/div>\n<\/div>\n<\/div>\n","protected":false},"excerpt":{"rendered":"<p>Protecci\u00f3n Civil de Nuevo Le\u00f3n inform\u00f3 que la autopista Saltillo-Monterrey fue cerrada a la circulaci\u00f3n en ambos sentidos tras el accidente. Un\u00a0accidente\u00a0este s\u00e1bado en la\u00a0autopista Saltillo-Monterrey, en\u00a0Santa Catarina, deja al menos\u00a0cuatro muertos\u00a0y dos personas m\u00e1s heridas. \ud83d\udea8 Accidente vial con lesionados \ud83d\udea8 Elementos de Protecci\u00f3n Civil Nuevo Le\u00f3n atienden en estos momentos reporte de accidente vial donde un tracto cami\u00f3n con carga con material para construccion se impacta contra una camioneta y trabajadores de la autopista posterior comienza a incendiar el tracto cami\u00f3n en Autopista A Saltillo\/Av Morones Prieto, Municipio de Santa Catarina NL. Bomberos de Nuevo Le\u00f3n logra sofocar [&hellip;]<\/p>\n","protected":false},"author":3,"featured_media":104705,"comment_status":"open","ping_status":"open","sticky":false,"template":"","format":"standard","meta":{"_jetpack_newsletter_access":"","_jetpack_dont_email_post_to_subs":false,"_jetpack_newsletter_tier_id":0,"_jetpack_memberships_contains_paywalled_content":false,"_jetpack_feature_clip_id":0,"_jetpack_memberships_contains_paid_content":false,"footnotes":"","jetpack_publicize_message":"","jetpack_publicize_feature_enabled":true,"jetpack_social_post_already_shared":true,"jetpack_social_options":{"image_generator_settings":{"template":"highway","default_image_id":0,"font":"","enabled":false},"version":2},"jetpack_post_was_ever_published":false},"categories":[75,72],"tags":[],"class_list":["post-104704","post","type-post","status-publish","format-standard","has-post-thumbnail","hentry","category-nacional","category-portada","post--single"],"jetpack_publicize_connections":[],"jetpack_featured_media_url":"https:\/\/ovelanalista.com\/wp-content\/uploads\/2024\/09\/accidente-autopista-saltillo-monterrey-4-muertos.webp","jetpack_sharing_enabled":true,"_links":{"self":[{"href":"https:\/\/ovelanalista.com\/index.php?rest_route=\/wp\/v2\/posts\/104704","targetHints":{"allow":["GET"]}}],"collection":[{"href":"https:\/\/ovelanalista.com\/index.php?rest_route=\/wp\/v2\/posts"}],"about":[{"href":"https:\/\/ovelanalista.com\/index.php?rest_route=\/wp\/v2\/types\/post"}],"author":[{"embeddable":true,"href":"https:\/\/ovelanalista.com\/index.php?rest_route=\/wp\/v2\/users\/3"}],"replies":[{"embeddable":true,"href":"https:\/\/ovelanalista.com\/index.php?rest_route=%2Fwp%2Fv2%2Fcomments&post=104704"}],"version-history":[{"count":1,"href":"https:\/\/ovelanalista.com\/index.php?rest_route=\/wp\/v2\/posts\/104704\/revisions"}],"predecessor-version":[{"id":104706,"href":"https:\/\/ovelanalista.com\/index.php?rest_route=\/wp\/v2\/posts\/104704\/revisions\/104706"}],"wp:featuredmedia":[{"embeddable":true,"href":"https:\/\/ovelanalista.com\/index.php?rest_route=\/wp\/v2\/media\/104705"}],"wp:attachment":[{"href":"https:\/\/ovelanalista.com\/index.php?rest_route=%2Fwp%2Fv2%2Fmedia&parent=104704"}],"wp:term":[{"taxonomy":"category","embeddable":true,"href":"https:\/\/ovelanalista.com\/index.php?rest_route=%2Fwp%2Fv2%2Fcategories&post=104704"},{"taxonomy":"post_tag","embeddable":true,"href":"https:\/\/ovelanalista.com\/index.php?rest_route=%2Fwp%2Fv2%2Ftags&post=104704"}],"curies":[{"name":"wp","href":"https:\/\/api.w.org\/{rel}","templated":true}]}}