{"id":104709,"date":"2024-09-28T14:45:26","date_gmt":"2024-09-28T20:45:26","guid":{"rendered":"https:\/\/ovelanalista.com\/?p=104709"},"modified":"2024-09-28T14:45:26","modified_gmt":"2024-09-28T20:45:26","slug":"barcena-pide-no-olvidar-el-asalto-de-la-embajada-de-mexico-en-ecuador","status":"publish","type":"post","link":"https:\/\/ovelanalista.com\/?p=104709","title":{"rendered":"B\u00e1rcena pide no olvidar el asalto de la Embajada de M\u00e9xico en Ecuador"},"content":{"rendered":"<p>Durante su participaci\u00f3n en la Asamblea de la ONU, la canciller Alicia Barcena pide no olvidar el asalto a al Embajada de M\u00e9xico en Ecuador.<\/p>\n<p>La<strong>\u00a0canciller de M\u00e9xico, Alicia B\u00e1rcena<\/strong>, reafirm\u00f3 este s\u00e1bado la condena al Gobierno de Ecuador por el asalto a la embajada mexicana en Quito ocurrido hace casi seis meses, y subray\u00f3 que la comunidad internacional no puede \u201colvidarlo ni normalizarlo\u201d.<\/p>\n<blockquote><p>Las instituciones y reglas que sostienen nuestro sistema internacional son la \u00faltima l\u00ednea antes de la barbarie\u201d, se\u00f1al\u00f3 B\u00e1rcena en su participaci\u00f3n en la\u00a0<a href=\"https:\/\/www.un.org\/es\/\" target=\"_blank\" rel=\"noopener noreferrer\">Asamblea General de la ONU<\/a>, desde la sede del organismo en Nueva York.<\/p><\/blockquote>\n<p>\u201cPor eso, condenamos en\u00e9rgicamente las flagrantes violaciones del actual Gobierno de Ecuador a las normas m\u00e1s b\u00e1sicas de convivencia internacional, a los principios de la Carta de las Naciones Unidas con el asalto ilegal y violento en nuestra embajada en Quito la noche del 5 de abril\u201d, expuso\u00a0<strong>B\u00e1rcena.<\/strong><\/p>\n<p>Asimismo, la canciller critic\u00f3 \u201cla agresi\u00f3n a los diplom\u00e1ticos y la sustracci\u00f3n il\u00edcita de una persona a quien M\u00e9xico otorg\u00f3 el asilo pol\u00edtico y que sigue preso y gravemente enfermo\u201d, en referencia a Jorge Glas, exvicepresidente en el Gobierno de Rafael Correa (2007-2017).<\/p>\n<blockquote><p>Reiteramos nuestro agradecimiento por la condena generalizada de este acto como comunidad internacional. No podemos olvidarlo ni normalizarlo\u201d, agreg\u00f3 B\u00e1rcena.<\/p><\/blockquote>\n<p>M\u00e9xico otorg\u00f3 asilo pol\u00edtico a Glas el 4 de abril pasado, y a la noche siguiente, el Gobierno ecuatoriano irrumpi\u00f3 en la embajada mexicana en Quito para aprehender al exvicepresidente.<\/p>\n<p>Ese episodio deriv\u00f3 en una crisis diplom\u00e1tica entre los dos pa\u00edses, que mantienen rotas sus relaciones y que tambi\u00e9n encaran un proceso por este mismo caso ante la Corte Internacional de Justicia (CIJ) de La Haya con acusaciones mutuas de contravenir el derecho internacional y tratados sobre relaciones diplom\u00e1ticas.<\/p>\n<p>Los hechos se produjeron en un momento de m\u00e1xima tensi\u00f3n en las relaciones entre las naciones, despu\u00e9s de que el Gobierno del presidente ecuatoriano, Daniel Noboa, hubiese expulsado a la embajadora mexicana por unas declaraciones de L\u00f3pez Obrador, sobre el asesinato del candidato Fernando Villavicencio y el efecto en los comicios ganados por el empresario de 36 a\u00f1os.<\/p>\n<p>Con informaci\u00f3n de EFE<\/p>\n<p>&nbsp;<\/p>\n","protected":false},"excerpt":{"rendered":"<p>Durante su participaci\u00f3n en la Asamblea de la ONU, la canciller Alicia Barcena pide no olvidar el asalto a al Embajada de M\u00e9xico en Ecuador. La\u00a0canciller de M\u00e9xico, Alicia B\u00e1rcena, reafirm\u00f3 este s\u00e1bado la condena al Gobierno de Ecuador por el asalto a la embajada mexicana en Quito ocurrido hace casi seis meses, y subray\u00f3 que la comunidad internacional no puede \u201colvidarlo ni normalizarlo\u201d. Las instituciones y reglas que sostienen nuestro sistema internacional son la \u00faltima l\u00ednea antes de la barbarie\u201d, se\u00f1al\u00f3 B\u00e1rcena en su participaci\u00f3n en la\u00a0Asamblea General de la ONU, desde la sede del organismo en Nueva York. [&hellip;]<\/p>\n","protected":false},"author":3,"featured_media":104714,"comment_status":"open","ping_status":"open","sticky":false,"template":"","format":"standard","meta":{"_jetpack_newsletter_access":"","_jetpack_dont_email_post_to_subs":false,"_jetpack_newsletter_tier_id":0,"_jetpack_memberships_contains_paywalled_content":false,"_jetpack_feature_clip_id":0,"_jetpack_memberships_contains_paid_content":false,"footnotes":"","jetpack_publicize_message":"","jetpack_publicize_feature_enabled":true,"jetpack_social_post_already_shared":true,"jetpack_social_options":{"image_generator_settings":{"template":"highway","default_image_id":0,"font":"","enabled":false},"version":2},"jetpack_post_was_ever_published":false},"categories":[75,72],"tags":[],"class_list":["post-104709","post","type-post","status-publish","format-standard","has-post-thumbnail","hentry","category-nacional","category-portada","post--single"],"jetpack_publicize_connections":[],"jetpack_featured_media_url":"https:\/\/ovelanalista.com\/wp-content\/uploads\/2024\/09\/Alicia-Ba\u0301rcena.webp","jetpack_sharing_enabled":true,"_links":{"self":[{"href":"https:\/\/ovelanalista.com\/index.php?rest_route=\/wp\/v2\/posts\/104709","targetHints":{"allow":["GET"]}}],"collection":[{"href":"https:\/\/ovelanalista.com\/index.php?rest_route=\/wp\/v2\/posts"}],"about":[{"href":"https:\/\/ovelanalista.com\/index.php?rest_route=\/wp\/v2\/types\/post"}],"author":[{"embeddable":true,"href":"https:\/\/ovelanalista.com\/index.php?rest_route=\/wp\/v2\/users\/3"}],"replies":[{"embeddable":true,"href":"https:\/\/ovelanalista.com\/index.php?rest_route=%2Fwp%2Fv2%2Fcomments&post=104709"}],"version-history":[{"count":1,"href":"https:\/\/ovelanalista.com\/index.php?rest_route=\/wp\/v2\/posts\/104709\/revisions"}],"predecessor-version":[{"id":104715,"href":"https:\/\/ovelanalista.com\/index.php?rest_route=\/wp\/v2\/posts\/104709\/revisions\/104715"}],"wp:featuredmedia":[{"embeddable":true,"href":"https:\/\/ovelanalista.com\/index.php?rest_route=\/wp\/v2\/media\/104714"}],"wp:attachment":[{"href":"https:\/\/ovelanalista.com\/index.php?rest_route=%2Fwp%2Fv2%2Fmedia&parent=104709"}],"wp:term":[{"taxonomy":"category","embeddable":true,"href":"https:\/\/ovelanalista.com\/index.php?rest_route=%2Fwp%2Fv2%2Fcategories&post=104709"},{"taxonomy":"post_tag","embeddable":true,"href":"https:\/\/ovelanalista.com\/index.php?rest_route=%2Fwp%2Fv2%2Ftags&post=104709"}],"curies":[{"name":"wp","href":"https:\/\/api.w.org\/{rel}","templated":true}]}}