{"id":104727,"date":"2024-09-30T09:31:47","date_gmt":"2024-09-30T15:31:47","guid":{"rendered":"https:\/\/ovelanalista.com\/?p=104727"},"modified":"2024-09-30T09:31:47","modified_gmt":"2024-09-30T15:31:47","slug":"el-legado-de-amlo","status":"publish","type":"post","link":"https:\/\/ovelanalista.com\/?p=104727","title":{"rendered":"El Legado de AMLO"},"content":{"rendered":"<div><strong>Alguien Tiene que Decirlo\u00a0<\/strong><\/div>\n<div><\/div>\n<div><\/div>\n<div><\/div>\n<div><strong>Samuel Sarmiento<\/strong><\/div>\n<div><\/div>\n<div><\/div>\n<div>En 24 horas iniciar\u00e1 una nueva etapa de la vida nacional. Este 1ro de octubre tomar\u00e1 protesta la primera Presidenta de M\u00e9xico, Claudia Sheinbaum Pardo e impondr\u00e1 un nuevo estilo de ejercer el poder pol\u00edtico, surgiendo as\u00ed, nuevas prioridades, una nueva relaci\u00f3n entre el gobierno y los gobernados, entre los que cobran y los que pagan impuestos y una nueva visi\u00f3n de M\u00e9xico a nivel internacional, particularmente con nuestros socios comerciales y con aquellos pa\u00edses con quienes tienen afinidades pol\u00edticas.<\/div>\n<div>En este sentido, la pregunta es: \u00bfcu\u00e1les son los activos y pasivos que deja L\u00f3pez Obrador en materia econ\u00f3mica?<\/div>\n<div>Positivo. M\u00e9xico es la 9na econom\u00eda del mundo. En el 2018, la econom\u00eda nacional generaba 1.1 billones de d\u00f3lares y eso nos ubicaba en el lugar 15 entre las econom\u00edas m\u00e1s desarrolladas y para el 2024, la econom\u00eda mexicana creci\u00f3 a 1.8 billones de d\u00f3lares, lo que nos convierte en la 9na potencia econ\u00f3mica.<\/div>\n<div>Negativo. A pesar de lo anterior, la econom\u00eda tuvo el peor desempe\u00f1o de los \u00faltimos 4 sexenios. No se cumpli\u00f3 la promesa de que la econom\u00eda mexicana creciera al 6% promedio anual, ni al 4% del Plan Nacional de Desarrollo 2019-2024. Sino que en realidad, crecimos 1.1% promedio anual, lo que significa la mitad del sexenio anterior.<\/div>\n<div>Y si no hay crecimiento econ\u00f3mico tampoco puede haber generaci\u00f3n de empleos de buena calidad. A lo largo del sexenio se crearon 1.2 millones de empleos anuales, la mayor parte son empleos informales con bajos salarios y sin prestaciones laborales.<\/div>\n<div>Hoy, M\u00e9xico tiene los peores salarios de los 34 pa\u00edses que integran la Organizaci\u00f3n para la Cooperaci\u00f3n y el Desarrollo Econ\u00f3mico (OCDE).<\/div>\n<div>Negativo. La deuda p\u00fablica creci\u00f3 49% con L\u00f3pez Obrador. Pero, quiz\u00e1 lo peor es que le siguen mintiendo a los ciudadanos, dici\u00e9ndoles que no ha endeudado al pa\u00eds. Ya que, seg\u00fan los datos de la Secretar\u00eda de Hacienda y Cr\u00e9dito P\u00fablico (SHCP), la deuda p\u00fablica, interna y externa, pas\u00f3 de 11.0 billones a 16.5 billones de pesos durante los 6 a\u00f1os. Por ejemplo, para este 2024, 1 de cada 5 pesos del presupuesto del gobierno federal es deuda.<\/div>\n<div>Positivo. M\u00e9xico es el principal socio comercial de Estados Unidos, desplazando a Canad\u00e1 y China.<\/div>\n<div>Las exportaciones de M\u00e9xico al mundo aumentaron 38% en el sexenio y particularmente con Estados Unidos y Canad\u00e1 crecieron 46% y 37%, respectivamente.<\/div>\n<div>Negativo. Fueron un desastre las pol\u00edticas del campo y el resultado es la disminuci\u00f3n de la producci\u00f3n de granos y el aumento de las importaciones.<\/div>\n<div>Este a\u00f1o, el presupuesto de la Secretar\u00eda de Desarrollo Rural (SADER), es de 74,110 millones de pesos, eso significa que en los 6 a\u00f1os, aument\u00f3 s\u00f3lo 2.8%, comparado con el 72% que aument\u00f3 el Presupuesto de Egresos de la Federaci\u00f3n. Ah\u00ed est\u00e1 la nula importancia del campo.<\/div>\n<div>Eliminaron casi 30 programas del campo y la Financiera Nacional, reduciendo los apoyos y la oferta de cr\u00e9dito para los productores.<\/div>\n<div>Y la consecuencia es que este a\u00f1o se importar\u00e1n 23 millones de toneladas de ma\u00edz, un aumento del 40% en el sexenio.<\/div>\n<div>Adem\u00e1s, estamos importando el 82% del arroz que consumimos, el 65% del trigo panificable, 41% de la carne de cerdo, 33% del frijol, 24% de la leche, 23% del pollo y el 7% de la ca\u00f1a de az\u00facar.<\/div>\n<div>Lo anterior, sin considerar que los programas que se crearon s\u00f3lo fomentaron la corrupci\u00f3n y el mejor ejemplo es SEGALMEX.<\/div>\n<div>Por eso, le pregunto estimado lector: \u00bfc\u00f3mo recordar\u00e1 el sexenio de L\u00f3pez Obrador, por los programas sociales, el endeudamiento, la corrupci\u00f3n de SEGALMEX, la gasolina a $25, \u201cpor sus otros datos\u201d o por su pol\u00edtica de \u201cabrazos no balazos\u201d, a prop\u00f3sito del Culiacanazo 4.0?<\/div>\n","protected":false},"excerpt":{"rendered":"<p>Alguien Tiene que Decirlo\u00a0 Samuel Sarmiento En 24 horas iniciar\u00e1 una nueva etapa de la vida nacional. Este 1ro de octubre tomar\u00e1 protesta la primera Presidenta de M\u00e9xico, Claudia Sheinbaum Pardo e impondr\u00e1 un nuevo estilo de ejercer el poder pol\u00edtico, surgiendo as\u00ed, nuevas prioridades, una nueva relaci\u00f3n entre el gobierno y los gobernados, entre los que cobran y los que pagan impuestos y una nueva visi\u00f3n de M\u00e9xico a nivel internacional, particularmente con nuestros socios comerciales y con aquellos pa\u00edses con quienes tienen afinidades pol\u00edticas. En este sentido, la pregunta es: \u00bfcu\u00e1les son los activos y pasivos que deja [&hellip;]<\/p>\n","protected":false},"author":3,"featured_media":92501,"comment_status":"open","ping_status":"open","sticky":false,"template":"","format":"standard","meta":{"_jetpack_newsletter_access":"","_jetpack_dont_email_post_to_subs":false,"_jetpack_newsletter_tier_id":0,"_jetpack_memberships_contains_paywalled_content":false,"_jetpack_feature_clip_id":0,"_jetpack_memberships_contains_paid_content":false,"footnotes":"","jetpack_publicize_message":"","jetpack_publicize_feature_enabled":true,"jetpack_social_post_already_shared":true,"jetpack_social_options":{"image_generator_settings":{"template":"highway","default_image_id":0,"font":"","enabled":false},"version":2},"jetpack_post_was_ever_published":false},"categories":[79],"tags":[],"class_list":["post-104727","post","type-post","status-publish","format-standard","has-post-thumbnail","hentry","category-columnistas-nacionales","post--single"],"jetpack_publicize_connections":[],"jetpack_featured_media_url":"https:\/\/ovelanalista.com\/wp-content\/uploads\/2024\/03\/1SAMUEL-SARMIENTO-300x150-1.png","jetpack_sharing_enabled":true,"_links":{"self":[{"href":"https:\/\/ovelanalista.com\/index.php?rest_route=\/wp\/v2\/posts\/104727","targetHints":{"allow":["GET"]}}],"collection":[{"href":"https:\/\/ovelanalista.com\/index.php?rest_route=\/wp\/v2\/posts"}],"about":[{"href":"https:\/\/ovelanalista.com\/index.php?rest_route=\/wp\/v2\/types\/post"}],"author":[{"embeddable":true,"href":"https:\/\/ovelanalista.com\/index.php?rest_route=\/wp\/v2\/users\/3"}],"replies":[{"embeddable":true,"href":"https:\/\/ovelanalista.com\/index.php?rest_route=%2Fwp%2Fv2%2Fcomments&post=104727"}],"version-history":[{"count":1,"href":"https:\/\/ovelanalista.com\/index.php?rest_route=\/wp\/v2\/posts\/104727\/revisions"}],"predecessor-version":[{"id":104730,"href":"https:\/\/ovelanalista.com\/index.php?rest_route=\/wp\/v2\/posts\/104727\/revisions\/104730"}],"wp:featuredmedia":[{"embeddable":true,"href":"https:\/\/ovelanalista.com\/index.php?rest_route=\/wp\/v2\/media\/92501"}],"wp:attachment":[{"href":"https:\/\/ovelanalista.com\/index.php?rest_route=%2Fwp%2Fv2%2Fmedia&parent=104727"}],"wp:term":[{"taxonomy":"category","embeddable":true,"href":"https:\/\/ovelanalista.com\/index.php?rest_route=%2Fwp%2Fv2%2Fcategories&post=104727"},{"taxonomy":"post_tag","embeddable":true,"href":"https:\/\/ovelanalista.com\/index.php?rest_route=%2Fwp%2Fv2%2Ftags&post=104727"}],"curies":[{"name":"wp","href":"https:\/\/api.w.org\/{rel}","templated":true}]}}