{"id":104729,"date":"2024-09-30T09:32:05","date_gmt":"2024-09-30T15:32:05","guid":{"rendered":"https:\/\/ovelanalista.com\/?p=104729"},"modified":"2024-09-30T09:32:05","modified_gmt":"2024-09-30T15:32:05","slug":"hereda-amlo-su-politica-de-abrazos-no-balazos-las-perdidas-por-la-guerra-son-enormes-y-variadas-nos-fallo-el-canciller","status":"publish","type":"post","link":"https:\/\/ovelanalista.com\/?p=104729","title":{"rendered":"Hereda AMLO su pol\u00edtica de abrazos, no balazos; las p\u00e9rdidas por la guerra son enormes y variadas; nos fall\u00f3 el canciller"},"content":{"rendered":"<p><strong>DOMINGRILLA<\/strong><\/p>\n<p><strong>FRANCISCO CHIQUETE\u00a0<\/strong><\/p>\n<p>De algunos presidentes salientes se pudiera decir que fueron ajenos a la finitud de su tiempo, pero no de Andr\u00e9s Manuel L\u00f3pez Obrador. Precisamente porque sabe que ya se va, el viernes refrend\u00f3 su disposici\u00f3n transexenal de que la pol\u00edtica de seguridad debe seguir la premisa de abrazos, no balazos, traducida en \u201catender las causas y no combatir fuego con m\u00e1s fuego\u201d.<br \/>\nSu discurso del viernes en Rosario fue verdaderamente indignante. Ajeno a la realidad que vive el estado, dijo que el ej\u00e9rcito ya trabaja en la pacificaci\u00f3n de Sinaloa, con la instrucci\u00f3n \u201cque parece contradictoria\u201d de evitar los enfrentamientos. \u201cEl mal hay que enfrentarlo haciendo el bien, pero si el mal no entiende de que por encima de todo est\u00e1 el pueblo, el inter\u00e9s popular, entonces s\u00ed se hace sentir el estado, es decir, entonces s\u00ed se tiene que poner orden lo que ya se est\u00e1 haciendo aqu\u00ed en Sinaloa\u201d.<br \/>\n\u00bfA d\u00f3nde, se\u00f1or presidente? A 30 kil\u00f3metros de donde se realiz\u00f3 el acto inaugural que lo trajo a nuestro estado, sigue incendiado el municipio de Concordia; m\u00e1s adelante la maxipista Mazatl\u00e1n-Durango fue bloqueada con camiones incendiados. Cientos de pasajeros fueron bajados por los delincuentes para usar los veh\u00edculos como piras. Pocas horas despu\u00e9s, a las tres de la ma\u00f1ana del s\u00e1bado, se hizo lo mismo en la autopista Mazatl\u00e1n-Culiac\u00e1n, bloqueada por en\u00e9sima vez en estas tres semanas de guerra. Cuando pudieron abrir el paso, descubrieron cinco cad\u00e1veres.<br \/>\nSi el presidente cree que todav\u00eda tenemos tiempo para sentarnos a esperar los resultados de su experimento humanitario, se equivoca. Cien muertes violentas en este breve periodo son m\u00e1s que suficientes para darse cuenta de que por ah\u00ed no va la cosa.<br \/>\nLo grave es que a estas alturas deber\u00edamos estar discutiendo las propuestas de gobierno de la presidenta electa, no las teor\u00edas fracasadas de Andr\u00e9s Manuel L\u00f3pez Obrador. Doscientos mil asesinatos en el transcurso de su sexenio son prueba irrefutable que en cualquier otra naci\u00f3n habr\u00eda sido suficiente para revisar las estrategias y hasta cambiar a sus ejecutantes, pero en el pa\u00eds de la cuarta transformaci\u00f3n nada de eso es posible.<br \/>\nSi al presidente le gusta tanto la pol\u00edtica vintage, en que se reciclan los enfrentamientos de liberales contra conservadores y se pon\u00eda la honra de un pa\u00eds en la libertad de alg\u00fan delincuente, debe haberle alegrado saber que los narcos sinaloenses recuperaron la vieja pr\u00e1ctica de volantear desde avionetas.<br \/>\nEn 1914 hubo v\u00edctimas del primer bombardeo a\u00e9reo, durante el sitio de los constitucionalistas a Mazatl\u00e1n. Las p\u00e9rdidas fueron mayores porque toda la gente sol\u00eda correr tras las nubes de papeles que se dejaban caer desde el aire. En mi remot\u00edsima infancia tambi\u00e9n correte\u00e1bamos la ruta de los aviones a la espera de que \u201cechara papeles\u201d de alg\u00fan circo u otro espect\u00e1culo que se estuviese promoviendo. El viernes, antes que AMLO llegara a Sinaloa, fueron los narcos quienes utilizaron avionetas para soltar su mensaje contra los oponentes en las principales ciudades de la entidad. Algo admiraba a los estudiosos: la habilidad de los nuevos cuadros de la delincuencia organizada para utilizar las redes sociales en su prop\u00f3sito de sembrar el terror. Hoy vemos que son multitask, y tambi\u00e9n recurren a las pr\u00e1cticas antiguas.<br \/>\n\u00bfY el gobierno? \u00a1Bien, gracias! Esperando a que los muchachos dejen de ser halcones, punteros o sicarios porque se les otorgan becas por estudiar y hasta por no estudiar. \u00bfDe veras cree, se\u00f1or presidente, que haciendo el bien de esa manera queda usted exento de hacer el bien librando a los ciudadanos de la amenaza delictiva con acciones concretas?<br \/>\nDoce a\u00f1os de burlarse de la falla de Felipe Calder\u00f3n en su desastrosa guerra contra el narco, han marcado a este gobierno, que escogi\u00f3 la inmovilidad.<br \/>\nPero insistamos. \u00bfTambi\u00e9n la presidenta electa sostiene ese criterio?<br \/>\nNO NOM\u00c1S LAS<br \/>\nBALACERAS<br \/>\nSe supone que Mazatl\u00e1n est\u00e1 fuera del epicentro de esta guerra, que los puntos \u201cfocalizados\u201d en que ocurren los enfrentamientos no incluyen a nuestra ciudad, pero los taponamientos a las carreteras nos tienen con gran pendiente; los levantones de j\u00f3venes se difunden a la orden del d\u00eda; las amenazas reales o supuestas abundan, generando problemas emocionales muy serios a la poblaci\u00f3n en general.<br \/>\nAl principio vimos un video a\u00e9reo de las calles de La Cruz de Elota. Solas, tan quietas que ni los perros se atravesaban. Ni siquiera las aves fueron avistadas por los drones. Luego vimos un video de Culiac\u00e1n, de esta semana. El Centro de la Ciudad, el Callej\u00f3n del \u00c1ngel tan bullicioso, los bulevares del Tres R\u00edos, todos solitarios a las siete de la noche.<br \/>\nYa son cientos los comercios afectados, que ven comprometida su posibilidad de subsistir. Alguien con mucho ingenio defini\u00f3 esa situaci\u00f3n como \u201cnarcopandemia\u201d, en recuerdo de los da\u00f1os econ\u00f3micos que provoc\u00f3 el encierro a que nos forz\u00f3 la presencia del Covid. Las p\u00e9rdidas son por miles de millones de pesos.<br \/>\nEste viernes, Sinaloa en L\u00ednea hizo un recorrido visual por las calles del Centro Hist\u00f3rico: la Plazuela Machado, siempre atestada durante el fin de semana, estaba sola como pocas veces. Algunos chamacos que parec\u00edan m\u00e1s inconscientes que divertidos, pero no mucho m\u00e1s. Las mesas de los restaurantes y bares estaban desoladas. Por la zona de la Marina el s\u00e1bado fue de afluencia regular en el transcurso del d\u00eda, pero cay\u00f3 por la noche porque subsisten rumores hasta ahora infundados de que hay movimiento de gente armada por la zona norte de la ciudad.<br \/>\nLa hoteler\u00eda de Culiac\u00e1n confiesa que le han cancelado el 90 por ciento de las reservaciones que ten\u00eda para esta parte del mes y los festejos por el 493 aniversario de la fundaci\u00f3n de Culiac\u00e1n se suspendieron tambi\u00e9n. Eso s\u00ed: los organizadores de la Feria Ganadera siguen ofreciendo boletos para el palenque, en que tienen programados a los principales exponentes de la narcom\u00fasica. De aqu\u00ed a noviembre, deben calcular, ya surti\u00f3 efectos la pol\u00edtica de combatir el mal con buenas acciones.<br \/>\nDIPUTADOS:<br \/>\nUN D\u00cdA MENOS<br \/>\nEste lunes 30 de septiembre se instalar\u00e1 la nueva legislatura del Congreso del Estado -la LXV-. Como se sabe, es un d\u00eda antes de lo que marca la ley, porque ni los salientes ni los entrantes quisieron coincidir con la toma de protesta de la presidenta Claudia Sheinbaum, que ocurre el primero de octubre, como debi\u00f3 ocurrir la instalaci\u00f3n de los nuevos diputados.<br \/>\nLa \u00fanica raz\u00f3n real de este cambio es que no quisieron hacer la ceremonia sin la presencia del gobernador Rub\u00e9n Rocha Moya, quien s\u00ed tiene la obligaci\u00f3n y el inter\u00e9s de estar presente en la ceremonia del relevo presidencial. Los diputados entrantes y salientes carecen hasta de invitaci\u00f3n a la ceremonia, con la excepci\u00f3n quiz\u00e1 del presidente de la Junta de Coordinaci\u00f3n Pol\u00edtica, lo que por cierto se complica por el relevo local que se produce cuando ya las invitaciones fueron extendidas.<br \/>\nPregunta ociosa: \u00bfel d\u00eda se va a pagar a los diputados salientes o a los entrantes?<br \/>\nPARECE QUE<br \/>\nS\u00cd SE LE HACE<br \/>\nTodos los trascendidos indican que a Feliciano Castro Mel\u00e9ndrez se le har\u00e1 alcanzar el cargo de secretario general de gobierno, pero todav\u00eda hay quienes advierten que si el viernes cuatro de octubre todav\u00eda no rinde protesta, es porque Enrique Inzunza C\u00e1zares le gan\u00f3 la partida y le aplic\u00f3 el cordonazo de San Francisco.<br \/>\nEn cambio el que anda alucinando con que a lo mejor su padrino s\u00ed le cumple, es el alcalde de Mazatl\u00e1n Edgar Augusto Gonz\u00e1lez Zatar\u00e1in, quien ya presume que tiene cargo asegurado, pero ni confirma ni desmiente que sea la secretar\u00eda general. \u201cno me han dicho a d\u00f3nde\u201d, alega con sus amigos.<br \/>\nEntre los movimientos que est\u00e1n por concretarse est\u00e1 el destino de la Secretar\u00eda de Turismo. Ya el gobernador adelant\u00f3 desde hace mucho que estaba destinada para una mujer, probablemente diputada en funciones, y m\u00e1s recientemente solt\u00f3 que est\u00e1n pensando en \u201chacer un movimiento por ah\u00ed\u201d.<br \/>\nAl parecer se trata de degradar la dependencia a subsecretar\u00eda, para que dependa de Econom\u00eda, lo que por supuesto generar\u00eda mucho malestar en Mazatl\u00e1n, aunque eso no parce ser preocupante. La explicaci\u00f3n es la que siempre se da en la 4T: ahorros presupuestales. La verdad es que el turismo no es uno de los asuntos que les quite el sue\u00f1o a los culichis, y hacen mal, porque no han sacado cuentas sobre lo que significa el Producto Interno Bruto generado por el turismo en Sinaloa. Ya en algina ocasi\u00f3n ha superado a la agricultura, y con la debacle de los precios y la falta de agua, puede volver a ocurrir.<br \/>\nSEGUNDA DECEPCI\u00d3N<br \/>\nLa primera parte del gabinete de Claudia Sheinbaum hizo abrigar esperanzas sobre un cambio importante en las pol\u00edticas p\u00fablicas que no tuvieran qu\u00e9 ver con los programas sociales. Ya la segunda parte y las posteriores fueron una decepci\u00f3n absoluta. Nom\u00e1s falt\u00f3 la ratificaci\u00f3n de Manuel Bartlett o de Ignacio Ovalle, pero muchos de los l\u00f3pezobradoristas cuestionados est\u00e1n ah\u00ed.<br \/>\nAhora viene otra: uno de los nombres mejor recibidos fue el del pr\u00f3ximo canciller, Juan Ram\u00f3n de la Fuente. Con alguien de su nivel y trayectoria, pensamos muchos, se acabaron las ocurrencias y caprichos en las relaciones exteriores de nuestro pa\u00eds.<br \/>\nPero antes de tomar protesta ya le metieron el primer gol: el esc\u00e1ndalo de la exclusi\u00f3n al rey de Espa\u00f1a en las invitaciones a la toma de protesta. Muchos seguidores de AMLO festinan y advierten que ning\u00fan rey es bienvenido a M\u00e9xico y se envuelven en el huipil de la patria ind\u00edgena. La soberbia de Felipe VI puede caernos como patada de mula, pero es el jefe del estado espa\u00f1ol y no tenemos por qu\u00e9 andar sac\u00e1ndole la lengua a todo el que se nos ocurra. El mundo se maneja de modo distinto al siglo XIX, en que parece instalada la clase pol\u00edtica morenista. El valor de un personaje como De la Fuente era precisamente el respeto a su trayectoria, que le permitir\u00eda decir a la presidenta lo que se puede y lo que no se puede hacer, pero ha preferido callar, igual que hizo Ebrard e igual que han hecho muchos de los cancilleres anteriores.<br \/>\nL\u00e1stima por su trayectoria y por el pa\u00eds.<\/p>\n","protected":false},"excerpt":{"rendered":"<p>DOMINGRILLA FRANCISCO CHIQUETE\u00a0 De algunos presidentes salientes se pudiera decir que fueron ajenos a la finitud de su tiempo, pero no de Andr\u00e9s Manuel L\u00f3pez Obrador. Precisamente porque sabe que ya se va, el viernes refrend\u00f3 su disposici\u00f3n transexenal de que la pol\u00edtica de seguridad debe seguir la premisa de abrazos, no balazos, traducida en \u201catender las causas y no combatir fuego con m\u00e1s fuego\u201d. Su discurso del viernes en Rosario fue verdaderamente indignante. Ajeno a la realidad que vive el estado, dijo que el ej\u00e9rcito ya trabaja en la pacificaci\u00f3n de Sinaloa, con la instrucci\u00f3n \u201cque parece contradictoria\u201d de [&hellip;]<\/p>\n","protected":false},"author":3,"featured_media":92502,"comment_status":"open","ping_status":"open","sticky":false,"template":"","format":"standard","meta":{"_jetpack_newsletter_access":"","_jetpack_dont_email_post_to_subs":false,"_jetpack_newsletter_tier_id":0,"_jetpack_memberships_contains_paywalled_content":false,"_jetpack_feature_clip_id":0,"_jetpack_memberships_contains_paid_content":false,"footnotes":"","jetpack_publicize_message":"","jetpack_publicize_feature_enabled":true,"jetpack_social_post_already_shared":true,"jetpack_social_options":{"image_generator_settings":{"template":"highway","default_image_id":0,"font":"","enabled":false},"version":2},"jetpack_post_was_ever_published":false},"categories":[79],"tags":[],"class_list":["post-104729","post","type-post","status-publish","format-standard","has-post-thumbnail","hentry","category-columnistas-nacionales","post--single"],"jetpack_publicize_connections":[],"jetpack_featured_media_url":"https:\/\/ovelanalista.com\/wp-content\/uploads\/2024\/03\/1DOMINGRILLA-1-300x188-1.png","jetpack_sharing_enabled":true,"_links":{"self":[{"href":"https:\/\/ovelanalista.com\/index.php?rest_route=\/wp\/v2\/posts\/104729","targetHints":{"allow":["GET"]}}],"collection":[{"href":"https:\/\/ovelanalista.com\/index.php?rest_route=\/wp\/v2\/posts"}],"about":[{"href":"https:\/\/ovelanalista.com\/index.php?rest_route=\/wp\/v2\/types\/post"}],"author":[{"embeddable":true,"href":"https:\/\/ovelanalista.com\/index.php?rest_route=\/wp\/v2\/users\/3"}],"replies":[{"embeddable":true,"href":"https:\/\/ovelanalista.com\/index.php?rest_route=%2Fwp%2Fv2%2Fcomments&post=104729"}],"version-history":[{"count":1,"href":"https:\/\/ovelanalista.com\/index.php?rest_route=\/wp\/v2\/posts\/104729\/revisions"}],"predecessor-version":[{"id":104731,"href":"https:\/\/ovelanalista.com\/index.php?rest_route=\/wp\/v2\/posts\/104729\/revisions\/104731"}],"wp:featuredmedia":[{"embeddable":true,"href":"https:\/\/ovelanalista.com\/index.php?rest_route=\/wp\/v2\/media\/92502"}],"wp:attachment":[{"href":"https:\/\/ovelanalista.com\/index.php?rest_route=%2Fwp%2Fv2%2Fmedia&parent=104729"}],"wp:term":[{"taxonomy":"category","embeddable":true,"href":"https:\/\/ovelanalista.com\/index.php?rest_route=%2Fwp%2Fv2%2Fcategories&post=104729"},{"taxonomy":"post_tag","embeddable":true,"href":"https:\/\/ovelanalista.com\/index.php?rest_route=%2Fwp%2Fv2%2Ftags&post=104729"}],"curies":[{"name":"wp","href":"https:\/\/api.w.org\/{rel}","templated":true}]}}