{"id":104763,"date":"2024-09-30T11:10:13","date_gmt":"2024-09-30T17:10:13","guid":{"rendered":"https:\/\/ovelanalista.com\/?p=104763"},"modified":"2024-09-30T11:00:35","modified_gmt":"2024-09-30T17:00:35","slug":"me-dolio-mucho-la-muerte-de-militares-en-sinaloa-amlo","status":"publish","type":"post","link":"https:\/\/ovelanalista.com\/?p=104763","title":{"rendered":"Me doli\u00f3 mucho la muerte de militares en Sinaloa.- AMLO"},"content":{"rendered":"<p>El\u00a0<strong>Presidente Andr\u00e9s Manuel L\u00f3pez Obrador<\/strong>\u00a0afirm\u00f3 que le &#8220;doli\u00f3 mucho&#8221; la muerte de tres militares en medio de la narcoviolencia que azota a\u00a0<strong>Sinaloa<\/strong>.<\/p>\n<div id=\"Bloque_IN_SegundoTexto\">\n<div class=\"gr_texto_articulo\">Al encabezar su \u00faltimo acto de Gobierno en la\u00a0<strong>Estaci\u00f3n Chetumal<\/strong>\u00a0del\u00a0<strong>Tren Maya<\/strong>, L\u00f3pez Obrador se\u00f1al\u00f3 que los elementos buscaban evitar enfrentamientos entre criminales.<\/p>\n<p>&#8220;El viernes estuvimos en Sinaloa y me doli\u00f3 mucho cuando me informaron que, para evitar enfrentamientos entre la delincuencia organizada, para que no se hicieran da\u00f1o ellos, se le hizo da\u00f1o a un grupo de militares y fallecieron tres&#8221;, mencion\u00f3 sin revelar m\u00e1s detalles de lo sucedido.<\/p>\n<p>&#8220;Y me doli\u00f3 mucho porque est\u00e1n en el cumplimiento de su deber. Eso tiene relaci\u00f3n con una de las misiones (&#8230;) de las Fuerzas Armadas: garantizar la seguridad interior y garantizar la soberan\u00eda nacional&#8221;.<\/p><\/div>\n<\/div>\n<div id=\"Bloque_IN_TercerTexto\">\n<div class=\"gr_texto_articulo\">Sin embargo, el Presidente no hizo menci\u00f3n de las decenas de bajas civiles que ha cobrado la pugna entre dos facciones del\u00a0<strong>C\u00e1rtel de Sinaloa<\/strong>, a ra\u00edz de la detenci\u00f3n en Estados Unidos de\u00a0<strong>Ismael &#8220;El Mayo Zambada&#8221;<\/strong>.<\/p>\n<p>Hasta el s\u00e1bado pasado sumaban en la entidad 118 cr\u00edmenes en tan s\u00f3lo 19 d\u00edas, como resultado de la narcoguerra entre<strong>\u00a0&#8220;Los Chapitos&#8221;<\/strong>, hijos de\u00a0<strong>Joaqu\u00edn &#8220;El Chapo&#8221; Guzm\u00e1n<\/strong>, y los<strong>\u00a0&#8220;Mayos&#8221;<\/strong>.<\/p>\n<p>De acuerdo con la\u00a0<strong>Fiscal\u00eda de Sinaloa<\/strong>, en 2023 se contabilizaron 566 asesinatos, con lo que ahora, en menos de un mes, se registr\u00f3 m\u00e1s de una quinta parte de esa cifra.<\/p>\n<p>Las autoridades hab\u00edan reportado 350 homicidios dolosos hasta agosto pasado, previo a esta guerra.<\/p>\n<p>Entre los muertos hay cinco mujeres, dos militares, dos ex polic\u00edas municipales y al menos dos v\u00edctimas inocentes. En el caso de los desaparecidos, suman 135 v\u00edctimas en el mismo periodo.<\/p>\n<p>En presencia del\u00a0<strong>Secretario de Defensa, Luis Cresencio Sandoval<\/strong>, L\u00f3pez Obrador nuevamente hizo un amplio reconocimiento a las\u00a0<strong>Fuerzas\u00a0<\/strong><strong>Armadas<\/strong>\u00a0&#8220;por su apoyo, por su respaldo&#8221;, pero tambi\u00e9n por su contribuci\u00f3n a las obras emblem\u00e1ticas de su Gobierno, como el\u00a0<strong>Tren Maya<\/strong>\u00a0y el\u00a0<strong>AIFA<\/strong>.<\/p>\n<p>&#8220;Yo quiero tambi\u00e9n aprovechar para agradecer a las Fuerzas Armadas por su apoyo, por su respaldo&#8221;, a\u00f1adi\u00f3 ante mandos de la Sedena.<\/p>\n<p>&#8220;Ayer sub\u00ed a mi red social la labor de las Fuerzas Armadas tambi\u00e9n ayudando a los damnificados de las inundaciones en Acapulco, un militar cargando a una mujer, esa es otra imagen de nuestro Ej\u00e9rcito. Y hoy, inaugurando esta obra que, en buena medida, se debe a los ingenieros militares&#8221;.<\/p><\/div>\n<\/div>\n<div><\/div>\n<div>Con informaci\u00f3n de Reforma<\/div>\n","protected":false},"excerpt":{"rendered":"<p>El\u00a0Presidente Andr\u00e9s Manuel L\u00f3pez Obrador\u00a0afirm\u00f3 que le &#8220;doli\u00f3 mucho&#8221; la muerte de tres militares en medio de la narcoviolencia que azota a\u00a0Sinaloa. Al encabezar su \u00faltimo acto de Gobierno en la\u00a0Estaci\u00f3n Chetumal\u00a0del\u00a0Tren Maya, L\u00f3pez Obrador se\u00f1al\u00f3 que los elementos buscaban evitar enfrentamientos entre criminales. &#8220;El viernes estuvimos en Sinaloa y me doli\u00f3 mucho cuando me informaron que, para evitar enfrentamientos entre la delincuencia organizada, para que no se hicieran da\u00f1o ellos, se le hizo da\u00f1o a un grupo de militares y fallecieron tres&#8221;, mencion\u00f3 sin revelar m\u00e1s detalles de lo sucedido. &#8220;Y me doli\u00f3 mucho porque est\u00e1n en el cumplimiento [&hellip;]<\/p>\n","protected":false},"author":3,"featured_media":104770,"comment_status":"open","ping_status":"open","sticky":false,"template":"","format":"standard","meta":{"_jetpack_newsletter_access":"","_jetpack_dont_email_post_to_subs":false,"_jetpack_newsletter_tier_id":0,"_jetpack_memberships_contains_paywalled_content":false,"_jetpack_feature_clip_id":0,"_jetpack_memberships_contains_paid_content":false,"footnotes":"","jetpack_publicize_message":"","jetpack_publicize_feature_enabled":true,"jetpack_social_post_already_shared":true,"jetpack_social_options":{"image_generator_settings":{"template":"highway","default_image_id":0,"font":"","enabled":false},"version":2},"jetpack_post_was_ever_published":false},"categories":[90,72],"tags":[],"class_list":["post-104763","post","type-post","status-publish","format-standard","has-post-thumbnail","hentry","category-estatal","category-portada","post--single"],"jetpack_publicize_connections":[],"jetpack_featured_media_url":"https:\/\/ovelanalista.com\/wp-content\/uploads\/2024\/09\/amlo.webp","jetpack_sharing_enabled":true,"_links":{"self":[{"href":"https:\/\/ovelanalista.com\/index.php?rest_route=\/wp\/v2\/posts\/104763","targetHints":{"allow":["GET"]}}],"collection":[{"href":"https:\/\/ovelanalista.com\/index.php?rest_route=\/wp\/v2\/posts"}],"about":[{"href":"https:\/\/ovelanalista.com\/index.php?rest_route=\/wp\/v2\/types\/post"}],"author":[{"embeddable":true,"href":"https:\/\/ovelanalista.com\/index.php?rest_route=\/wp\/v2\/users\/3"}],"replies":[{"embeddable":true,"href":"https:\/\/ovelanalista.com\/index.php?rest_route=%2Fwp%2Fv2%2Fcomments&post=104763"}],"version-history":[{"count":1,"href":"https:\/\/ovelanalista.com\/index.php?rest_route=\/wp\/v2\/posts\/104763\/revisions"}],"predecessor-version":[{"id":104773,"href":"https:\/\/ovelanalista.com\/index.php?rest_route=\/wp\/v2\/posts\/104763\/revisions\/104773"}],"wp:featuredmedia":[{"embeddable":true,"href":"https:\/\/ovelanalista.com\/index.php?rest_route=\/wp\/v2\/media\/104770"}],"wp:attachment":[{"href":"https:\/\/ovelanalista.com\/index.php?rest_route=%2Fwp%2Fv2%2Fmedia&parent=104763"}],"wp:term":[{"taxonomy":"category","embeddable":true,"href":"https:\/\/ovelanalista.com\/index.php?rest_route=%2Fwp%2Fv2%2Fcategories&post=104763"},{"taxonomy":"post_tag","embeddable":true,"href":"https:\/\/ovelanalista.com\/index.php?rest_route=%2Fwp%2Fv2%2Ftags&post=104763"}],"curies":[{"name":"wp","href":"https:\/\/api.w.org\/{rel}","templated":true}]}}